{"id":12102,"date":"2025-09-20T19:15:00","date_gmt":"2025-09-20T17:15:00","guid":{"rendered":"https:\/\/przylep.edu.pl\/przedszkole\/?p=12102"},"modified":"2026-02-09T19:19:14","modified_gmt":"2026-02-09T18:19:14","slug":"dzien-kropki-5","status":"publish","type":"post","link":"https:\/\/przylep.edu.pl\/przedszkole\/2025\/09\/20\/dzien-kropki-5\/","title":{"rendered":"Dzie\u0144 Kropki"},"content":{"rendered":"\n<p>W klasie 2a \u015bwi\u0119towali\u015bmy Dzie\u0144 Kropki w tw\u00f3rczy i symboliczny spos\u00f3b. Dzieci wykorzysta\u0142y koszulki z zesz\u0142ego roku, kt\u00f3re wcze\u015bniej samodzielnie malowa\u0142y. W tym roku \u2013 wraz ze swoim rozwojem i nowymi umiej\u0119tno\u015bciami \u2013 nada\u0142y im nowy charakter. Uczniowie wycinali k\u00f3\u0142ka z filcu z materia\u0142\u00f3w znalezionych w klasie, a nast\u0119pnie w\u0142asnor\u0119cznie je przyszywali. Zaj\u0119cia by\u0142y okazj\u0105 do rozwijania sprawno\u015bci manualnej, kreatywno\u015bci oraz pokazania, jak z ma\u0142ej \u201ekropki\u201d mo\u017ce powsta\u0107 co\u015b wyj\u0105tkowego.<\/p>\n\n\n\n<figure class=\"wp-block-gallery has-nested-images columns-default is-cropped wp-block-gallery-1 is-layout-flex wp-block-gallery-is-layout-flex\">\n<figure class=\"wp-block-image size-large\"><img loading=\"lazy\" decoding=\"async\" width=\"768\" height=\"1024\" data-id=\"12103\" src=\"https:\/\/przylep.edu.pl\/przedszkole\/wp-content\/uploads\/2026\/02\/1ac25a1e-af55-411c-84b7-5168c8536eb9-768x1024.jpg\" alt=\"\" class=\"wp-image-12103\" srcset=\"https:\/\/przylep.edu.pl\/przedszkole\/wp-content\/uploads\/2026\/02\/1ac25a1e-af55-411c-84b7-5168c8536eb9-768x1024.jpg 768w, https:\/\/przylep.edu.pl\/przedszkole\/wp-content\/uploads\/2026\/02\/1ac25a1e-af55-411c-84b7-5168c8536eb9-225x300.jpg 225w, https:\/\/przylep.edu.pl\/przedszkole\/wp-content\/uploads\/2026\/02\/1ac25a1e-af55-411c-84b7-5168c8536eb9-1152x1536.jpg 1152w, https:\/\/przylep.edu.pl\/przedszkole\/wp-content\/uploads\/2026\/02\/1ac25a1e-af55-411c-84b7-5168c8536eb9.jpg 1536w\" sizes=\"auto, (max-width: 768px) 100vw, 768px\" \/><\/figure>\n\n\n\n<figure class=\"wp-block-image size-large\"><img loading=\"lazy\" decoding=\"async\" width=\"768\" height=\"1024\" data-id=\"12106\" src=\"https:\/\/przylep.edu.pl\/przedszkole\/wp-content\/uploads\/2026\/02\/1e787953-186b-4747-be8c-289f69d70f42-768x1024.jpg\" alt=\"\" class=\"wp-image-12106\" srcset=\"https:\/\/przylep.edu.pl\/przedszkole\/wp-content\/uploads\/2026\/02\/1e787953-186b-4747-be8c-289f69d70f42-768x1024.jpg 768w, https:\/\/przylep.edu.pl\/przedszkole\/wp-content\/uploads\/2026\/02\/1e787953-186b-4747-be8c-289f69d70f42-225x300.jpg 225w, https:\/\/przylep.edu.pl\/przedszkole\/wp-content\/uploads\/2026\/02\/1e787953-186b-4747-be8c-289f69d70f42-1152x1536.jpg 1152w, https:\/\/przylep.edu.pl\/przedszkole\/wp-content\/uploads\/2026\/02\/1e787953-186b-4747-be8c-289f69d70f42.jpg 1536w\" sizes=\"auto, (max-width: 768px) 100vw, 768px\" \/><\/figure>\n\n\n\n<figure class=\"wp-block-image size-large\"><img loading=\"lazy\" decoding=\"async\" width=\"768\" height=\"1024\" data-id=\"12107\" src=\"https:\/\/przylep.edu.pl\/przedszkole\/wp-content\/uploads\/2026\/02\/2cf69061-37ed-43e6-9181-806ce6e332ac-768x1024.jpg\" alt=\"\" class=\"wp-image-12107\" srcset=\"https:\/\/przylep.edu.pl\/przedszkole\/wp-content\/uploads\/2026\/02\/2cf69061-37ed-43e6-9181-806ce6e332ac-768x1024.jpg 768w, https:\/\/przylep.edu.pl\/przedszkole\/wp-content\/uploads\/2026\/02\/2cf69061-37ed-43e6-9181-806ce6e332ac-225x300.jpg 225w, https:\/\/przylep.edu.pl\/przedszkole\/wp-content\/uploads\/2026\/02\/2cf69061-37ed-43e6-9181-806ce6e332ac-1152x1536.jpg 1152w, https:\/\/przylep.edu.pl\/przedszkole\/wp-content\/uploads\/2026\/02\/2cf69061-37ed-43e6-9181-806ce6e332ac.jpg 1536w\" sizes=\"auto, (max-width: 768px) 100vw, 768px\" \/><\/figure>\n\n\n\n<figure class=\"wp-block-image size-large\"><img loading=\"lazy\" decoding=\"async\" width=\"768\" height=\"1024\" data-id=\"12105\" src=\"https:\/\/przylep.edu.pl\/przedszkole\/wp-content\/uploads\/2026\/02\/38bf9bc5-36c5-4ad2-9bae-343f3d6cd36d-768x1024.jpg\" alt=\"\" class=\"wp-image-12105\" srcset=\"https:\/\/przylep.edu.pl\/przedszkole\/wp-content\/uploads\/2026\/02\/38bf9bc5-36c5-4ad2-9bae-343f3d6cd36d-768x1024.jpg 768w, https:\/\/przylep.edu.pl\/przedszkole\/wp-content\/uploads\/2026\/02\/38bf9bc5-36c5-4ad2-9bae-343f3d6cd36d-225x300.jpg 225w, https:\/\/przylep.edu.pl\/przedszkole\/wp-content\/uploads\/2026\/02\/38bf9bc5-36c5-4ad2-9bae-343f3d6cd36d-1152x1536.jpg 1152w, https:\/\/przylep.edu.pl\/przedszkole\/wp-content\/uploads\/2026\/02\/38bf9bc5-36c5-4ad2-9bae-343f3d6cd36d.jpg 1536w\" sizes=\"auto, (max-width: 768px) 100vw, 768px\" \/><\/figure>\n\n\n\n<figure class=\"wp-block-image size-large\"><img loading=\"lazy\" decoding=\"async\" width=\"768\" height=\"1024\" data-id=\"12104\" src=\"https:\/\/przylep.edu.pl\/przedszkole\/wp-content\/uploads\/2026\/02\/073d54f7-e13a-443a-a5cc-2751977d83aa-768x1024.jpg\" alt=\"\" class=\"wp-image-12104\" srcset=\"https:\/\/przylep.edu.pl\/przedszkole\/wp-content\/uploads\/2026\/02\/073d54f7-e13a-443a-a5cc-2751977d83aa-768x1024.jpg 768w, https:\/\/przylep.edu.pl\/przedszkole\/wp-content\/uploads\/2026\/02\/073d54f7-e13a-443a-a5cc-2751977d83aa-225x300.jpg 225w, https:\/\/przylep.edu.pl\/przedszkole\/wp-content\/uploads\/2026\/02\/073d54f7-e13a-443a-a5cc-2751977d83aa-1152x1536.jpg 1152w, https:\/\/przylep.edu.pl\/przedszkole\/wp-content\/uploads\/2026\/02\/073d54f7-e13a-443a-a5cc-2751977d83aa.jpg 1536w\" sizes=\"auto, (max-width: 768px) 100vw, 768px\" \/><\/figure>\n<\/figure>\n\n\n\n<figure class=\"wp-block-gallery has-nested-images columns-default is-cropped wp-block-gallery-2 is-layout-flex wp-block-gallery-is-layout-flex\">\n<figure class=\"wp-block-image size-large\"><img loading=\"lazy\" decoding=\"async\" width=\"768\" height=\"1024\" data-id=\"12108\" src=\"https:\/\/przylep.edu.pl\/przedszkole\/wp-content\/uploads\/2026\/02\/640de2d3-4637-4575-98aa-9052d834a5a7-768x1024.jpg\" alt=\"\" class=\"wp-image-12108\" srcset=\"https:\/\/przylep.edu.pl\/przedszkole\/wp-content\/uploads\/2026\/02\/640de2d3-4637-4575-98aa-9052d834a5a7-768x1024.jpg 768w, https:\/\/przylep.edu.pl\/przedszkole\/wp-content\/uploads\/2026\/02\/640de2d3-4637-4575-98aa-9052d834a5a7-225x300.jpg 225w, https:\/\/przylep.edu.pl\/przedszkole\/wp-content\/uploads\/2026\/02\/640de2d3-4637-4575-98aa-9052d834a5a7-1152x1536.jpg 1152w, https:\/\/przylep.edu.pl\/przedszkole\/wp-content\/uploads\/2026\/02\/640de2d3-4637-4575-98aa-9052d834a5a7.jpg 1536w\" sizes=\"auto, (max-width: 768px) 100vw, 768px\" \/><\/figure>\n\n\n\n<figure class=\"wp-block-image size-large\"><img loading=\"lazy\" decoding=\"async\" width=\"768\" height=\"1024\" data-id=\"12112\" src=\"https:\/\/przylep.edu.pl\/przedszkole\/wp-content\/uploads\/2026\/02\/ce722e90-ea80-4709-af61-09108b26fc37-768x1024.jpg\" alt=\"\" class=\"wp-image-12112\" srcset=\"https:\/\/przylep.edu.pl\/przedszkole\/wp-content\/uploads\/2026\/02\/ce722e90-ea80-4709-af61-09108b26fc37-768x1024.jpg 768w, https:\/\/przylep.edu.pl\/przedszkole\/wp-content\/uploads\/2026\/02\/ce722e90-ea80-4709-af61-09108b26fc37-225x300.jpg 225w, https:\/\/przylep.edu.pl\/przedszkole\/wp-content\/uploads\/2026\/02\/ce722e90-ea80-4709-af61-09108b26fc37-1152x1536.jpg 1152w, https:\/\/przylep.edu.pl\/przedszkole\/wp-content\/uploads\/2026\/02\/ce722e90-ea80-4709-af61-09108b26fc37.jpg 1536w\" sizes=\"auto, (max-width: 768px) 100vw, 768px\" \/><\/figure>\n\n\n\n<figure class=\"wp-block-image size-large\"><img loading=\"lazy\" decoding=\"async\" width=\"1024\" height=\"768\" data-id=\"12109\" src=\"https:\/\/przylep.edu.pl\/przedszkole\/wp-content\/uploads\/2026\/02\/70349822-d3f1-44e0-aed0-ddf009f23fd7-1024x768.jpg\" alt=\"\" class=\"wp-image-12109\" srcset=\"https:\/\/przylep.edu.pl\/przedszkole\/wp-content\/uploads\/2026\/02\/70349822-d3f1-44e0-aed0-ddf009f23fd7-1024x768.jpg 1024w, https:\/\/przylep.edu.pl\/przedszkole\/wp-content\/uploads\/2026\/02\/70349822-d3f1-44e0-aed0-ddf009f23fd7-300x225.jpg 300w, https:\/\/przylep.edu.pl\/przedszkole\/wp-content\/uploads\/2026\/02\/70349822-d3f1-44e0-aed0-ddf009f23fd7-768x576.jpg 768w, https:\/\/przylep.edu.pl\/przedszkole\/wp-content\/uploads\/2026\/02\/70349822-d3f1-44e0-aed0-ddf009f23fd7-1536x1152.jpg 1536w, https:\/\/przylep.edu.pl\/przedszkole\/wp-content\/uploads\/2026\/02\/70349822-d3f1-44e0-aed0-ddf009f23fd7-600x450.jpg 600w, https:\/\/przylep.edu.pl\/przedszkole\/wp-content\/uploads\/2026\/02\/70349822-d3f1-44e0-aed0-ddf009f23fd7.jpg 2048w\" sizes=\"auto, (max-width: 1024px) 100vw, 1024px\" \/><\/figure>\n\n\n\n<figure class=\"wp-block-image size-large\"><img loading=\"lazy\" decoding=\"async\" width=\"768\" height=\"1024\" data-id=\"12110\" src=\"https:\/\/przylep.edu.pl\/przedszkole\/wp-content\/uploads\/2026\/02\/afb83369-fd78-459a-9329-a3481709a0c9-768x1024.jpg\" alt=\"\" class=\"wp-image-12110\" srcset=\"https:\/\/przylep.edu.pl\/przedszkole\/wp-content\/uploads\/2026\/02\/afb83369-fd78-459a-9329-a3481709a0c9-768x1024.jpg 768w, https:\/\/przylep.edu.pl\/przedszkole\/wp-content\/uploads\/2026\/02\/afb83369-fd78-459a-9329-a3481709a0c9-225x300.jpg 225w, https:\/\/przylep.edu.pl\/przedszkole\/wp-content\/uploads\/2026\/02\/afb83369-fd78-459a-9329-a3481709a0c9-1152x1536.jpg 1152w, https:\/\/przylep.edu.pl\/przedszkole\/wp-content\/uploads\/2026\/02\/afb83369-fd78-459a-9329-a3481709a0c9.jpg 1536w\" sizes=\"auto, (max-width: 768px) 100vw, 768px\" \/><\/figure>\n<\/figure>\n\n\n\n<figure class=\"wp-block-image size-large\"><img loading=\"lazy\" decoding=\"async\" width=\"1024\" height=\"768\" src=\"https:\/\/przylep.edu.pl\/przedszkole\/wp-content\/uploads\/2026\/02\/b931c831-e32f-4492-8dfd-ac014a2cf194-1024x768.jpg\" alt=\"\" class=\"wp-image-12111\" srcset=\"https:\/\/przylep.edu.pl\/przedszkole\/wp-content\/uploads\/2026\/02\/b931c831-e32f-4492-8dfd-ac014a2cf194-1024x768.jpg 1024w, https:\/\/przylep.edu.pl\/przedszkole\/wp-content\/uploads\/2026\/02\/b931c831-e32f-4492-8dfd-ac014a2cf194-300x225.jpg 300w, https:\/\/przylep.edu.pl\/przedszkole\/wp-content\/uploads\/2026\/02\/b931c831-e32f-4492-8dfd-ac014a2cf194-768x576.jpg 768w, https:\/\/przylep.edu.pl\/przedszkole\/wp-content\/uploads\/2026\/02\/b931c831-e32f-4492-8dfd-ac014a2cf194-1536x1152.jpg 1536w, https:\/\/przylep.edu.pl\/przedszkole\/wp-content\/uploads\/2026\/02\/b931c831-e32f-4492-8dfd-ac014a2cf194-600x450.jpg 600w, https:\/\/przylep.edu.pl\/przedszkole\/wp-content\/uploads\/2026\/02\/b931c831-e32f-4492-8dfd-ac014a2cf194.jpg 2048w\" sizes=\"auto, (max-width: 1024px) 100vw, 1024px\" \/><\/figure>\n","protected":false},"excerpt":{"rendered":"<p>W klasie 2a \u015bwi\u0119towali\u015bmy Dzie\u0144 Kropki w tw\u00f3rczy i symboliczny spos\u00f3b. Dzieci wykorzysta\u0142y koszulki z zesz\u0142ego roku, kt\u00f3re wcze\u015bniej samodzielnie malowa\u0142y. W tym roku \u2013 wraz ze swoim rozwojem i nowymi umiej\u0119tno\u015bciami \u2013 nada\u0142y im nowy charakter. Uczniowie wycinali k\u00f3\u0142ka z filcu z materia\u0142\u00f3w znalezionych w klasie, a nast\u0119pnie w\u0142asnor\u0119cznie je przyszywali. Zaj\u0119cia by\u0142y okazj\u0105 [&hellip;]<\/p>\n","protected":false},"author":2,"featured_media":12113,"comment_status":"closed","ping_status":"open","sticky":false,"template":"","format":"standard","meta":{"footnotes":""},"categories":[45,41,40],"tags":[],"class_list":["post-12102","post","type-post","status-publish","format-standard","has-post-thumbnail","hentry","category-aktualnosci","category-galerie","category-strona-glowna"],"_links":{"self":[{"href":"https:\/\/przylep.edu.pl\/przedszkole\/wp-json\/wp\/v2\/posts\/12102","targetHints":{"allow":["GET"]}}],"collection":[{"href":"https:\/\/przylep.edu.pl\/przedszkole\/wp-json\/wp\/v2\/posts"}],"about":[{"href":"https:\/\/przylep.edu.pl\/przedszkole\/wp-json\/wp\/v2\/types\/post"}],"author":[{"embeddable":true,"href":"https:\/\/przylep.edu.pl\/przedszkole\/wp-json\/wp\/v2\/users\/2"}],"replies":[{"embeddable":true,"href":"https:\/\/przylep.edu.pl\/przedszkole\/wp-json\/wp\/v2\/comments?post=12102"}],"version-history":[{"count":1,"href":"https:\/\/przylep.edu.pl\/przedszkole\/wp-json\/wp\/v2\/posts\/12102\/revisions"}],"predecessor-version":[{"id":12114,"href":"https:\/\/przylep.edu.pl\/przedszkole\/wp-json\/wp\/v2\/posts\/12102\/revisions\/12114"}],"wp:featuredmedia":[{"embeddable":true,"href":"https:\/\/przylep.edu.pl\/przedszkole\/wp-json\/wp\/v2\/media\/12113"}],"wp:attachment":[{"href":"https:\/\/przylep.edu.pl\/przedszkole\/wp-json\/wp\/v2\/media?parent=12102"}],"wp:term":[{"taxonomy":"category","embeddable":true,"href":"https:\/\/przylep.edu.pl\/przedszkole\/wp-json\/wp\/v2\/categories?post=12102"},{"taxonomy":"post_tag","embeddable":true,"href":"https:\/\/przylep.edu.pl\/przedszkole\/wp-json\/wp\/v2\/tags?post=12102"}],"curies":[{"name":"wp","href":"https:\/\/api.w.org\/{rel}","templated":true}]}}