{"id":12074,"date":"2025-11-15T10:04:13","date_gmt":"2025-11-15T09:04:13","guid":{"rendered":"https:\/\/przylep.edu.pl\/przedszkole\/?p=12074"},"modified":"2026-01-15T10:22:59","modified_gmt":"2026-01-15T09:22:59","slug":"wizyta-kl-3a-w-fabryce-wody","status":"publish","type":"post","link":"https:\/\/przylep.edu.pl\/przedszkole\/2025\/11\/15\/wizyta-kl-3a-w-fabryce-wody\/","title":{"rendered":"Wizyta kl 3a w &#8222;Fabryce Wody&#8221;"},"content":{"rendered":"\n<p>14 listopada, klasa 3a wybra\u0142a si\u0119 do &#8222;Fabryki Wody&#8221;. Uczniowie sami wykonywali do\u015bwiadczenia, dotykali, sprawdzali, ogl\u0105dali i uwa\u017cnie s\u0142uchali. By\u0142o du\u017co ciekawych eksponat\u00f3w oraz ciekawej wiedzy o wodzie zdobytej podczas zabawy i za ma\u0142o czasu na wszystkie atrakcje. To by\u0142a udana wycieczka , wi\u0119c ch\u0119tnie jeszcze wr\u00f3cimy, \u017ceby poznawa\u0107 kolejne tajemnice wodnego \u015bwiata.<\/p>\n\n\n\n<figure class=\"wp-block-gallery has-nested-images columns-default is-cropped wp-block-gallery-1 is-layout-flex wp-block-gallery-is-layout-flex\">\n<figure class=\"wp-block-image size-large\"><img loading=\"lazy\" decoding=\"async\" width=\"1024\" height=\"768\" data-id=\"12075\" src=\"https:\/\/przylep.edu.pl\/przedszkole\/wp-content\/uploads\/2026\/01\/WhatsApp-Image-2026-01-15-at-09.01.56-1-1024x768.jpeg\" alt=\"\" class=\"wp-image-12075\" srcset=\"https:\/\/przylep.edu.pl\/przedszkole\/wp-content\/uploads\/2026\/01\/WhatsApp-Image-2026-01-15-at-09.01.56-1-1024x768.jpeg 1024w, https:\/\/przylep.edu.pl\/przedszkole\/wp-content\/uploads\/2026\/01\/WhatsApp-Image-2026-01-15-at-09.01.56-1-300x225.jpeg 300w, https:\/\/przylep.edu.pl\/przedszkole\/wp-content\/uploads\/2026\/01\/WhatsApp-Image-2026-01-15-at-09.01.56-1-768x576.jpeg 768w, https:\/\/przylep.edu.pl\/przedszkole\/wp-content\/uploads\/2026\/01\/WhatsApp-Image-2026-01-15-at-09.01.56-1-1536x1152.jpeg 1536w, https:\/\/przylep.edu.pl\/przedszkole\/wp-content\/uploads\/2026\/01\/WhatsApp-Image-2026-01-15-at-09.01.56-1-600x450.jpeg 600w, https:\/\/przylep.edu.pl\/przedszkole\/wp-content\/uploads\/2026\/01\/WhatsApp-Image-2026-01-15-at-09.01.56-1.jpeg 1600w\" sizes=\"auto, (max-width: 1024px) 100vw, 1024px\" \/><\/figure>\n\n\n\n<figure class=\"wp-block-image size-large\"><img loading=\"lazy\" decoding=\"async\" width=\"1024\" height=\"768\" data-id=\"12082\" src=\"https:\/\/przylep.edu.pl\/przedszkole\/wp-content\/uploads\/2026\/01\/WhatsApp-Image-2026-01-15-at-09.01.56-2-1024x768.jpeg\" alt=\"\" class=\"wp-image-12082\" srcset=\"https:\/\/przylep.edu.pl\/przedszkole\/wp-content\/uploads\/2026\/01\/WhatsApp-Image-2026-01-15-at-09.01.56-2-1024x768.jpeg 1024w, https:\/\/przylep.edu.pl\/przedszkole\/wp-content\/uploads\/2026\/01\/WhatsApp-Image-2026-01-15-at-09.01.56-2-300x225.jpeg 300w, https:\/\/przylep.edu.pl\/przedszkole\/wp-content\/uploads\/2026\/01\/WhatsApp-Image-2026-01-15-at-09.01.56-2-768x576.jpeg 768w, https:\/\/przylep.edu.pl\/przedszkole\/wp-content\/uploads\/2026\/01\/WhatsApp-Image-2026-01-15-at-09.01.56-2-1536x1152.jpeg 1536w, https:\/\/przylep.edu.pl\/przedszkole\/wp-content\/uploads\/2026\/01\/WhatsApp-Image-2026-01-15-at-09.01.56-2-600x450.jpeg 600w, https:\/\/przylep.edu.pl\/przedszkole\/wp-content\/uploads\/2026\/01\/WhatsApp-Image-2026-01-15-at-09.01.56-2.jpeg 1600w\" sizes=\"auto, (max-width: 1024px) 100vw, 1024px\" \/><\/figure>\n\n\n\n<figure class=\"wp-block-image size-large\"><img loading=\"lazy\" decoding=\"async\" width=\"768\" height=\"1024\" data-id=\"12078\" src=\"https:\/\/przylep.edu.pl\/przedszkole\/wp-content\/uploads\/2026\/01\/WhatsApp-Image-2026-01-15-at-09.01.56-768x1024.jpeg\" alt=\"\" class=\"wp-image-12078\" srcset=\"https:\/\/przylep.edu.pl\/przedszkole\/wp-content\/uploads\/2026\/01\/WhatsApp-Image-2026-01-15-at-09.01.56-768x1024.jpeg 768w, https:\/\/przylep.edu.pl\/przedszkole\/wp-content\/uploads\/2026\/01\/WhatsApp-Image-2026-01-15-at-09.01.56-225x300.jpeg 225w, https:\/\/przylep.edu.pl\/przedszkole\/wp-content\/uploads\/2026\/01\/WhatsApp-Image-2026-01-15-at-09.01.56-1152x1536.jpeg 1152w, https:\/\/przylep.edu.pl\/przedszkole\/wp-content\/uploads\/2026\/01\/WhatsApp-Image-2026-01-15-at-09.01.56.jpeg 1200w\" sizes=\"auto, (max-width: 768px) 100vw, 768px\" \/><\/figure>\n\n\n\n<figure class=\"wp-block-image size-large\"><img loading=\"lazy\" decoding=\"async\" width=\"768\" height=\"1024\" data-id=\"12083\" src=\"https:\/\/przylep.edu.pl\/przedszkole\/wp-content\/uploads\/2026\/01\/WhatsApp-Image-2026-01-15-at-09.01.57-1-768x1024.jpeg\" alt=\"\" class=\"wp-image-12083\" srcset=\"https:\/\/przylep.edu.pl\/przedszkole\/wp-content\/uploads\/2026\/01\/WhatsApp-Image-2026-01-15-at-09.01.57-1-768x1024.jpeg 768w, https:\/\/przylep.edu.pl\/przedszkole\/wp-content\/uploads\/2026\/01\/WhatsApp-Image-2026-01-15-at-09.01.57-1-225x300.jpeg 225w, https:\/\/przylep.edu.pl\/przedszkole\/wp-content\/uploads\/2026\/01\/WhatsApp-Image-2026-01-15-at-09.01.57-1-1152x1536.jpeg 1152w, https:\/\/przylep.edu.pl\/przedszkole\/wp-content\/uploads\/2026\/01\/WhatsApp-Image-2026-01-15-at-09.01.57-1.jpeg 1200w\" sizes=\"auto, (max-width: 768px) 100vw, 768px\" \/><\/figure>\n\n\n\n<figure class=\"wp-block-image size-large\"><img loading=\"lazy\" decoding=\"async\" width=\"1024\" height=\"768\" data-id=\"12076\" src=\"https:\/\/przylep.edu.pl\/przedszkole\/wp-content\/uploads\/2026\/01\/WhatsApp-Image-2026-01-15-at-09.01.57-2-1024x768.jpeg\" alt=\"\" class=\"wp-image-12076\" srcset=\"https:\/\/przylep.edu.pl\/przedszkole\/wp-content\/uploads\/2026\/01\/WhatsApp-Image-2026-01-15-at-09.01.57-2-1024x768.jpeg 1024w, https:\/\/przylep.edu.pl\/przedszkole\/wp-content\/uploads\/2026\/01\/WhatsApp-Image-2026-01-15-at-09.01.57-2-300x225.jpeg 300w, https:\/\/przylep.edu.pl\/przedszkole\/wp-content\/uploads\/2026\/01\/WhatsApp-Image-2026-01-15-at-09.01.57-2-768x576.jpeg 768w, https:\/\/przylep.edu.pl\/przedszkole\/wp-content\/uploads\/2026\/01\/WhatsApp-Image-2026-01-15-at-09.01.57-2-1536x1152.jpeg 1536w, https:\/\/przylep.edu.pl\/przedszkole\/wp-content\/uploads\/2026\/01\/WhatsApp-Image-2026-01-15-at-09.01.57-2-600x450.jpeg 600w, https:\/\/przylep.edu.pl\/przedszkole\/wp-content\/uploads\/2026\/01\/WhatsApp-Image-2026-01-15-at-09.01.57-2.jpeg 1600w\" sizes=\"auto, (max-width: 1024px) 100vw, 1024px\" \/><\/figure>\n\n\n\n<figure class=\"wp-block-image size-large\"><img loading=\"lazy\" decoding=\"async\" width=\"1024\" height=\"768\" data-id=\"12077\" src=\"https:\/\/przylep.edu.pl\/przedszkole\/wp-content\/uploads\/2026\/01\/WhatsApp-Image-2026-01-15-at-09.01.57-1024x768.jpeg\" alt=\"\" class=\"wp-image-12077\" srcset=\"https:\/\/przylep.edu.pl\/przedszkole\/wp-content\/uploads\/2026\/01\/WhatsApp-Image-2026-01-15-at-09.01.57-1024x768.jpeg 1024w, https:\/\/przylep.edu.pl\/przedszkole\/wp-content\/uploads\/2026\/01\/WhatsApp-Image-2026-01-15-at-09.01.57-300x225.jpeg 300w, https:\/\/przylep.edu.pl\/przedszkole\/wp-content\/uploads\/2026\/01\/WhatsApp-Image-2026-01-15-at-09.01.57-768x576.jpeg 768w, https:\/\/przylep.edu.pl\/przedszkole\/wp-content\/uploads\/2026\/01\/WhatsApp-Image-2026-01-15-at-09.01.57-1536x1152.jpeg 1536w, https:\/\/przylep.edu.pl\/przedszkole\/wp-content\/uploads\/2026\/01\/WhatsApp-Image-2026-01-15-at-09.01.57-600x450.jpeg 600w, https:\/\/przylep.edu.pl\/przedszkole\/wp-content\/uploads\/2026\/01\/WhatsApp-Image-2026-01-15-at-09.01.57.jpeg 1600w\" sizes=\"auto, (max-width: 1024px) 100vw, 1024px\" \/><\/figure>\n\n\n\n<figure class=\"wp-block-image size-large\"><img loading=\"lazy\" decoding=\"async\" width=\"768\" height=\"1024\" data-id=\"12080\" src=\"https:\/\/przylep.edu.pl\/przedszkole\/wp-content\/uploads\/2026\/01\/WhatsApp-Image-2026-01-15-at-09.01.58-1-768x1024.jpeg\" alt=\"\" class=\"wp-image-12080\" srcset=\"https:\/\/przylep.edu.pl\/przedszkole\/wp-content\/uploads\/2026\/01\/WhatsApp-Image-2026-01-15-at-09.01.58-1-768x1024.jpeg 768w, https:\/\/przylep.edu.pl\/przedszkole\/wp-content\/uploads\/2026\/01\/WhatsApp-Image-2026-01-15-at-09.01.58-1-225x300.jpeg 225w, https:\/\/przylep.edu.pl\/przedszkole\/wp-content\/uploads\/2026\/01\/WhatsApp-Image-2026-01-15-at-09.01.58-1-1152x1536.jpeg 1152w, https:\/\/przylep.edu.pl\/przedszkole\/wp-content\/uploads\/2026\/01\/WhatsApp-Image-2026-01-15-at-09.01.58-1.jpeg 1200w\" sizes=\"auto, (max-width: 768px) 100vw, 768px\" \/><\/figure>\n\n\n\n<figure class=\"wp-block-image size-large\"><img loading=\"lazy\" decoding=\"async\" width=\"768\" height=\"1024\" data-id=\"12081\" src=\"https:\/\/przylep.edu.pl\/przedszkole\/wp-content\/uploads\/2026\/01\/WhatsApp-Image-2026-01-15-at-09.01.58-768x1024.jpeg\" alt=\"\" class=\"wp-image-12081\" srcset=\"https:\/\/przylep.edu.pl\/przedszkole\/wp-content\/uploads\/2026\/01\/WhatsApp-Image-2026-01-15-at-09.01.58-768x1024.jpeg 768w, https:\/\/przylep.edu.pl\/przedszkole\/wp-content\/uploads\/2026\/01\/WhatsApp-Image-2026-01-15-at-09.01.58-225x300.jpeg 225w, https:\/\/przylep.edu.pl\/przedszkole\/wp-content\/uploads\/2026\/01\/WhatsApp-Image-2026-01-15-at-09.01.58-1152x1536.jpeg 1152w, https:\/\/przylep.edu.pl\/przedszkole\/wp-content\/uploads\/2026\/01\/WhatsApp-Image-2026-01-15-at-09.01.58.jpeg 1200w\" sizes=\"auto, (max-width: 768px) 100vw, 768px\" \/><\/figure>\n\n\n\n<figure class=\"wp-block-image size-large\"><img loading=\"lazy\" decoding=\"async\" width=\"768\" height=\"1024\" data-id=\"12079\" src=\"https:\/\/przylep.edu.pl\/przedszkole\/wp-content\/uploads\/2026\/01\/WhatsApp-Image-2026-01-15-at-09.01.59-768x1024.jpeg\" alt=\"\" class=\"wp-image-12079\" srcset=\"https:\/\/przylep.edu.pl\/przedszkole\/wp-content\/uploads\/2026\/01\/WhatsApp-Image-2026-01-15-at-09.01.59-768x1024.jpeg 768w, https:\/\/przylep.edu.pl\/przedszkole\/wp-content\/uploads\/2026\/01\/WhatsApp-Image-2026-01-15-at-09.01.59-225x300.jpeg 225w, https:\/\/przylep.edu.pl\/przedszkole\/wp-content\/uploads\/2026\/01\/WhatsApp-Image-2026-01-15-at-09.01.59-1152x1536.jpeg 1152w, https:\/\/przylep.edu.pl\/przedszkole\/wp-content\/uploads\/2026\/01\/WhatsApp-Image-2026-01-15-at-09.01.59.jpeg 1200w\" sizes=\"auto, (max-width: 768px) 100vw, 768px\" \/><\/figure>\n<\/figure>\n","protected":false},"excerpt":{"rendered":"<p>14 listopada, klasa 3a wybra\u0142a si\u0119 do &#8222;Fabryki Wody&#8221;. Uczniowie sami wykonywali do\u015bwiadczenia, dotykali, sprawdzali, ogl\u0105dali i uwa\u017cnie s\u0142uchali. By\u0142o du\u017co ciekawych eksponat\u00f3w oraz ciekawej wiedzy o wodzie zdobytej podczas zabawy i za ma\u0142o czasu na wszystkie atrakcje. To by\u0142a udana wycieczka , wi\u0119c ch\u0119tnie jeszcze wr\u00f3cimy, \u017ceby poznawa\u0107 kolejne tajemnice wodnego \u015bwiata.<\/p>\n","protected":false},"author":2,"featured_media":12084,"comment_status":"closed","ping_status":"open","sticky":false,"template":"","format":"standard","meta":{"footnotes":""},"categories":[45,41,40],"tags":[],"class_list":["post-12074","post","type-post","status-publish","format-standard","has-post-thumbnail","hentry","category-aktualnosci","category-galerie","category-strona-glowna"],"_links":{"self":[{"href":"https:\/\/przylep.edu.pl\/przedszkole\/wp-json\/wp\/v2\/posts\/12074","targetHints":{"allow":["GET"]}}],"collection":[{"href":"https:\/\/przylep.edu.pl\/przedszkole\/wp-json\/wp\/v2\/posts"}],"about":[{"href":"https:\/\/przylep.edu.pl\/przedszkole\/wp-json\/wp\/v2\/types\/post"}],"author":[{"embeddable":true,"href":"https:\/\/przylep.edu.pl\/przedszkole\/wp-json\/wp\/v2\/users\/2"}],"replies":[{"embeddable":true,"href":"https:\/\/przylep.edu.pl\/przedszkole\/wp-json\/wp\/v2\/comments?post=12074"}],"version-history":[{"count":1,"href":"https:\/\/przylep.edu.pl\/przedszkole\/wp-json\/wp\/v2\/posts\/12074\/revisions"}],"predecessor-version":[{"id":12085,"href":"https:\/\/przylep.edu.pl\/przedszkole\/wp-json\/wp\/v2\/posts\/12074\/revisions\/12085"}],"wp:featuredmedia":[{"embeddable":true,"href":"https:\/\/przylep.edu.pl\/przedszkole\/wp-json\/wp\/v2\/media\/12084"}],"wp:attachment":[{"href":"https:\/\/przylep.edu.pl\/przedszkole\/wp-json\/wp\/v2\/media?parent=12074"}],"wp:term":[{"taxonomy":"category","embeddable":true,"href":"https:\/\/przylep.edu.pl\/przedszkole\/wp-json\/wp\/v2\/categories?post=12074"},{"taxonomy":"post_tag","embeddable":true,"href":"https:\/\/przylep.edu.pl\/przedszkole\/wp-json\/wp\/v2\/tags?post=12074"}],"curies":[{"name":"wp","href":"https:\/\/api.w.org\/{rel}","templated":true}]}}