{"id":12004,"date":"2025-12-05T10:22:56","date_gmt":"2025-12-05T09:22:56","guid":{"rendered":"https:\/\/przylep.edu.pl\/przedszkole\/?p=12004"},"modified":"2025-12-11T10:33:38","modified_gmt":"2025-12-11T09:33:38","slug":"kolorowy-tydzien-dzien-czerwony","status":"publish","type":"post","link":"https:\/\/przylep.edu.pl\/przedszkole\/2025\/12\/05\/kolorowy-tydzien-dzien-czerwony\/","title":{"rendered":"Kolorowy Tydzie\u0144- Dzie\u0144 Czerwony"},"content":{"rendered":"\n<p>W naszej szkole trwa\u0142 \u201eKolorowy tydzie\u0144\u201d. Ostatni dzie\u0144 up\u0142yn\u0105\u0142 pod znakiem koloru czerwonego. Ca\u0142a szko\u0142a zamieni\u0142a si\u0119 w czerwone, \u015bwi\u0105teczne miejsce \u2013 korytarze, sale i przede wszystkim uczniowie, kt\u00f3rzy przyszli ubrani na czerwono.<\/p>\n\n\n\n<p>Tego dnia uczniowie obdarowywali si\u0119 drobnymi prezentami, sprawiaj\u0105c sobie nawzajem wiele rado\u015bci. Odwiedzi\u0142 nas tak\u017ce Miko\u0142aj, kt\u00f3ry wprowadzi\u0142 jeszcze wi\u0119cej u\u015bmiechu i \u015bwi\u0105tecznej atmosfery. To by\u0142 wyj\u0105tkowy, pe\u0142en ciep\u0142a i \u017cyczliwo\u015bci fina\u0142 naszego \u201eKolorowego tygodnia\u201d.<\/p>\n\n\n\n<figure class=\"wp-block-gallery has-nested-images columns-default is-cropped wp-block-gallery-1 is-layout-flex wp-block-gallery-is-layout-flex\">\n<figure class=\"wp-block-image size-large\"><img loading=\"lazy\" decoding=\"async\" width=\"768\" height=\"1024\" data-id=\"12005\" src=\"https:\/\/przylep.edu.pl\/przedszkole\/wp-content\/uploads\/2025\/12\/593426624_1558880332231006_1171303033240643980_n-768x1024.jpg\" alt=\"\" class=\"wp-image-12005\" srcset=\"https:\/\/przylep.edu.pl\/przedszkole\/wp-content\/uploads\/2025\/12\/593426624_1558880332231006_1171303033240643980_n-768x1024.jpg 768w, https:\/\/przylep.edu.pl\/przedszkole\/wp-content\/uploads\/2025\/12\/593426624_1558880332231006_1171303033240643980_n-225x300.jpg 225w, https:\/\/przylep.edu.pl\/przedszkole\/wp-content\/uploads\/2025\/12\/593426624_1558880332231006_1171303033240643980_n-1152x1536.jpg 1152w, https:\/\/przylep.edu.pl\/przedszkole\/wp-content\/uploads\/2025\/12\/593426624_1558880332231006_1171303033240643980_n.jpg 1536w\" sizes=\"auto, (max-width: 768px) 100vw, 768px\" \/><\/figure>\n\n\n\n<figure class=\"wp-block-image size-large\"><img loading=\"lazy\" decoding=\"async\" width=\"1024\" height=\"1024\" data-id=\"12007\" src=\"https:\/\/przylep.edu.pl\/przedszkole\/wp-content\/uploads\/2025\/12\/WhatsApp-Image-2025-12-05-at-10.23.53-1-1024x1024.jpeg\" alt=\"\" class=\"wp-image-12007\" srcset=\"https:\/\/przylep.edu.pl\/przedszkole\/wp-content\/uploads\/2025\/12\/WhatsApp-Image-2025-12-05-at-10.23.53-1-1024x1024.jpeg 1024w, https:\/\/przylep.edu.pl\/przedszkole\/wp-content\/uploads\/2025\/12\/WhatsApp-Image-2025-12-05-at-10.23.53-1-300x300.jpeg 300w, https:\/\/przylep.edu.pl\/przedszkole\/wp-content\/uploads\/2025\/12\/WhatsApp-Image-2025-12-05-at-10.23.53-1-150x150.jpeg 150w, https:\/\/przylep.edu.pl\/przedszkole\/wp-content\/uploads\/2025\/12\/WhatsApp-Image-2025-12-05-at-10.23.53-1-768x768.jpeg 768w, https:\/\/przylep.edu.pl\/przedszkole\/wp-content\/uploads\/2025\/12\/WhatsApp-Image-2025-12-05-at-10.23.53-1-1536x1536.jpeg 1536w, https:\/\/przylep.edu.pl\/przedszkole\/wp-content\/uploads\/2025\/12\/WhatsApp-Image-2025-12-05-at-10.23.53-1-600x600.jpeg 600w, https:\/\/przylep.edu.pl\/przedszkole\/wp-content\/uploads\/2025\/12\/WhatsApp-Image-2025-12-05-at-10.23.53-1.jpeg 2048w\" sizes=\"auto, (max-width: 1024px) 100vw, 1024px\" \/><\/figure>\n<\/figure>\n\n\n\n<figure class=\"wp-block-gallery has-nested-images columns-default is-cropped wp-block-gallery-2 is-layout-flex wp-block-gallery-is-layout-flex\">\n<figure class=\"wp-block-image size-large\"><img loading=\"lazy\" decoding=\"async\" width=\"1024\" height=\"768\" data-id=\"12006\" src=\"https:\/\/przylep.edu.pl\/przedszkole\/wp-content\/uploads\/2025\/12\/591714797_1165766832340996_4184178178830212978_n-1024x768.jpg\" alt=\"\" class=\"wp-image-12006\" srcset=\"https:\/\/przylep.edu.pl\/przedszkole\/wp-content\/uploads\/2025\/12\/591714797_1165766832340996_4184178178830212978_n-1024x768.jpg 1024w, https:\/\/przylep.edu.pl\/przedszkole\/wp-content\/uploads\/2025\/12\/591714797_1165766832340996_4184178178830212978_n-300x225.jpg 300w, https:\/\/przylep.edu.pl\/przedszkole\/wp-content\/uploads\/2025\/12\/591714797_1165766832340996_4184178178830212978_n-768x576.jpg 768w, https:\/\/przylep.edu.pl\/przedszkole\/wp-content\/uploads\/2025\/12\/591714797_1165766832340996_4184178178830212978_n-1536x1152.jpg 1536w, https:\/\/przylep.edu.pl\/przedszkole\/wp-content\/uploads\/2025\/12\/591714797_1165766832340996_4184178178830212978_n-600x450.jpg 600w, https:\/\/przylep.edu.pl\/przedszkole\/wp-content\/uploads\/2025\/12\/591714797_1165766832340996_4184178178830212978_n.jpg 2048w\" sizes=\"auto, (max-width: 1024px) 100vw, 1024px\" \/><\/figure>\n<\/figure>\n\n\n\n<figure class=\"wp-block-gallery has-nested-images columns-default is-cropped wp-block-gallery-3 is-layout-flex wp-block-gallery-is-layout-flex\">\n<figure class=\"wp-block-image size-large\"><img loading=\"lazy\" decoding=\"async\" width=\"1024\" height=\"1024\" data-id=\"12009\" src=\"https:\/\/przylep.edu.pl\/przedszkole\/wp-content\/uploads\/2025\/12\/WhatsApp-Image-2025-12-05-at-10.23.53-1024x1024.jpeg\" alt=\"\" class=\"wp-image-12009\" srcset=\"https:\/\/przylep.edu.pl\/przedszkole\/wp-content\/uploads\/2025\/12\/WhatsApp-Image-2025-12-05-at-10.23.53-1024x1024.jpeg 1024w, https:\/\/przylep.edu.pl\/przedszkole\/wp-content\/uploads\/2025\/12\/WhatsApp-Image-2025-12-05-at-10.23.53-300x300.jpeg 300w, https:\/\/przylep.edu.pl\/przedszkole\/wp-content\/uploads\/2025\/12\/WhatsApp-Image-2025-12-05-at-10.23.53-150x150.jpeg 150w, https:\/\/przylep.edu.pl\/przedszkole\/wp-content\/uploads\/2025\/12\/WhatsApp-Image-2025-12-05-at-10.23.53-768x768.jpeg 768w, https:\/\/przylep.edu.pl\/przedszkole\/wp-content\/uploads\/2025\/12\/WhatsApp-Image-2025-12-05-at-10.23.53-600x600.jpeg 600w, https:\/\/przylep.edu.pl\/przedszkole\/wp-content\/uploads\/2025\/12\/WhatsApp-Image-2025-12-05-at-10.23.53.jpeg 1496w\" sizes=\"auto, (max-width: 1024px) 100vw, 1024px\" \/><\/figure>\n\n\n\n<figure class=\"wp-block-image size-large\"><img loading=\"lazy\" decoding=\"async\" width=\"768\" height=\"1024\" data-id=\"12013\" src=\"https:\/\/przylep.edu.pl\/przedszkole\/wp-content\/uploads\/2025\/12\/WhatsApp-Image-2025-12-05-at-10.58.24-768x1024.jpeg\" alt=\"\" class=\"wp-image-12013\" srcset=\"https:\/\/przylep.edu.pl\/przedszkole\/wp-content\/uploads\/2025\/12\/WhatsApp-Image-2025-12-05-at-10.58.24-768x1024.jpeg 768w, https:\/\/przylep.edu.pl\/przedszkole\/wp-content\/uploads\/2025\/12\/WhatsApp-Image-2025-12-05-at-10.58.24-225x300.jpeg 225w, https:\/\/przylep.edu.pl\/przedszkole\/wp-content\/uploads\/2025\/12\/WhatsApp-Image-2025-12-05-at-10.58.24-1152x1536.jpeg 1152w, https:\/\/przylep.edu.pl\/przedszkole\/wp-content\/uploads\/2025\/12\/WhatsApp-Image-2025-12-05-at-10.58.24.jpeg 1200w\" sizes=\"auto, (max-width: 768px) 100vw, 768px\" \/><\/figure>\n\n\n\n<figure class=\"wp-block-image size-large\"><img loading=\"lazy\" decoding=\"async\" width=\"768\" height=\"1024\" data-id=\"12012\" src=\"https:\/\/przylep.edu.pl\/przedszkole\/wp-content\/uploads\/2025\/12\/WhatsApp-Image-2025-12-05-at-11.00.06-1-768x1024.jpeg\" alt=\"\" class=\"wp-image-12012\" srcset=\"https:\/\/przylep.edu.pl\/przedszkole\/wp-content\/uploads\/2025\/12\/WhatsApp-Image-2025-12-05-at-11.00.06-1-768x1024.jpeg 768w, https:\/\/przylep.edu.pl\/przedszkole\/wp-content\/uploads\/2025\/12\/WhatsApp-Image-2025-12-05-at-11.00.06-1-225x300.jpeg 225w, https:\/\/przylep.edu.pl\/przedszkole\/wp-content\/uploads\/2025\/12\/WhatsApp-Image-2025-12-05-at-11.00.06-1-1152x1536.jpeg 1152w, https:\/\/przylep.edu.pl\/przedszkole\/wp-content\/uploads\/2025\/12\/WhatsApp-Image-2025-12-05-at-11.00.06-1.jpeg 1200w\" sizes=\"auto, (max-width: 768px) 100vw, 768px\" \/><\/figure>\n\n\n\n<figure class=\"wp-block-image size-large\"><img loading=\"lazy\" decoding=\"async\" width=\"768\" height=\"1024\" data-id=\"12010\" src=\"https:\/\/przylep.edu.pl\/przedszkole\/wp-content\/uploads\/2025\/12\/WhatsApp-Image-2025-12-05-at-11.00.06-2-768x1024.jpeg\" alt=\"\" class=\"wp-image-12010\" srcset=\"https:\/\/przylep.edu.pl\/przedszkole\/wp-content\/uploads\/2025\/12\/WhatsApp-Image-2025-12-05-at-11.00.06-2-768x1024.jpeg 768w, https:\/\/przylep.edu.pl\/przedszkole\/wp-content\/uploads\/2025\/12\/WhatsApp-Image-2025-12-05-at-11.00.06-2-225x300.jpeg 225w, https:\/\/przylep.edu.pl\/przedszkole\/wp-content\/uploads\/2025\/12\/WhatsApp-Image-2025-12-05-at-11.00.06-2-1152x1536.jpeg 1152w, https:\/\/przylep.edu.pl\/przedszkole\/wp-content\/uploads\/2025\/12\/WhatsApp-Image-2025-12-05-at-11.00.06-2.jpeg 1200w\" sizes=\"auto, (max-width: 768px) 100vw, 768px\" \/><\/figure>\n\n\n\n<figure class=\"wp-block-image size-large\"><img loading=\"lazy\" decoding=\"async\" width=\"768\" height=\"1024\" data-id=\"12011\" src=\"https:\/\/przylep.edu.pl\/przedszkole\/wp-content\/uploads\/2025\/12\/WhatsApp-Image-2025-12-05-at-11.00.06-768x1024.jpeg\" alt=\"\" class=\"wp-image-12011\" srcset=\"https:\/\/przylep.edu.pl\/przedszkole\/wp-content\/uploads\/2025\/12\/WhatsApp-Image-2025-12-05-at-11.00.06-768x1024.jpeg 768w, https:\/\/przylep.edu.pl\/przedszkole\/wp-content\/uploads\/2025\/12\/WhatsApp-Image-2025-12-05-at-11.00.06-225x300.jpeg 225w, https:\/\/przylep.edu.pl\/przedszkole\/wp-content\/uploads\/2025\/12\/WhatsApp-Image-2025-12-05-at-11.00.06-1152x1536.jpeg 1152w, https:\/\/przylep.edu.pl\/przedszkole\/wp-content\/uploads\/2025\/12\/WhatsApp-Image-2025-12-05-at-11.00.06.jpeg 1200w\" sizes=\"auto, (max-width: 768px) 100vw, 768px\" \/><\/figure>\n<\/figure>\n\n\n\n<figure class=\"wp-block-gallery has-nested-images columns-default is-cropped wp-block-gallery-4 is-layout-flex wp-block-gallery-is-layout-flex\">\n<figure class=\"wp-block-image size-large\"><img loading=\"lazy\" decoding=\"async\" width=\"1024\" height=\"768\" data-id=\"12014\" src=\"https:\/\/przylep.edu.pl\/przedszkole\/wp-content\/uploads\/2025\/12\/WhatsApp-Image-2025-12-05-at-11.00.07-1-1024x768.jpeg\" alt=\"\" class=\"wp-image-12014\" srcset=\"https:\/\/przylep.edu.pl\/przedszkole\/wp-content\/uploads\/2025\/12\/WhatsApp-Image-2025-12-05-at-11.00.07-1-1024x768.jpeg 1024w, https:\/\/przylep.edu.pl\/przedszkole\/wp-content\/uploads\/2025\/12\/WhatsApp-Image-2025-12-05-at-11.00.07-1-300x225.jpeg 300w, https:\/\/przylep.edu.pl\/przedszkole\/wp-content\/uploads\/2025\/12\/WhatsApp-Image-2025-12-05-at-11.00.07-1-768x576.jpeg 768w, https:\/\/przylep.edu.pl\/przedszkole\/wp-content\/uploads\/2025\/12\/WhatsApp-Image-2025-12-05-at-11.00.07-1-1536x1152.jpeg 1536w, https:\/\/przylep.edu.pl\/przedszkole\/wp-content\/uploads\/2025\/12\/WhatsApp-Image-2025-12-05-at-11.00.07-1-600x450.jpeg 600w, https:\/\/przylep.edu.pl\/przedszkole\/wp-content\/uploads\/2025\/12\/WhatsApp-Image-2025-12-05-at-11.00.07-1.jpeg 1600w\" sizes=\"auto, (max-width: 1024px) 100vw, 1024px\" \/><\/figure>\n\n\n\n<figure class=\"wp-block-image size-large\"><img loading=\"lazy\" decoding=\"async\" width=\"768\" height=\"1024\" data-id=\"12015\" src=\"https:\/\/przylep.edu.pl\/przedszkole\/wp-content\/uploads\/2025\/12\/WhatsApp-Image-2025-12-05-at-11.00.07-768x1024.jpeg\" alt=\"\" class=\"wp-image-12015\" srcset=\"https:\/\/przylep.edu.pl\/przedszkole\/wp-content\/uploads\/2025\/12\/WhatsApp-Image-2025-12-05-at-11.00.07-768x1024.jpeg 768w, https:\/\/przylep.edu.pl\/przedszkole\/wp-content\/uploads\/2025\/12\/WhatsApp-Image-2025-12-05-at-11.00.07-225x300.jpeg 225w, https:\/\/przylep.edu.pl\/przedszkole\/wp-content\/uploads\/2025\/12\/WhatsApp-Image-2025-12-05-at-11.00.07-1152x1536.jpeg 1152w, https:\/\/przylep.edu.pl\/przedszkole\/wp-content\/uploads\/2025\/12\/WhatsApp-Image-2025-12-05-at-11.00.07.jpeg 1200w\" sizes=\"auto, (max-width: 768px) 100vw, 768px\" \/><\/figure>\n<\/figure>\n\n\n\n<figure class=\"wp-block-image size-large\"><img loading=\"lazy\" decoding=\"async\" width=\"1024\" height=\"768\" src=\"https:\/\/przylep.edu.pl\/przedszkole\/wp-content\/uploads\/2025\/12\/WhatsApp-Image-2025-12-05-at-11.00.25-1024x768.jpeg\" alt=\"\" class=\"wp-image-12016\" srcset=\"https:\/\/przylep.edu.pl\/przedszkole\/wp-content\/uploads\/2025\/12\/WhatsApp-Image-2025-12-05-at-11.00.25-1024x768.jpeg 1024w, https:\/\/przylep.edu.pl\/przedszkole\/wp-content\/uploads\/2025\/12\/WhatsApp-Image-2025-12-05-at-11.00.25-300x225.jpeg 300w, https:\/\/przylep.edu.pl\/przedszkole\/wp-content\/uploads\/2025\/12\/WhatsApp-Image-2025-12-05-at-11.00.25-768x576.jpeg 768w, https:\/\/przylep.edu.pl\/przedszkole\/wp-content\/uploads\/2025\/12\/WhatsApp-Image-2025-12-05-at-11.00.25-1536x1152.jpeg 1536w, https:\/\/przylep.edu.pl\/przedszkole\/wp-content\/uploads\/2025\/12\/WhatsApp-Image-2025-12-05-at-11.00.25-600x450.jpeg 600w, https:\/\/przylep.edu.pl\/przedszkole\/wp-content\/uploads\/2025\/12\/WhatsApp-Image-2025-12-05-at-11.00.25.jpeg 1600w\" sizes=\"auto, (max-width: 1024px) 100vw, 1024px\" \/><\/figure>\n\n\n\n<figure class=\"wp-block-gallery has-nested-images columns-default is-cropped wp-block-gallery-5 is-layout-flex wp-block-gallery-is-layout-flex\">\n<figure class=\"wp-block-image size-large\"><img loading=\"lazy\" decoding=\"async\" width=\"1024\" height=\"768\" data-id=\"12017\" src=\"https:\/\/przylep.edu.pl\/przedszkole\/wp-content\/uploads\/2025\/12\/WhatsApp-Image-2025-12-05-at-11.00.40-1024x768.jpeg\" alt=\"\" class=\"wp-image-12017\" srcset=\"https:\/\/przylep.edu.pl\/przedszkole\/wp-content\/uploads\/2025\/12\/WhatsApp-Image-2025-12-05-at-11.00.40-1024x768.jpeg 1024w, https:\/\/przylep.edu.pl\/przedszkole\/wp-content\/uploads\/2025\/12\/WhatsApp-Image-2025-12-05-at-11.00.40-300x225.jpeg 300w, https:\/\/przylep.edu.pl\/przedszkole\/wp-content\/uploads\/2025\/12\/WhatsApp-Image-2025-12-05-at-11.00.40-768x576.jpeg 768w, https:\/\/przylep.edu.pl\/przedszkole\/wp-content\/uploads\/2025\/12\/WhatsApp-Image-2025-12-05-at-11.00.40-1536x1152.jpeg 1536w, https:\/\/przylep.edu.pl\/przedszkole\/wp-content\/uploads\/2025\/12\/WhatsApp-Image-2025-12-05-at-11.00.40-600x450.jpeg 600w, https:\/\/przylep.edu.pl\/przedszkole\/wp-content\/uploads\/2025\/12\/WhatsApp-Image-2025-12-05-at-11.00.40.jpeg 1600w\" sizes=\"auto, (max-width: 1024px) 100vw, 1024px\" \/><\/figure>\n<\/figure>\n","protected":false},"excerpt":{"rendered":"<p>W naszej szkole trwa\u0142 \u201eKolorowy tydzie\u0144\u201d. Ostatni dzie\u0144 up\u0142yn\u0105\u0142 pod znakiem koloru czerwonego. Ca\u0142a szko\u0142a zamieni\u0142a si\u0119 w czerwone, \u015bwi\u0105teczne miejsce \u2013 korytarze, sale i przede wszystkim uczniowie, kt\u00f3rzy przyszli ubrani na czerwono. Tego dnia uczniowie obdarowywali si\u0119 drobnymi prezentami, sprawiaj\u0105c sobie nawzajem wiele rado\u015bci. Odwiedzi\u0142 nas tak\u017ce Miko\u0142aj, kt\u00f3ry wprowadzi\u0142 jeszcze wi\u0119cej u\u015bmiechu i [&hellip;]<\/p>\n","protected":false},"author":2,"featured_media":12018,"comment_status":"closed","ping_status":"open","sticky":false,"template":"","format":"standard","meta":{"footnotes":""},"categories":[45,41,40],"tags":[],"class_list":["post-12004","post","type-post","status-publish","format-standard","has-post-thumbnail","hentry","category-aktualnosci","category-galerie","category-strona-glowna"],"_links":{"self":[{"href":"https:\/\/przylep.edu.pl\/przedszkole\/wp-json\/wp\/v2\/posts\/12004","targetHints":{"allow":["GET"]}}],"collection":[{"href":"https:\/\/przylep.edu.pl\/przedszkole\/wp-json\/wp\/v2\/posts"}],"about":[{"href":"https:\/\/przylep.edu.pl\/przedszkole\/wp-json\/wp\/v2\/types\/post"}],"author":[{"embeddable":true,"href":"https:\/\/przylep.edu.pl\/przedszkole\/wp-json\/wp\/v2\/users\/2"}],"replies":[{"embeddable":true,"href":"https:\/\/przylep.edu.pl\/przedszkole\/wp-json\/wp\/v2\/comments?post=12004"}],"version-history":[{"count":1,"href":"https:\/\/przylep.edu.pl\/przedszkole\/wp-json\/wp\/v2\/posts\/12004\/revisions"}],"predecessor-version":[{"id":12019,"href":"https:\/\/przylep.edu.pl\/przedszkole\/wp-json\/wp\/v2\/posts\/12004\/revisions\/12019"}],"wp:featuredmedia":[{"embeddable":true,"href":"https:\/\/przylep.edu.pl\/przedszkole\/wp-json\/wp\/v2\/media\/12018"}],"wp:attachment":[{"href":"https:\/\/przylep.edu.pl\/przedszkole\/wp-json\/wp\/v2\/media?parent=12004"}],"wp:term":[{"taxonomy":"category","embeddable":true,"href":"https:\/\/przylep.edu.pl\/przedszkole\/wp-json\/wp\/v2\/categories?post=12004"},{"taxonomy":"post_tag","embeddable":true,"href":"https:\/\/przylep.edu.pl\/przedszkole\/wp-json\/wp\/v2\/tags?post=12004"}],"curies":[{"name":"wp","href":"https:\/\/api.w.org\/{rel}","templated":true}]}}