{"id":11996,"date":"2025-12-04T10:08:35","date_gmt":"2025-12-04T09:08:35","guid":{"rendered":"https:\/\/przylep.edu.pl\/przedszkole\/?p=11996"},"modified":"2025-12-11T10:19:06","modified_gmt":"2025-12-11T09:19:06","slug":"kolorowy-tydzien-dzien-zielony-2","status":"publish","type":"post","link":"https:\/\/przylep.edu.pl\/przedszkole\/2025\/12\/04\/kolorowy-tydzien-dzien-zielony-2\/","title":{"rendered":"Kolorowy Tydzie\u0144 &#8211; Dzie\u0144 Zielony"},"content":{"rendered":"\n<p>W pewnej znanej piosence mo\u017cemy us\u0142ysze\u0107, \u017ce \u201esta\u0142a pod \u015bniegiem panna zielona, nikt, pr\u00f3cz Zaj\u0105ca nie kocha\u0142 jej\u2026\u201d. Autor nie zna\u0142 przylepskich dzieci, kt\u00f3re udowodni\u0142y, \u017ce choink\u0119 kochaj\u0105 jak ma\u0142o kto na \u015bwiecie. W czwartek, ubrani w zielony kolor uczestniczyli w wielu aktywno\u015bciach zwi\u0105zanych z tym pachn\u0105cym drzewkiem. Najwi\u0119cej rado\u015bci da\u0142o oczywi\u015bcie ubieranie choinki. Ka\u017cda klasa przystroi\u0142a swoje drzewko najpi\u0119kniej na \u015bwiecie. Zatem- nasza choinko \u201ejak d\u0142ugo zechcesz, z nami pozosta\u0144\u201d!<\/p>\n\n\n\n<figure class=\"wp-block-gallery has-nested-images columns-default is-cropped wp-block-gallery-1 is-layout-flex wp-block-gallery-is-layout-flex\">\n<figure class=\"wp-block-image size-large\"><img loading=\"lazy\" decoding=\"async\" width=\"1024\" height=\"768\" data-id=\"11998\" src=\"https:\/\/przylep.edu.pl\/przedszkole\/wp-content\/uploads\/2025\/12\/02a2717a-2032-46cf-8668-33cabaa651d7-1024x768.jpeg\" alt=\"\" class=\"wp-image-11998\" srcset=\"https:\/\/przylep.edu.pl\/przedszkole\/wp-content\/uploads\/2025\/12\/02a2717a-2032-46cf-8668-33cabaa651d7-1024x768.jpeg 1024w, https:\/\/przylep.edu.pl\/przedszkole\/wp-content\/uploads\/2025\/12\/02a2717a-2032-46cf-8668-33cabaa651d7-300x225.jpeg 300w, https:\/\/przylep.edu.pl\/przedszkole\/wp-content\/uploads\/2025\/12\/02a2717a-2032-46cf-8668-33cabaa651d7-768x576.jpeg 768w, https:\/\/przylep.edu.pl\/przedszkole\/wp-content\/uploads\/2025\/12\/02a2717a-2032-46cf-8668-33cabaa651d7-1536x1152.jpeg 1536w, https:\/\/przylep.edu.pl\/przedszkole\/wp-content\/uploads\/2025\/12\/02a2717a-2032-46cf-8668-33cabaa651d7-600x450.jpeg 600w, https:\/\/przylep.edu.pl\/przedszkole\/wp-content\/uploads\/2025\/12\/02a2717a-2032-46cf-8668-33cabaa651d7.jpeg 2048w\" sizes=\"auto, (max-width: 1024px) 100vw, 1024px\" \/><\/figure>\n\n\n\n<figure class=\"wp-block-image size-large\"><img loading=\"lazy\" decoding=\"async\" width=\"768\" height=\"1024\" data-id=\"12000\" src=\"https:\/\/przylep.edu.pl\/przedszkole\/wp-content\/uploads\/2025\/12\/599a2478-dc6f-4cd2-9f9f-e440ac9e942b-768x1024.jpeg\" alt=\"\" class=\"wp-image-12000\" srcset=\"https:\/\/przylep.edu.pl\/przedszkole\/wp-content\/uploads\/2025\/12\/599a2478-dc6f-4cd2-9f9f-e440ac9e942b-768x1024.jpeg 768w, https:\/\/przylep.edu.pl\/przedszkole\/wp-content\/uploads\/2025\/12\/599a2478-dc6f-4cd2-9f9f-e440ac9e942b-225x300.jpeg 225w, https:\/\/przylep.edu.pl\/przedszkole\/wp-content\/uploads\/2025\/12\/599a2478-dc6f-4cd2-9f9f-e440ac9e942b-1152x1536.jpeg 1152w, https:\/\/przylep.edu.pl\/przedszkole\/wp-content\/uploads\/2025\/12\/599a2478-dc6f-4cd2-9f9f-e440ac9e942b.jpeg 1536w\" sizes=\"auto, (max-width: 768px) 100vw, 768px\" \/><\/figure>\n\n\n\n<figure class=\"wp-block-image size-large\"><img loading=\"lazy\" decoding=\"async\" width=\"768\" height=\"1024\" data-id=\"12001\" src=\"https:\/\/przylep.edu.pl\/przedszkole\/wp-content\/uploads\/2025\/12\/39587ba2-6784-4775-aebb-d965d83fb1f4-768x1024.jpeg\" alt=\"\" class=\"wp-image-12001\" srcset=\"https:\/\/przylep.edu.pl\/przedszkole\/wp-content\/uploads\/2025\/12\/39587ba2-6784-4775-aebb-d965d83fb1f4-768x1024.jpeg 768w, https:\/\/przylep.edu.pl\/przedszkole\/wp-content\/uploads\/2025\/12\/39587ba2-6784-4775-aebb-d965d83fb1f4-225x300.jpeg 225w, https:\/\/przylep.edu.pl\/przedszkole\/wp-content\/uploads\/2025\/12\/39587ba2-6784-4775-aebb-d965d83fb1f4-1152x1536.jpeg 1152w, https:\/\/przylep.edu.pl\/przedszkole\/wp-content\/uploads\/2025\/12\/39587ba2-6784-4775-aebb-d965d83fb1f4.jpeg 1536w\" sizes=\"auto, (max-width: 768px) 100vw, 768px\" \/><\/figure>\n\n\n\n<figure class=\"wp-block-image size-large\"><img loading=\"lazy\" decoding=\"async\" width=\"472\" height=\"1024\" data-id=\"11997\" src=\"https:\/\/przylep.edu.pl\/przedszkole\/wp-content\/uploads\/2025\/12\/590611866_1564517341413073_982896219899233627_n-472x1024.jpg\" alt=\"\" class=\"wp-image-11997\" srcset=\"https:\/\/przylep.edu.pl\/przedszkole\/wp-content\/uploads\/2025\/12\/590611866_1564517341413073_982896219899233627_n-472x1024.jpg 472w, https:\/\/przylep.edu.pl\/przedszkole\/wp-content\/uploads\/2025\/12\/590611866_1564517341413073_982896219899233627_n-138x300.jpg 138w, https:\/\/przylep.edu.pl\/przedszkole\/wp-content\/uploads\/2025\/12\/590611866_1564517341413073_982896219899233627_n-768x1666.jpg 768w, https:\/\/przylep.edu.pl\/przedszkole\/wp-content\/uploads\/2025\/12\/590611866_1564517341413073_982896219899233627_n-708x1536.jpg 708w, https:\/\/przylep.edu.pl\/przedszkole\/wp-content\/uploads\/2025\/12\/590611866_1564517341413073_982896219899233627_n.jpg 944w\" sizes=\"auto, (max-width: 472px) 100vw, 472px\" \/><\/figure>\n\n\n\n<figure class=\"wp-block-image size-large\"><img loading=\"lazy\" decoding=\"async\" width=\"768\" height=\"1024\" data-id=\"11999\" src=\"https:\/\/przylep.edu.pl\/przedszkole\/wp-content\/uploads\/2025\/12\/b82bb831-fc08-4687-943a-7fa4f067acbf-768x1024.jpeg\" alt=\"\" class=\"wp-image-11999\" srcset=\"https:\/\/przylep.edu.pl\/przedszkole\/wp-content\/uploads\/2025\/12\/b82bb831-fc08-4687-943a-7fa4f067acbf-768x1024.jpeg 768w, https:\/\/przylep.edu.pl\/przedszkole\/wp-content\/uploads\/2025\/12\/b82bb831-fc08-4687-943a-7fa4f067acbf-225x300.jpeg 225w, https:\/\/przylep.edu.pl\/przedszkole\/wp-content\/uploads\/2025\/12\/b82bb831-fc08-4687-943a-7fa4f067acbf-1152x1536.jpeg 1152w, https:\/\/przylep.edu.pl\/przedszkole\/wp-content\/uploads\/2025\/12\/b82bb831-fc08-4687-943a-7fa4f067acbf.jpeg 1536w\" sizes=\"auto, (max-width: 768px) 100vw, 768px\" \/><\/figure>\n<\/figure>\n","protected":false},"excerpt":{"rendered":"<p>W pewnej znanej piosence mo\u017cemy us\u0142ysze\u0107, \u017ce \u201esta\u0142a pod \u015bniegiem panna zielona, nikt, pr\u00f3cz Zaj\u0105ca nie kocha\u0142 jej\u2026\u201d. Autor nie zna\u0142 przylepskich dzieci, kt\u00f3re udowodni\u0142y, \u017ce choink\u0119 kochaj\u0105 jak ma\u0142o kto na \u015bwiecie. W czwartek, ubrani w zielony kolor uczestniczyli w wielu aktywno\u015bciach zwi\u0105zanych z tym pachn\u0105cym drzewkiem. Najwi\u0119cej rado\u015bci da\u0142o oczywi\u015bcie ubieranie choinki. Ka\u017cda [&hellip;]<\/p>\n","protected":false},"author":2,"featured_media":12002,"comment_status":"closed","ping_status":"open","sticky":false,"template":"","format":"standard","meta":{"footnotes":""},"categories":[45,41,40],"tags":[],"class_list":["post-11996","post","type-post","status-publish","format-standard","has-post-thumbnail","hentry","category-aktualnosci","category-galerie","category-strona-glowna"],"_links":{"self":[{"href":"https:\/\/przylep.edu.pl\/przedszkole\/wp-json\/wp\/v2\/posts\/11996","targetHints":{"allow":["GET"]}}],"collection":[{"href":"https:\/\/przylep.edu.pl\/przedszkole\/wp-json\/wp\/v2\/posts"}],"about":[{"href":"https:\/\/przylep.edu.pl\/przedszkole\/wp-json\/wp\/v2\/types\/post"}],"author":[{"embeddable":true,"href":"https:\/\/przylep.edu.pl\/przedszkole\/wp-json\/wp\/v2\/users\/2"}],"replies":[{"embeddable":true,"href":"https:\/\/przylep.edu.pl\/przedszkole\/wp-json\/wp\/v2\/comments?post=11996"}],"version-history":[{"count":1,"href":"https:\/\/przylep.edu.pl\/przedszkole\/wp-json\/wp\/v2\/posts\/11996\/revisions"}],"predecessor-version":[{"id":12003,"href":"https:\/\/przylep.edu.pl\/przedszkole\/wp-json\/wp\/v2\/posts\/11996\/revisions\/12003"}],"wp:featuredmedia":[{"embeddable":true,"href":"https:\/\/przylep.edu.pl\/przedszkole\/wp-json\/wp\/v2\/media\/12002"}],"wp:attachment":[{"href":"https:\/\/przylep.edu.pl\/przedszkole\/wp-json\/wp\/v2\/media?parent=11996"}],"wp:term":[{"taxonomy":"category","embeddable":true,"href":"https:\/\/przylep.edu.pl\/przedszkole\/wp-json\/wp\/v2\/categories?post=11996"},{"taxonomy":"post_tag","embeddable":true,"href":"https:\/\/przylep.edu.pl\/przedszkole\/wp-json\/wp\/v2\/tags?post=11996"}],"curies":[{"name":"wp","href":"https:\/\/api.w.org\/{rel}","templated":true}]}}