{"id":11971,"date":"2025-12-02T09:54:59","date_gmt":"2025-12-02T08:54:59","guid":{"rendered":"https:\/\/przylep.edu.pl\/przedszkole\/?p=11971"},"modified":"2025-12-11T10:07:00","modified_gmt":"2025-12-11T09:07:00","slug":"kolorowy-tydzien-dzien-brazowy-2","status":"publish","type":"post","link":"https:\/\/przylep.edu.pl\/przedszkole\/2025\/12\/02\/kolorowy-tydzien-dzien-brazowy-2\/","title":{"rendered":"Kolorowy Tydzie\u0144- Dzie\u0144 Br\u0105zowy"},"content":{"rendered":"\n<p>Kolorowy tydzie\u0144 w naszej szkole trwa w najlepsze! We wtorek obchodzili\u015bmy Dzie\u0144 Br\u0105zowy, kt\u00f3ry wype\u0142ni\u0142 szkolne korytarze wyj\u0105tkowym aromatem i radosn\u0105 atmosfer\u0105.<br>Tego dnia uczniowie mieli okazj\u0119 w\u0142asnor\u0119cznie dekorowa\u0107 pierniki. Kolorowe lukry, posypki i fantazyjne wzory sprawi\u0142y, \u017ce ka\u017cdy wypiek sta\u0142 si\u0119 ma\u0142ym dzie\u0142em sztuki. W salach rozbrzmiewa\u0142 \u015bmiech i rozmowy pe\u0142ne entuzjazmu. Ca\u0142a szko\u0142a pachnia\u0142a s\u0142odko\u015bci\u0105, a wsp\u00f3lne dekorowanie piernik\u00f3w sta\u0142o si\u0119 okazj\u0105 do integracji i rozwijania kreatywno\u015bci. Dzie\u0144 Br\u0105zowy pokaza\u0142, \u017ce nauka i zabawa mog\u0105 i\u015b\u0107 w parze. To by\u0142 czas pe\u0142en u\u015bmiechu, zapachu korzennych przypraw i wsp\u00f3lnego tworzenia \u2013 idealny przyk\u0142ad na to, jak kolorowy tydzie\u0144 buduje szkoln\u0105 wsp\u00f3lnot\u0119.<\/p>\n\n\n\n<figure class=\"wp-block-gallery has-nested-images columns-default is-cropped wp-block-gallery-1 is-layout-flex wp-block-gallery-is-layout-flex\">\n<figure class=\"wp-block-image size-large\"><img loading=\"lazy\" decoding=\"async\" width=\"1024\" height=\"473\" data-id=\"11972\" src=\"https:\/\/przylep.edu.pl\/przedszkole\/wp-content\/uploads\/2025\/12\/590535702_1239826658254123_3369139028203229673_n-1024x473.jpg\" alt=\"\" class=\"wp-image-11972\" srcset=\"https:\/\/przylep.edu.pl\/przedszkole\/wp-content\/uploads\/2025\/12\/590535702_1239826658254123_3369139028203229673_n-1024x473.jpg 1024w, https:\/\/przylep.edu.pl\/przedszkole\/wp-content\/uploads\/2025\/12\/590535702_1239826658254123_3369139028203229673_n-300x138.jpg 300w, https:\/\/przylep.edu.pl\/przedszkole\/wp-content\/uploads\/2025\/12\/590535702_1239826658254123_3369139028203229673_n-768x354.jpg 768w, https:\/\/przylep.edu.pl\/przedszkole\/wp-content\/uploads\/2025\/12\/590535702_1239826658254123_3369139028203229673_n-1536x709.jpg 1536w, https:\/\/przylep.edu.pl\/przedszkole\/wp-content\/uploads\/2025\/12\/590535702_1239826658254123_3369139028203229673_n.jpg 2048w\" sizes=\"auto, (max-width: 1024px) 100vw, 1024px\" \/><\/figure>\n\n\n\n<figure class=\"wp-block-image size-large\"><img loading=\"lazy\" decoding=\"async\" width=\"1024\" height=\"473\" data-id=\"11973\" src=\"https:\/\/przylep.edu.pl\/przedszkole\/wp-content\/uploads\/2025\/12\/590642626_4187621044842279_5904575839645294913_n-1024x473.jpg\" alt=\"\" class=\"wp-image-11973\" srcset=\"https:\/\/przylep.edu.pl\/przedszkole\/wp-content\/uploads\/2025\/12\/590642626_4187621044842279_5904575839645294913_n-1024x473.jpg 1024w, https:\/\/przylep.edu.pl\/przedszkole\/wp-content\/uploads\/2025\/12\/590642626_4187621044842279_5904575839645294913_n-300x138.jpg 300w, https:\/\/przylep.edu.pl\/przedszkole\/wp-content\/uploads\/2025\/12\/590642626_4187621044842279_5904575839645294913_n-768x354.jpg 768w, https:\/\/przylep.edu.pl\/przedszkole\/wp-content\/uploads\/2025\/12\/590642626_4187621044842279_5904575839645294913_n-1536x709.jpg 1536w, https:\/\/przylep.edu.pl\/przedszkole\/wp-content\/uploads\/2025\/12\/590642626_4187621044842279_5904575839645294913_n.jpg 2048w\" sizes=\"auto, (max-width: 1024px) 100vw, 1024px\" \/><\/figure>\n<\/figure>\n\n\n\n<figure class=\"wp-block-gallery has-nested-images columns-default is-cropped wp-block-gallery-2 is-layout-flex wp-block-gallery-is-layout-flex\">\n<figure class=\"wp-block-image size-large\"><img loading=\"lazy\" decoding=\"async\" width=\"576\" height=\"1024\" data-id=\"11975\" src=\"https:\/\/przylep.edu.pl\/przedszkole\/wp-content\/uploads\/2025\/12\/WhatsApp-Image-2025-12-02-at-13.29.47-1-576x1024.jpeg\" alt=\"\" class=\"wp-image-11975\" srcset=\"https:\/\/przylep.edu.pl\/przedszkole\/wp-content\/uploads\/2025\/12\/WhatsApp-Image-2025-12-02-at-13.29.47-1-576x1024.jpeg 576w, https:\/\/przylep.edu.pl\/przedszkole\/wp-content\/uploads\/2025\/12\/WhatsApp-Image-2025-12-02-at-13.29.47-1-169x300.jpeg 169w, https:\/\/przylep.edu.pl\/przedszkole\/wp-content\/uploads\/2025\/12\/WhatsApp-Image-2025-12-02-at-13.29.47-1-768x1365.jpeg 768w, https:\/\/przylep.edu.pl\/przedszkole\/wp-content\/uploads\/2025\/12\/WhatsApp-Image-2025-12-02-at-13.29.47-1-864x1536.jpeg 864w, https:\/\/przylep.edu.pl\/przedszkole\/wp-content\/uploads\/2025\/12\/WhatsApp-Image-2025-12-02-at-13.29.47-1.jpeg 1152w\" sizes=\"auto, (max-width: 576px) 100vw, 576px\" \/><\/figure>\n\n\n\n<figure class=\"wp-block-image size-large\"><img loading=\"lazy\" decoding=\"async\" width=\"576\" height=\"1024\" data-id=\"11976\" src=\"https:\/\/przylep.edu.pl\/przedszkole\/wp-content\/uploads\/2025\/12\/WhatsApp-Image-2025-12-02-at-13.29.47-576x1024.jpeg\" alt=\"\" class=\"wp-image-11976\" srcset=\"https:\/\/przylep.edu.pl\/przedszkole\/wp-content\/uploads\/2025\/12\/WhatsApp-Image-2025-12-02-at-13.29.47-576x1024.jpeg 576w, https:\/\/przylep.edu.pl\/przedszkole\/wp-content\/uploads\/2025\/12\/WhatsApp-Image-2025-12-02-at-13.29.47-169x300.jpeg 169w, https:\/\/przylep.edu.pl\/przedszkole\/wp-content\/uploads\/2025\/12\/WhatsApp-Image-2025-12-02-at-13.29.47-768x1365.jpeg 768w, https:\/\/przylep.edu.pl\/przedszkole\/wp-content\/uploads\/2025\/12\/WhatsApp-Image-2025-12-02-at-13.29.47-864x1536.jpeg 864w, https:\/\/przylep.edu.pl\/przedszkole\/wp-content\/uploads\/2025\/12\/WhatsApp-Image-2025-12-02-at-13.29.47.jpeg 1152w\" sizes=\"auto, (max-width: 576px) 100vw, 576px\" \/><\/figure>\n<\/figure>\n\n\n\n<figure class=\"wp-block-gallery has-nested-images columns-default is-cropped wp-block-gallery-3 is-layout-flex wp-block-gallery-is-layout-flex\">\n<figure class=\"wp-block-image size-large\"><img loading=\"lazy\" decoding=\"async\" width=\"576\" height=\"1024\" data-id=\"11978\" src=\"https:\/\/przylep.edu.pl\/przedszkole\/wp-content\/uploads\/2025\/12\/WhatsApp-Image-2025-12-02-at-13.29.49-576x1024.jpeg\" alt=\"\" class=\"wp-image-11978\" srcset=\"https:\/\/przylep.edu.pl\/przedszkole\/wp-content\/uploads\/2025\/12\/WhatsApp-Image-2025-12-02-at-13.29.49-576x1024.jpeg 576w, https:\/\/przylep.edu.pl\/przedszkole\/wp-content\/uploads\/2025\/12\/WhatsApp-Image-2025-12-02-at-13.29.49-169x300.jpeg 169w, https:\/\/przylep.edu.pl\/przedszkole\/wp-content\/uploads\/2025\/12\/WhatsApp-Image-2025-12-02-at-13.29.49-768x1365.jpeg 768w, https:\/\/przylep.edu.pl\/przedszkole\/wp-content\/uploads\/2025\/12\/WhatsApp-Image-2025-12-02-at-13.29.49-864x1536.jpeg 864w, https:\/\/przylep.edu.pl\/przedszkole\/wp-content\/uploads\/2025\/12\/WhatsApp-Image-2025-12-02-at-13.29.49.jpeg 1152w\" sizes=\"auto, (max-width: 576px) 100vw, 576px\" \/><\/figure>\n\n\n\n<figure class=\"wp-block-image size-large\"><img loading=\"lazy\" decoding=\"async\" width=\"1024\" height=\"1024\" data-id=\"11977\" src=\"https:\/\/przylep.edu.pl\/przedszkole\/wp-content\/uploads\/2025\/12\/WhatsApp-Image-2025-12-04-at-19.30.17-1-1024x1024.jpeg\" alt=\"\" class=\"wp-image-11977\" srcset=\"https:\/\/przylep.edu.pl\/przedszkole\/wp-content\/uploads\/2025\/12\/WhatsApp-Image-2025-12-04-at-19.30.17-1-1024x1024.jpeg 1024w, https:\/\/przylep.edu.pl\/przedszkole\/wp-content\/uploads\/2025\/12\/WhatsApp-Image-2025-12-04-at-19.30.17-1-300x300.jpeg 300w, https:\/\/przylep.edu.pl\/przedszkole\/wp-content\/uploads\/2025\/12\/WhatsApp-Image-2025-12-04-at-19.30.17-1-150x150.jpeg 150w, https:\/\/przylep.edu.pl\/przedszkole\/wp-content\/uploads\/2025\/12\/WhatsApp-Image-2025-12-04-at-19.30.17-1-768x768.jpeg 768w, https:\/\/przylep.edu.pl\/przedszkole\/wp-content\/uploads\/2025\/12\/WhatsApp-Image-2025-12-04-at-19.30.17-1-1536x1536.jpeg 1536w, https:\/\/przylep.edu.pl\/przedszkole\/wp-content\/uploads\/2025\/12\/WhatsApp-Image-2025-12-04-at-19.30.17-1-600x600.jpeg 600w, https:\/\/przylep.edu.pl\/przedszkole\/wp-content\/uploads\/2025\/12\/WhatsApp-Image-2025-12-04-at-19.30.17-1.jpeg 2048w\" sizes=\"auto, (max-width: 1024px) 100vw, 1024px\" \/><\/figure>\n\n\n\n<figure class=\"wp-block-image size-large\"><img loading=\"lazy\" decoding=\"async\" width=\"1024\" height=\"1024\" data-id=\"11979\" src=\"https:\/\/przylep.edu.pl\/przedszkole\/wp-content\/uploads\/2025\/12\/WhatsApp-Image-2025-12-04-at-19.30.17-1024x1024.jpeg\" alt=\"\" class=\"wp-image-11979\" srcset=\"https:\/\/przylep.edu.pl\/przedszkole\/wp-content\/uploads\/2025\/12\/WhatsApp-Image-2025-12-04-at-19.30.17-1024x1024.jpeg 1024w, https:\/\/przylep.edu.pl\/przedszkole\/wp-content\/uploads\/2025\/12\/WhatsApp-Image-2025-12-04-at-19.30.17-300x300.jpeg 300w, https:\/\/przylep.edu.pl\/przedszkole\/wp-content\/uploads\/2025\/12\/WhatsApp-Image-2025-12-04-at-19.30.17-150x150.jpeg 150w, https:\/\/przylep.edu.pl\/przedszkole\/wp-content\/uploads\/2025\/12\/WhatsApp-Image-2025-12-04-at-19.30.17-768x768.jpeg 768w, https:\/\/przylep.edu.pl\/przedszkole\/wp-content\/uploads\/2025\/12\/WhatsApp-Image-2025-12-04-at-19.30.17-1536x1536.jpeg 1536w, https:\/\/przylep.edu.pl\/przedszkole\/wp-content\/uploads\/2025\/12\/WhatsApp-Image-2025-12-04-at-19.30.17-600x600.jpeg 600w, https:\/\/przylep.edu.pl\/przedszkole\/wp-content\/uploads\/2025\/12\/WhatsApp-Image-2025-12-04-at-19.30.17.jpeg 2048w\" sizes=\"auto, (max-width: 1024px) 100vw, 1024px\" \/><\/figure>\n\n\n\n<figure class=\"wp-block-image size-large\"><img loading=\"lazy\" decoding=\"async\" width=\"1024\" height=\"1024\" data-id=\"11981\" src=\"https:\/\/przylep.edu.pl\/przedszkole\/wp-content\/uploads\/2025\/12\/WhatsApp-Image-2025-12-04-at-19.30.18-1-1024x1024.jpeg\" alt=\"\" class=\"wp-image-11981\" srcset=\"https:\/\/przylep.edu.pl\/przedszkole\/wp-content\/uploads\/2025\/12\/WhatsApp-Image-2025-12-04-at-19.30.18-1-1024x1024.jpeg 1024w, https:\/\/przylep.edu.pl\/przedszkole\/wp-content\/uploads\/2025\/12\/WhatsApp-Image-2025-12-04-at-19.30.18-1-300x300.jpeg 300w, https:\/\/przylep.edu.pl\/przedszkole\/wp-content\/uploads\/2025\/12\/WhatsApp-Image-2025-12-04-at-19.30.18-1-150x150.jpeg 150w, https:\/\/przylep.edu.pl\/przedszkole\/wp-content\/uploads\/2025\/12\/WhatsApp-Image-2025-12-04-at-19.30.18-1-768x768.jpeg 768w, https:\/\/przylep.edu.pl\/przedszkole\/wp-content\/uploads\/2025\/12\/WhatsApp-Image-2025-12-04-at-19.30.18-1-1536x1536.jpeg 1536w, https:\/\/przylep.edu.pl\/przedszkole\/wp-content\/uploads\/2025\/12\/WhatsApp-Image-2025-12-04-at-19.30.18-1-600x600.jpeg 600w, https:\/\/przylep.edu.pl\/przedszkole\/wp-content\/uploads\/2025\/12\/WhatsApp-Image-2025-12-04-at-19.30.18-1.jpeg 2048w\" sizes=\"auto, (max-width: 1024px) 100vw, 1024px\" \/><\/figure>\n\n\n\n<figure class=\"wp-block-image size-large\"><img loading=\"lazy\" decoding=\"async\" width=\"1024\" height=\"1024\" data-id=\"11980\" src=\"https:\/\/przylep.edu.pl\/przedszkole\/wp-content\/uploads\/2025\/12\/WhatsApp-Image-2025-12-04-at-19.30.18-2-1024x1024.jpeg\" alt=\"\" class=\"wp-image-11980\" srcset=\"https:\/\/przylep.edu.pl\/przedszkole\/wp-content\/uploads\/2025\/12\/WhatsApp-Image-2025-12-04-at-19.30.18-2-1024x1024.jpeg 1024w, https:\/\/przylep.edu.pl\/przedszkole\/wp-content\/uploads\/2025\/12\/WhatsApp-Image-2025-12-04-at-19.30.18-2-300x300.jpeg 300w, https:\/\/przylep.edu.pl\/przedszkole\/wp-content\/uploads\/2025\/12\/WhatsApp-Image-2025-12-04-at-19.30.18-2-150x150.jpeg 150w, https:\/\/przylep.edu.pl\/przedszkole\/wp-content\/uploads\/2025\/12\/WhatsApp-Image-2025-12-04-at-19.30.18-2-768x768.jpeg 768w, https:\/\/przylep.edu.pl\/przedszkole\/wp-content\/uploads\/2025\/12\/WhatsApp-Image-2025-12-04-at-19.30.18-2-1536x1536.jpeg 1536w, https:\/\/przylep.edu.pl\/przedszkole\/wp-content\/uploads\/2025\/12\/WhatsApp-Image-2025-12-04-at-19.30.18-2-600x600.jpeg 600w, https:\/\/przylep.edu.pl\/przedszkole\/wp-content\/uploads\/2025\/12\/WhatsApp-Image-2025-12-04-at-19.30.18-2.jpeg 2048w\" sizes=\"auto, (max-width: 1024px) 100vw, 1024px\" \/><\/figure>\n<\/figure>\n\n\n\n<figure class=\"wp-block-gallery has-nested-images columns-default is-cropped wp-block-gallery-4 is-layout-flex wp-block-gallery-is-layout-flex\">\n<figure class=\"wp-block-image size-large\"><img loading=\"lazy\" decoding=\"async\" width=\"1024\" height=\"1024\" data-id=\"11985\" src=\"https:\/\/przylep.edu.pl\/przedszkole\/wp-content\/uploads\/2025\/12\/WhatsApp-Image-2025-12-04-at-19.30.18-3-1024x1024.jpeg\" alt=\"\" class=\"wp-image-11985\" srcset=\"https:\/\/przylep.edu.pl\/przedszkole\/wp-content\/uploads\/2025\/12\/WhatsApp-Image-2025-12-04-at-19.30.18-3-1024x1024.jpeg 1024w, https:\/\/przylep.edu.pl\/przedszkole\/wp-content\/uploads\/2025\/12\/WhatsApp-Image-2025-12-04-at-19.30.18-3-300x300.jpeg 300w, https:\/\/przylep.edu.pl\/przedszkole\/wp-content\/uploads\/2025\/12\/WhatsApp-Image-2025-12-04-at-19.30.18-3-150x150.jpeg 150w, https:\/\/przylep.edu.pl\/przedszkole\/wp-content\/uploads\/2025\/12\/WhatsApp-Image-2025-12-04-at-19.30.18-3-768x768.jpeg 768w, https:\/\/przylep.edu.pl\/przedszkole\/wp-content\/uploads\/2025\/12\/WhatsApp-Image-2025-12-04-at-19.30.18-3-1536x1536.jpeg 1536w, https:\/\/przylep.edu.pl\/przedszkole\/wp-content\/uploads\/2025\/12\/WhatsApp-Image-2025-12-04-at-19.30.18-3-600x600.jpeg 600w, https:\/\/przylep.edu.pl\/przedszkole\/wp-content\/uploads\/2025\/12\/WhatsApp-Image-2025-12-04-at-19.30.18-3.jpeg 2048w\" sizes=\"auto, (max-width: 1024px) 100vw, 1024px\" \/><\/figure>\n\n\n\n<figure class=\"wp-block-image size-large\"><img loading=\"lazy\" decoding=\"async\" width=\"768\" height=\"1024\" data-id=\"11982\" src=\"https:\/\/przylep.edu.pl\/przedszkole\/wp-content\/uploads\/2025\/12\/WhatsApp-Image-2025-12-04-at-19.30.18-4-768x1024.jpeg\" alt=\"\" class=\"wp-image-11982\" srcset=\"https:\/\/przylep.edu.pl\/przedszkole\/wp-content\/uploads\/2025\/12\/WhatsApp-Image-2025-12-04-at-19.30.18-4-768x1024.jpeg 768w, https:\/\/przylep.edu.pl\/przedszkole\/wp-content\/uploads\/2025\/12\/WhatsApp-Image-2025-12-04-at-19.30.18-4-225x300.jpeg 225w, https:\/\/przylep.edu.pl\/przedszkole\/wp-content\/uploads\/2025\/12\/WhatsApp-Image-2025-12-04-at-19.30.18-4-1152x1536.jpeg 1152w, https:\/\/przylep.edu.pl\/przedszkole\/wp-content\/uploads\/2025\/12\/WhatsApp-Image-2025-12-04-at-19.30.18-4.jpeg 1536w\" sizes=\"auto, (max-width: 768px) 100vw, 768px\" \/><\/figure>\n\n\n\n<figure class=\"wp-block-image size-large\"><img loading=\"lazy\" decoding=\"async\" width=\"768\" height=\"1024\" data-id=\"11983\" src=\"https:\/\/przylep.edu.pl\/przedszkole\/wp-content\/uploads\/2025\/12\/WhatsApp-Image-2025-12-04-at-19.30.18-5-768x1024.jpeg\" alt=\"\" class=\"wp-image-11983\" srcset=\"https:\/\/przylep.edu.pl\/przedszkole\/wp-content\/uploads\/2025\/12\/WhatsApp-Image-2025-12-04-at-19.30.18-5-768x1024.jpeg 768w, https:\/\/przylep.edu.pl\/przedszkole\/wp-content\/uploads\/2025\/12\/WhatsApp-Image-2025-12-04-at-19.30.18-5-225x300.jpeg 225w, https:\/\/przylep.edu.pl\/przedszkole\/wp-content\/uploads\/2025\/12\/WhatsApp-Image-2025-12-04-at-19.30.18-5-1152x1536.jpeg 1152w, https:\/\/przylep.edu.pl\/przedszkole\/wp-content\/uploads\/2025\/12\/WhatsApp-Image-2025-12-04-at-19.30.18-5.jpeg 1536w\" sizes=\"auto, (max-width: 768px) 100vw, 768px\" \/><\/figure>\n\n\n\n<figure class=\"wp-block-image size-large\"><img loading=\"lazy\" decoding=\"async\" width=\"768\" height=\"1024\" data-id=\"11984\" src=\"https:\/\/przylep.edu.pl\/przedszkole\/wp-content\/uploads\/2025\/12\/WhatsApp-Image-2025-12-04-at-19.30.18-6-768x1024.jpeg\" alt=\"\" class=\"wp-image-11984\" srcset=\"https:\/\/przylep.edu.pl\/przedszkole\/wp-content\/uploads\/2025\/12\/WhatsApp-Image-2025-12-04-at-19.30.18-6-768x1024.jpeg 768w, https:\/\/przylep.edu.pl\/przedszkole\/wp-content\/uploads\/2025\/12\/WhatsApp-Image-2025-12-04-at-19.30.18-6-225x300.jpeg 225w, https:\/\/przylep.edu.pl\/przedszkole\/wp-content\/uploads\/2025\/12\/WhatsApp-Image-2025-12-04-at-19.30.18-6-1152x1536.jpeg 1152w, https:\/\/przylep.edu.pl\/przedszkole\/wp-content\/uploads\/2025\/12\/WhatsApp-Image-2025-12-04-at-19.30.18-6.jpeg 1536w\" sizes=\"auto, (max-width: 768px) 100vw, 768px\" \/><\/figure>\n\n\n\n<figure class=\"wp-block-image size-large\"><img loading=\"lazy\" decoding=\"async\" width=\"1024\" height=\"1024\" data-id=\"11986\" src=\"https:\/\/przylep.edu.pl\/przedszkole\/wp-content\/uploads\/2025\/12\/WhatsApp-Image-2025-12-04-at-19.30.18-1024x1024.jpeg\" alt=\"\" class=\"wp-image-11986\" srcset=\"https:\/\/przylep.edu.pl\/przedszkole\/wp-content\/uploads\/2025\/12\/WhatsApp-Image-2025-12-04-at-19.30.18-1024x1024.jpeg 1024w, https:\/\/przylep.edu.pl\/przedszkole\/wp-content\/uploads\/2025\/12\/WhatsApp-Image-2025-12-04-at-19.30.18-300x300.jpeg 300w, https:\/\/przylep.edu.pl\/przedszkole\/wp-content\/uploads\/2025\/12\/WhatsApp-Image-2025-12-04-at-19.30.18-150x150.jpeg 150w, https:\/\/przylep.edu.pl\/przedszkole\/wp-content\/uploads\/2025\/12\/WhatsApp-Image-2025-12-04-at-19.30.18-768x768.jpeg 768w, https:\/\/przylep.edu.pl\/przedszkole\/wp-content\/uploads\/2025\/12\/WhatsApp-Image-2025-12-04-at-19.30.18-1536x1536.jpeg 1536w, https:\/\/przylep.edu.pl\/przedszkole\/wp-content\/uploads\/2025\/12\/WhatsApp-Image-2025-12-04-at-19.30.18-600x600.jpeg 600w, https:\/\/przylep.edu.pl\/przedszkole\/wp-content\/uploads\/2025\/12\/WhatsApp-Image-2025-12-04-at-19.30.18.jpeg 2048w\" sizes=\"auto, (max-width: 1024px) 100vw, 1024px\" \/><\/figure>\n<\/figure>\n\n\n\n<figure class=\"wp-block-gallery has-nested-images columns-default is-cropped wp-block-gallery-5 is-layout-flex wp-block-gallery-is-layout-flex\">\n<figure class=\"wp-block-image size-large\"><img loading=\"lazy\" decoding=\"async\" width=\"768\" height=\"1024\" data-id=\"11987\" src=\"https:\/\/przylep.edu.pl\/przedszkole\/wp-content\/uploads\/2025\/12\/WhatsApp-Image-2025-12-04-at-19.30.19-1-768x1024.jpeg\" alt=\"\" class=\"wp-image-11987\" srcset=\"https:\/\/przylep.edu.pl\/przedszkole\/wp-content\/uploads\/2025\/12\/WhatsApp-Image-2025-12-04-at-19.30.19-1-768x1024.jpeg 768w, https:\/\/przylep.edu.pl\/przedszkole\/wp-content\/uploads\/2025\/12\/WhatsApp-Image-2025-12-04-at-19.30.19-1-225x300.jpeg 225w, https:\/\/przylep.edu.pl\/przedszkole\/wp-content\/uploads\/2025\/12\/WhatsApp-Image-2025-12-04-at-19.30.19-1-1152x1536.jpeg 1152w, https:\/\/przylep.edu.pl\/przedszkole\/wp-content\/uploads\/2025\/12\/WhatsApp-Image-2025-12-04-at-19.30.19-1.jpeg 1200w\" sizes=\"auto, (max-width: 768px) 100vw, 768px\" \/><\/figure>\n\n\n\n<figure class=\"wp-block-image size-large\"><img loading=\"lazy\" decoding=\"async\" width=\"1024\" height=\"768\" data-id=\"11989\" src=\"https:\/\/przylep.edu.pl\/przedszkole\/wp-content\/uploads\/2025\/12\/WhatsApp-Image-2025-12-04-at-19.30.19-2-1024x768.jpeg\" alt=\"\" class=\"wp-image-11989\" srcset=\"https:\/\/przylep.edu.pl\/przedszkole\/wp-content\/uploads\/2025\/12\/WhatsApp-Image-2025-12-04-at-19.30.19-2-1024x768.jpeg 1024w, https:\/\/przylep.edu.pl\/przedszkole\/wp-content\/uploads\/2025\/12\/WhatsApp-Image-2025-12-04-at-19.30.19-2-300x225.jpeg 300w, https:\/\/przylep.edu.pl\/przedszkole\/wp-content\/uploads\/2025\/12\/WhatsApp-Image-2025-12-04-at-19.30.19-2-768x576.jpeg 768w, https:\/\/przylep.edu.pl\/przedszkole\/wp-content\/uploads\/2025\/12\/WhatsApp-Image-2025-12-04-at-19.30.19-2-1536x1152.jpeg 1536w, https:\/\/przylep.edu.pl\/przedszkole\/wp-content\/uploads\/2025\/12\/WhatsApp-Image-2025-12-04-at-19.30.19-2-600x450.jpeg 600w, https:\/\/przylep.edu.pl\/przedszkole\/wp-content\/uploads\/2025\/12\/WhatsApp-Image-2025-12-04-at-19.30.19-2.jpeg 2048w\" sizes=\"auto, (max-width: 1024px) 100vw, 1024px\" \/><\/figure>\n\n\n\n<figure class=\"wp-block-image size-large\"><img loading=\"lazy\" decoding=\"async\" width=\"768\" height=\"1024\" data-id=\"11988\" src=\"https:\/\/przylep.edu.pl\/przedszkole\/wp-content\/uploads\/2025\/12\/WhatsApp-Image-2025-12-04-at-19.30.19-768x1024.jpeg\" alt=\"\" class=\"wp-image-11988\" srcset=\"https:\/\/przylep.edu.pl\/przedszkole\/wp-content\/uploads\/2025\/12\/WhatsApp-Image-2025-12-04-at-19.30.19-768x1024.jpeg 768w, https:\/\/przylep.edu.pl\/przedszkole\/wp-content\/uploads\/2025\/12\/WhatsApp-Image-2025-12-04-at-19.30.19-225x300.jpeg 225w, https:\/\/przylep.edu.pl\/przedszkole\/wp-content\/uploads\/2025\/12\/WhatsApp-Image-2025-12-04-at-19.30.19-1152x1536.jpeg 1152w, https:\/\/przylep.edu.pl\/przedszkole\/wp-content\/uploads\/2025\/12\/WhatsApp-Image-2025-12-04-at-19.30.19.jpeg 1200w\" sizes=\"auto, (max-width: 768px) 100vw, 768px\" \/><\/figure>\n\n\n\n<figure class=\"wp-block-image size-large\"><img loading=\"lazy\" decoding=\"async\" width=\"1024\" height=\"768\" data-id=\"11991\" src=\"https:\/\/przylep.edu.pl\/przedszkole\/wp-content\/uploads\/2025\/12\/WhatsApp-Image-2025-12-04-at-19.30.20-1-1024x768.jpeg\" alt=\"\" class=\"wp-image-11991\" srcset=\"https:\/\/przylep.edu.pl\/przedszkole\/wp-content\/uploads\/2025\/12\/WhatsApp-Image-2025-12-04-at-19.30.20-1-1024x768.jpeg 1024w, https:\/\/przylep.edu.pl\/przedszkole\/wp-content\/uploads\/2025\/12\/WhatsApp-Image-2025-12-04-at-19.30.20-1-300x225.jpeg 300w, https:\/\/przylep.edu.pl\/przedszkole\/wp-content\/uploads\/2025\/12\/WhatsApp-Image-2025-12-04-at-19.30.20-1-768x576.jpeg 768w, https:\/\/przylep.edu.pl\/przedszkole\/wp-content\/uploads\/2025\/12\/WhatsApp-Image-2025-12-04-at-19.30.20-1-1536x1152.jpeg 1536w, https:\/\/przylep.edu.pl\/przedszkole\/wp-content\/uploads\/2025\/12\/WhatsApp-Image-2025-12-04-at-19.30.20-1-600x450.jpeg 600w, https:\/\/przylep.edu.pl\/przedszkole\/wp-content\/uploads\/2025\/12\/WhatsApp-Image-2025-12-04-at-19.30.20-1.jpeg 1600w\" sizes=\"auto, (max-width: 1024px) 100vw, 1024px\" \/><\/figure>\n\n\n\n<figure class=\"wp-block-image size-large\"><img loading=\"lazy\" decoding=\"async\" width=\"1024\" height=\"768\" data-id=\"11990\" src=\"https:\/\/przylep.edu.pl\/przedszkole\/wp-content\/uploads\/2025\/12\/WhatsApp-Image-2025-12-04-at-19.30.20-1024x768.jpeg\" alt=\"\" class=\"wp-image-11990\" srcset=\"https:\/\/przylep.edu.pl\/przedszkole\/wp-content\/uploads\/2025\/12\/WhatsApp-Image-2025-12-04-at-19.30.20-1024x768.jpeg 1024w, https:\/\/przylep.edu.pl\/przedszkole\/wp-content\/uploads\/2025\/12\/WhatsApp-Image-2025-12-04-at-19.30.20-300x225.jpeg 300w, https:\/\/przylep.edu.pl\/przedszkole\/wp-content\/uploads\/2025\/12\/WhatsApp-Image-2025-12-04-at-19.30.20-768x576.jpeg 768w, https:\/\/przylep.edu.pl\/przedszkole\/wp-content\/uploads\/2025\/12\/WhatsApp-Image-2025-12-04-at-19.30.20-1536x1152.jpeg 1536w, https:\/\/przylep.edu.pl\/przedszkole\/wp-content\/uploads\/2025\/12\/WhatsApp-Image-2025-12-04-at-19.30.20-600x450.jpeg 600w, https:\/\/przylep.edu.pl\/przedszkole\/wp-content\/uploads\/2025\/12\/WhatsApp-Image-2025-12-04-at-19.30.20.jpeg 1600w\" sizes=\"auto, (max-width: 1024px) 100vw, 1024px\" \/><\/figure>\n<\/figure>\n\n\n\n<figure class=\"wp-block-gallery has-nested-images columns-default is-cropped wp-block-gallery-6 is-layout-flex wp-block-gallery-is-layout-flex\">\n<figure class=\"wp-block-image size-large\"><img loading=\"lazy\" decoding=\"async\" width=\"1024\" height=\"1024\" data-id=\"11992\" src=\"https:\/\/przylep.edu.pl\/przedszkole\/wp-content\/uploads\/2025\/12\/WhatsApp-Image-2025-12-05-at-10.22.21-1024x1024.jpeg\" alt=\"\" class=\"wp-image-11992\" srcset=\"https:\/\/przylep.edu.pl\/przedszkole\/wp-content\/uploads\/2025\/12\/WhatsApp-Image-2025-12-05-at-10.22.21-1024x1024.jpeg 1024w, https:\/\/przylep.edu.pl\/przedszkole\/wp-content\/uploads\/2025\/12\/WhatsApp-Image-2025-12-05-at-10.22.21-300x300.jpeg 300w, https:\/\/przylep.edu.pl\/przedszkole\/wp-content\/uploads\/2025\/12\/WhatsApp-Image-2025-12-05-at-10.22.21-150x150.jpeg 150w, https:\/\/przylep.edu.pl\/przedszkole\/wp-content\/uploads\/2025\/12\/WhatsApp-Image-2025-12-05-at-10.22.21-768x768.jpeg 768w, https:\/\/przylep.edu.pl\/przedszkole\/wp-content\/uploads\/2025\/12\/WhatsApp-Image-2025-12-05-at-10.22.21-1536x1536.jpeg 1536w, https:\/\/przylep.edu.pl\/przedszkole\/wp-content\/uploads\/2025\/12\/WhatsApp-Image-2025-12-05-at-10.22.21-600x600.jpeg 600w, https:\/\/przylep.edu.pl\/przedszkole\/wp-content\/uploads\/2025\/12\/WhatsApp-Image-2025-12-05-at-10.22.21.jpeg 2048w\" sizes=\"auto, (max-width: 1024px) 100vw, 1024px\" \/><\/figure>\n\n\n\n<figure class=\"wp-block-image size-large\"><img loading=\"lazy\" decoding=\"async\" width=\"1024\" height=\"1024\" data-id=\"11993\" src=\"https:\/\/przylep.edu.pl\/przedszkole\/wp-content\/uploads\/2025\/12\/WhatsApp-Image-2025-12-05-at-10.22.22-1024x1024.jpeg\" alt=\"\" class=\"wp-image-11993\" srcset=\"https:\/\/przylep.edu.pl\/przedszkole\/wp-content\/uploads\/2025\/12\/WhatsApp-Image-2025-12-05-at-10.22.22-1024x1024.jpeg 1024w, https:\/\/przylep.edu.pl\/przedszkole\/wp-content\/uploads\/2025\/12\/WhatsApp-Image-2025-12-05-at-10.22.22-300x300.jpeg 300w, https:\/\/przylep.edu.pl\/przedszkole\/wp-content\/uploads\/2025\/12\/WhatsApp-Image-2025-12-05-at-10.22.22-150x150.jpeg 150w, https:\/\/przylep.edu.pl\/przedszkole\/wp-content\/uploads\/2025\/12\/WhatsApp-Image-2025-12-05-at-10.22.22-768x768.jpeg 768w, https:\/\/przylep.edu.pl\/przedszkole\/wp-content\/uploads\/2025\/12\/WhatsApp-Image-2025-12-05-at-10.22.22-1536x1536.jpeg 1536w, https:\/\/przylep.edu.pl\/przedszkole\/wp-content\/uploads\/2025\/12\/WhatsApp-Image-2025-12-05-at-10.22.22-600x600.jpeg 600w, https:\/\/przylep.edu.pl\/przedszkole\/wp-content\/uploads\/2025\/12\/WhatsApp-Image-2025-12-05-at-10.22.22.jpeg 2048w\" sizes=\"auto, (max-width: 1024px) 100vw, 1024px\" \/><\/figure>\n<\/figure>\n","protected":false},"excerpt":{"rendered":"<p>Kolorowy tydzie\u0144 w naszej szkole trwa w najlepsze! We wtorek obchodzili\u015bmy Dzie\u0144 Br\u0105zowy, kt\u00f3ry wype\u0142ni\u0142 szkolne korytarze wyj\u0105tkowym aromatem i radosn\u0105 atmosfer\u0105.Tego dnia uczniowie mieli okazj\u0119 w\u0142asnor\u0119cznie dekorowa\u0107 pierniki. Kolorowe lukry, posypki i fantazyjne wzory sprawi\u0142y, \u017ce ka\u017cdy wypiek sta\u0142 si\u0119 ma\u0142ym dzie\u0142em sztuki. W salach rozbrzmiewa\u0142 \u015bmiech i rozmowy pe\u0142ne entuzjazmu. Ca\u0142a szko\u0142a pachnia\u0142a [&hellip;]<\/p>\n","protected":false},"author":2,"featured_media":11994,"comment_status":"closed","ping_status":"open","sticky":false,"template":"","format":"standard","meta":{"footnotes":""},"categories":[45,41,40],"tags":[],"class_list":["post-11971","post","type-post","status-publish","format-standard","has-post-thumbnail","hentry","category-aktualnosci","category-galerie","category-strona-glowna"],"_links":{"self":[{"href":"https:\/\/przylep.edu.pl\/przedszkole\/wp-json\/wp\/v2\/posts\/11971","targetHints":{"allow":["GET"]}}],"collection":[{"href":"https:\/\/przylep.edu.pl\/przedszkole\/wp-json\/wp\/v2\/posts"}],"about":[{"href":"https:\/\/przylep.edu.pl\/przedszkole\/wp-json\/wp\/v2\/types\/post"}],"author":[{"embeddable":true,"href":"https:\/\/przylep.edu.pl\/przedszkole\/wp-json\/wp\/v2\/users\/2"}],"replies":[{"embeddable":true,"href":"https:\/\/przylep.edu.pl\/przedszkole\/wp-json\/wp\/v2\/comments?post=11971"}],"version-history":[{"count":1,"href":"https:\/\/przylep.edu.pl\/przedszkole\/wp-json\/wp\/v2\/posts\/11971\/revisions"}],"predecessor-version":[{"id":11995,"href":"https:\/\/przylep.edu.pl\/przedszkole\/wp-json\/wp\/v2\/posts\/11971\/revisions\/11995"}],"wp:featuredmedia":[{"embeddable":true,"href":"https:\/\/przylep.edu.pl\/przedszkole\/wp-json\/wp\/v2\/media\/11994"}],"wp:attachment":[{"href":"https:\/\/przylep.edu.pl\/przedszkole\/wp-json\/wp\/v2\/media?parent=11971"}],"wp:term":[{"taxonomy":"category","embeddable":true,"href":"https:\/\/przylep.edu.pl\/przedszkole\/wp-json\/wp\/v2\/categories?post=11971"},{"taxonomy":"post_tag","embeddable":true,"href":"https:\/\/przylep.edu.pl\/przedszkole\/wp-json\/wp\/v2\/tags?post=11971"}],"curies":[{"name":"wp","href":"https:\/\/api.w.org\/{rel}","templated":true}]}}