{"id":11938,"date":"2025-11-23T12:12:30","date_gmt":"2025-11-23T11:12:30","guid":{"rendered":"https:\/\/przylep.edu.pl\/przedszkole\/?p=11938"},"modified":"2025-11-30T20:06:18","modified_gmt":"2025-11-30T19:06:18","slug":"dzien-zyczliwosci-w-naszej-szkole","status":"publish","type":"post","link":"https:\/\/przylep.edu.pl\/przedszkole\/2025\/11\/23\/dzien-zyczliwosci-w-naszej-szkole\/","title":{"rendered":"Dzie\u0144 \u017byczliwo\u015bci w naszej szkole."},"content":{"rendered":"\n<p>W zesz\u0142y pi\u0105tek \u015bwi\u0119towali\u015bmy Dzie\u0144 \u017byczliwo\u015bci. Ka\u017cdy m\u00f3g\u0142 wrzuci\u0107 do naszego S\u0142oika \u017byczliwo\u015bci kr\u00f3tk\u0105, pozytywn\u0105 wiadomo\u015b\u0107 lub dobre s\u0142owo dla innych. S\u0142oik szybko wype\u0142ni\u0142 si\u0119 kolorowymi karteczkami pe\u0142nymi wsparcia i u\u015bmiechu. Dzi\u0119kujemy wszystkim za udzia\u0142 i szerzenie dobrej energii! Samorz\u0105d Uczniowski<\/p>\n\n\n\n<figure class=\"wp-block-gallery has-nested-images columns-default is-cropped wp-block-gallery-1 is-layout-flex wp-block-gallery-is-layout-flex\">\n<figure class=\"wp-block-image size-large\"><img loading=\"lazy\" decoding=\"async\" width=\"768\" height=\"1024\" data-id=\"11941\" src=\"https:\/\/przylep.edu.pl\/przedszkole\/wp-content\/uploads\/2025\/11\/ba150316-5248-4365-a643-156d24232c32-768x1024.jpeg\" alt=\"\" class=\"wp-image-11941\" srcset=\"https:\/\/przylep.edu.pl\/przedszkole\/wp-content\/uploads\/2025\/11\/ba150316-5248-4365-a643-156d24232c32-768x1024.jpeg 768w, https:\/\/przylep.edu.pl\/przedszkole\/wp-content\/uploads\/2025\/11\/ba150316-5248-4365-a643-156d24232c32-225x300.jpeg 225w, https:\/\/przylep.edu.pl\/przedszkole\/wp-content\/uploads\/2025\/11\/ba150316-5248-4365-a643-156d24232c32-1152x1536.jpeg 1152w, https:\/\/przylep.edu.pl\/przedszkole\/wp-content\/uploads\/2025\/11\/ba150316-5248-4365-a643-156d24232c32.jpeg 1536w\" sizes=\"auto, (max-width: 768px) 100vw, 768px\" \/><\/figure>\n\n\n\n<figure class=\"wp-block-image size-large\"><img loading=\"lazy\" decoding=\"async\" width=\"768\" height=\"1024\" data-id=\"11940\" src=\"https:\/\/przylep.edu.pl\/przedszkole\/wp-content\/uploads\/2025\/11\/6623a0f0-9011-411a-afa9-2fdea4ff052e-768x1024.jpeg\" alt=\"\" class=\"wp-image-11940\" srcset=\"https:\/\/przylep.edu.pl\/przedszkole\/wp-content\/uploads\/2025\/11\/6623a0f0-9011-411a-afa9-2fdea4ff052e-768x1024.jpeg 768w, https:\/\/przylep.edu.pl\/przedszkole\/wp-content\/uploads\/2025\/11\/6623a0f0-9011-411a-afa9-2fdea4ff052e-225x300.jpeg 225w, https:\/\/przylep.edu.pl\/przedszkole\/wp-content\/uploads\/2025\/11\/6623a0f0-9011-411a-afa9-2fdea4ff052e-1152x1536.jpeg 1152w, https:\/\/przylep.edu.pl\/przedszkole\/wp-content\/uploads\/2025\/11\/6623a0f0-9011-411a-afa9-2fdea4ff052e.jpeg 1536w\" sizes=\"auto, (max-width: 768px) 100vw, 768px\" \/><\/figure>\n\n\n\n<figure class=\"wp-block-image size-large\"><img loading=\"lazy\" decoding=\"async\" width=\"768\" height=\"1024\" data-id=\"11943\" src=\"https:\/\/przylep.edu.pl\/przedszkole\/wp-content\/uploads\/2025\/11\/97364c1e-44da-408a-bdb7-debcaa930e7c-768x1024.jpeg\" alt=\"\" class=\"wp-image-11943\" srcset=\"https:\/\/przylep.edu.pl\/przedszkole\/wp-content\/uploads\/2025\/11\/97364c1e-44da-408a-bdb7-debcaa930e7c-768x1024.jpeg 768w, https:\/\/przylep.edu.pl\/przedszkole\/wp-content\/uploads\/2025\/11\/97364c1e-44da-408a-bdb7-debcaa930e7c-225x300.jpeg 225w, https:\/\/przylep.edu.pl\/przedszkole\/wp-content\/uploads\/2025\/11\/97364c1e-44da-408a-bdb7-debcaa930e7c-1152x1536.jpeg 1152w, https:\/\/przylep.edu.pl\/przedszkole\/wp-content\/uploads\/2025\/11\/97364c1e-44da-408a-bdb7-debcaa930e7c.jpeg 1536w\" sizes=\"auto, (max-width: 768px) 100vw, 768px\" \/><\/figure>\n\n\n\n<figure class=\"wp-block-image size-large\"><img loading=\"lazy\" decoding=\"async\" width=\"768\" height=\"1024\" data-id=\"11942\" src=\"https:\/\/przylep.edu.pl\/przedszkole\/wp-content\/uploads\/2025\/11\/837b7a1e-cbe0-4bcc-a07f-9c65b0b7ece9-768x1024.jpeg\" alt=\"\" class=\"wp-image-11942\" srcset=\"https:\/\/przylep.edu.pl\/przedszkole\/wp-content\/uploads\/2025\/11\/837b7a1e-cbe0-4bcc-a07f-9c65b0b7ece9-768x1024.jpeg 768w, https:\/\/przylep.edu.pl\/przedszkole\/wp-content\/uploads\/2025\/11\/837b7a1e-cbe0-4bcc-a07f-9c65b0b7ece9-225x300.jpeg 225w, https:\/\/przylep.edu.pl\/przedszkole\/wp-content\/uploads\/2025\/11\/837b7a1e-cbe0-4bcc-a07f-9c65b0b7ece9-1152x1536.jpeg 1152w, https:\/\/przylep.edu.pl\/przedszkole\/wp-content\/uploads\/2025\/11\/837b7a1e-cbe0-4bcc-a07f-9c65b0b7ece9.jpeg 1536w\" sizes=\"auto, (max-width: 768px) 100vw, 768px\" \/><\/figure>\n<\/figure>\n\n\n\n<figure class=\"wp-block-gallery has-nested-images columns-default is-cropped wp-block-gallery-2 is-layout-flex wp-block-gallery-is-layout-flex\">\n<figure class=\"wp-block-image size-large\"><img loading=\"lazy\" decoding=\"async\" width=\"1024\" height=\"724\" data-id=\"11947\" src=\"https:\/\/przylep.edu.pl\/przedszkole\/wp-content\/uploads\/2025\/11\/przylep-1024x724.png\" alt=\"\" class=\"wp-image-11947\" srcset=\"https:\/\/przylep.edu.pl\/przedszkole\/wp-content\/uploads\/2025\/11\/przylep-1024x724.png 1024w, https:\/\/przylep.edu.pl\/przedszkole\/wp-content\/uploads\/2025\/11\/przylep-300x212.png 300w, https:\/\/przylep.edu.pl\/przedszkole\/wp-content\/uploads\/2025\/11\/przylep-768x543.png 768w, https:\/\/przylep.edu.pl\/przedszkole\/wp-content\/uploads\/2025\/11\/przylep-1536x1086.png 1536w, https:\/\/przylep.edu.pl\/przedszkole\/wp-content\/uploads\/2025\/11\/przylep-2048x1448.png 2048w\" sizes=\"auto, (max-width: 1024px) 100vw, 1024px\" \/><\/figure>\n<\/figure>\n","protected":false},"excerpt":{"rendered":"<p>W zesz\u0142y pi\u0105tek \u015bwi\u0119towali\u015bmy Dzie\u0144 \u017byczliwo\u015bci. Ka\u017cdy m\u00f3g\u0142 wrzuci\u0107 do naszego S\u0142oika \u017byczliwo\u015bci kr\u00f3tk\u0105, pozytywn\u0105 wiadomo\u015b\u0107 lub dobre s\u0142owo dla innych. S\u0142oik szybko wype\u0142ni\u0142 si\u0119 kolorowymi karteczkami pe\u0142nymi wsparcia i u\u015bmiechu. Dzi\u0119kujemy wszystkim za udzia\u0142 i szerzenie dobrej energii! Samorz\u0105d Uczniowski<\/p>\n","protected":false},"author":2,"featured_media":11944,"comment_status":"closed","ping_status":"open","sticky":false,"template":"","format":"standard","meta":{"footnotes":""},"categories":[45,41,40],"tags":[],"class_list":["post-11938","post","type-post","status-publish","format-standard","has-post-thumbnail","hentry","category-aktualnosci","category-galerie","category-strona-glowna"],"_links":{"self":[{"href":"https:\/\/przylep.edu.pl\/przedszkole\/wp-json\/wp\/v2\/posts\/11938","targetHints":{"allow":["GET"]}}],"collection":[{"href":"https:\/\/przylep.edu.pl\/przedszkole\/wp-json\/wp\/v2\/posts"}],"about":[{"href":"https:\/\/przylep.edu.pl\/przedszkole\/wp-json\/wp\/v2\/types\/post"}],"author":[{"embeddable":true,"href":"https:\/\/przylep.edu.pl\/przedszkole\/wp-json\/wp\/v2\/users\/2"}],"replies":[{"embeddable":true,"href":"https:\/\/przylep.edu.pl\/przedszkole\/wp-json\/wp\/v2\/comments?post=11938"}],"version-history":[{"count":2,"href":"https:\/\/przylep.edu.pl\/przedszkole\/wp-json\/wp\/v2\/posts\/11938\/revisions"}],"predecessor-version":[{"id":11949,"href":"https:\/\/przylep.edu.pl\/przedszkole\/wp-json\/wp\/v2\/posts\/11938\/revisions\/11949"}],"wp:featuredmedia":[{"embeddable":true,"href":"https:\/\/przylep.edu.pl\/przedszkole\/wp-json\/wp\/v2\/media\/11944"}],"wp:attachment":[{"href":"https:\/\/przylep.edu.pl\/przedszkole\/wp-json\/wp\/v2\/media?parent=11938"}],"wp:term":[{"taxonomy":"category","embeddable":true,"href":"https:\/\/przylep.edu.pl\/przedszkole\/wp-json\/wp\/v2\/categories?post=11938"},{"taxonomy":"post_tag","embeddable":true,"href":"https:\/\/przylep.edu.pl\/przedszkole\/wp-json\/wp\/v2\/tags?post=11938"}],"curies":[{"name":"wp","href":"https:\/\/api.w.org\/{rel}","templated":true}]}}