{"id":11896,"date":"2025-11-08T09:08:20","date_gmt":"2025-11-08T08:08:20","guid":{"rendered":"https:\/\/przylep.edu.pl\/przedszkole\/?p=11896"},"modified":"2025-11-27T09:30:40","modified_gmt":"2025-11-27T08:30:40","slug":"spotkanie-z-sedzia-anna-maria-wesolowska-w-szkole-podstawowej-w-przeclawiu","status":"publish","type":"post","link":"https:\/\/przylep.edu.pl\/przedszkole\/2025\/11\/08\/spotkanie-z-sedzia-anna-maria-wesolowska-w-szkole-podstawowej-w-przeclawiu\/","title":{"rendered":"Spotkanie z s\u0119dzia Ann\u0105 Mari\u0105 Weso\u0142owsk\u0105 w Szkole Podstawowej w Przec\u0142awiu"},"content":{"rendered":"\n<p> 7 listopada uczniowie klasy 5 i 6 naszej szko\u0142y pojechali autokarem do naszej zaprzyja\u017anionej szko\u0142y w Przec\u0142awiu, aby tam, wraz z przec\u0142awskimi r\u00f3wie\u015bnikami uczestniczy\u0107 w spotkaniu z S\u0119dzia Ann\u0105 Mari\u0105 Weso\u0142owsk\u0105. Tematem spotkania by\u0142y &#8222;Wsp\u00f3\u0142czesne zagro\u017cenia bezpiecze\u0144stwa dzieci i m\u0142odzie\u017cy&#8221;, a tak\u017ce zagadnienia dotycz\u0105ce prawa i zapobiegania przemocy.&nbsp;Spotkanie odby\u0142o si\u0119 na sali gimnastycznej, na kt\u00f3rej, mimo ogromnej ilo\u015bci uczni\u00f3w, panowa\u0142a cisza, skupienie, przerywane zadawanymi pytaniami  dotycz\u0105cymi fascynuj\u0105cych opowie\u015bci z \u017cycia wzi\u0119tych, kt\u00f3re przytacza\u0142a Pani S\u0119dzia.<\/p>\n\n\n\n<figure class=\"wp-block-gallery has-nested-images columns-default is-cropped wp-block-gallery-1 is-layout-flex wp-block-gallery-is-layout-flex\">\n<figure class=\"wp-block-image size-large\"><img loading=\"lazy\" decoding=\"async\" width=\"472\" height=\"1024\" data-id=\"11897\" src=\"https:\/\/przylep.edu.pl\/przedszkole\/wp-content\/uploads\/2025\/11\/WhatsApp-Image-2025-11-27-at-09.15.26-1-472x1024.jpeg\" alt=\"\" class=\"wp-image-11897\" srcset=\"https:\/\/przylep.edu.pl\/przedszkole\/wp-content\/uploads\/2025\/11\/WhatsApp-Image-2025-11-27-at-09.15.26-1-472x1024.jpeg 472w, https:\/\/przylep.edu.pl\/przedszkole\/wp-content\/uploads\/2025\/11\/WhatsApp-Image-2025-11-27-at-09.15.26-1-138x300.jpeg 138w, https:\/\/przylep.edu.pl\/przedszkole\/wp-content\/uploads\/2025\/11\/WhatsApp-Image-2025-11-27-at-09.15.26-1-708x1536.jpeg 708w, https:\/\/przylep.edu.pl\/przedszkole\/wp-content\/uploads\/2025\/11\/WhatsApp-Image-2025-11-27-at-09.15.26-1.jpeg 738w\" sizes=\"auto, (max-width: 472px) 100vw, 472px\" \/><\/figure>\n<\/figure>\n\n\n\n<figure class=\"wp-block-image size-large\"><img loading=\"lazy\" decoding=\"async\" width=\"1024\" height=\"472\" src=\"https:\/\/przylep.edu.pl\/przedszkole\/wp-content\/uploads\/2025\/11\/WhatsApp-Image-2025-11-27-at-09.15.26-1024x472.jpeg\" alt=\"\" class=\"wp-image-11898\" srcset=\"https:\/\/przylep.edu.pl\/przedszkole\/wp-content\/uploads\/2025\/11\/WhatsApp-Image-2025-11-27-at-09.15.26-1024x472.jpeg 1024w, https:\/\/przylep.edu.pl\/przedszkole\/wp-content\/uploads\/2025\/11\/WhatsApp-Image-2025-11-27-at-09.15.26-300x138.jpeg 300w, https:\/\/przylep.edu.pl\/przedszkole\/wp-content\/uploads\/2025\/11\/WhatsApp-Image-2025-11-27-at-09.15.26-768x354.jpeg 768w, https:\/\/przylep.edu.pl\/przedszkole\/wp-content\/uploads\/2025\/11\/WhatsApp-Image-2025-11-27-at-09.15.26-1536x708.jpeg 1536w, https:\/\/przylep.edu.pl\/przedszkole\/wp-content\/uploads\/2025\/11\/WhatsApp-Image-2025-11-27-at-09.15.26.jpeg 1600w\" sizes=\"auto, (max-width: 1024px) 100vw, 1024px\" \/><\/figure>\n","protected":false},"excerpt":{"rendered":"<p>7 listopada uczniowie klasy 5 i 6 naszej szko\u0142y pojechali autokarem do naszej zaprzyja\u017anionej szko\u0142y w Przec\u0142awiu, aby tam, wraz z przec\u0142awskimi r\u00f3wie\u015bnikami uczestniczy\u0107 w spotkaniu z S\u0119dzia Ann\u0105 Mari\u0105 Weso\u0142owsk\u0105. Tematem spotkania by\u0142y &#8222;Wsp\u00f3\u0142czesne zagro\u017cenia bezpiecze\u0144stwa dzieci i m\u0142odzie\u017cy&#8221;, a tak\u017ce zagadnienia dotycz\u0105ce prawa i zapobiegania przemocy.&nbsp;Spotkanie odby\u0142o si\u0119 na sali gimnastycznej, na kt\u00f3rej, [&hellip;]<\/p>\n","protected":false},"author":2,"featured_media":11899,"comment_status":"closed","ping_status":"open","sticky":false,"template":"","format":"standard","meta":{"footnotes":""},"categories":[45,41,40],"tags":[],"class_list":["post-11896","post","type-post","status-publish","format-standard","has-post-thumbnail","hentry","category-aktualnosci","category-galerie","category-strona-glowna"],"_links":{"self":[{"href":"https:\/\/przylep.edu.pl\/przedszkole\/wp-json\/wp\/v2\/posts\/11896","targetHints":{"allow":["GET"]}}],"collection":[{"href":"https:\/\/przylep.edu.pl\/przedszkole\/wp-json\/wp\/v2\/posts"}],"about":[{"href":"https:\/\/przylep.edu.pl\/przedszkole\/wp-json\/wp\/v2\/types\/post"}],"author":[{"embeddable":true,"href":"https:\/\/przylep.edu.pl\/przedszkole\/wp-json\/wp\/v2\/users\/2"}],"replies":[{"embeddable":true,"href":"https:\/\/przylep.edu.pl\/przedszkole\/wp-json\/wp\/v2\/comments?post=11896"}],"version-history":[{"count":2,"href":"https:\/\/przylep.edu.pl\/przedszkole\/wp-json\/wp\/v2\/posts\/11896\/revisions"}],"predecessor-version":[{"id":11901,"href":"https:\/\/przylep.edu.pl\/przedszkole\/wp-json\/wp\/v2\/posts\/11896\/revisions\/11901"}],"wp:featuredmedia":[{"embeddable":true,"href":"https:\/\/przylep.edu.pl\/przedszkole\/wp-json\/wp\/v2\/media\/11899"}],"wp:attachment":[{"href":"https:\/\/przylep.edu.pl\/przedszkole\/wp-json\/wp\/v2\/media?parent=11896"}],"wp:term":[{"taxonomy":"category","embeddable":true,"href":"https:\/\/przylep.edu.pl\/przedszkole\/wp-json\/wp\/v2\/categories?post=11896"},{"taxonomy":"post_tag","embeddable":true,"href":"https:\/\/przylep.edu.pl\/przedszkole\/wp-json\/wp\/v2\/tags?post=11896"}],"curies":[{"name":"wp","href":"https:\/\/api.w.org\/{rel}","templated":true}]}}