{"id":11884,"date":"2025-11-12T08:51:59","date_gmt":"2025-11-12T07:51:59","guid":{"rendered":"https:\/\/przylep.edu.pl\/przedszkole\/?p=11884"},"modified":"2025-11-27T09:01:21","modified_gmt":"2025-11-27T08:01:21","slug":"11-listopada-dzien-niepodleglosci","status":"publish","type":"post","link":"https:\/\/przylep.edu.pl\/przedszkole\/2025\/11\/12\/11-listopada-dzien-niepodleglosci\/","title":{"rendered":"11 Listopada- Dzie\u0144 Niepodleg\u0142o\u015bci!"},"content":{"rendered":"\n<p>Uroczysty apel z okazji Narodowego \u015awi\u0119ta Niepodleg\u0142o\u015bci 11 listopada to dla wszystkich Polak\u00f3w dzie\u0144 wyj\u0105tkowy \u2014 pe\u0142en refleksji nad histori\u0105 i wdzi\u0119czno\u015bci wobec tych, kt\u00f3rzy walczyli o woln\u0105 Polsk\u0119. W naszej szkole uczcili\u015bmy t\u0119 rocznic\u0119 monta\u017cem s\u0142owno-muzycznym. Motywem przewodnim by\u0142a rozmowa Dziadka i Wnuczki \u2013 dw\u00f3jki bohater\u00f3w, kt\u00f3rzy z ciep\u0142em i prostot\u0105 opowiadali o znaczeniu Ojczyzny, tradycji i pami\u0119ci pokole\u0144. W ich dialog wplecione zosta\u0142y wiersze recytowane przez uczni\u00f3w oraz wybrzmia\u0142y znane pie\u015bni patriotyczne, kt\u00f3re uczniowie i nauczyciele wsp\u00f3lnie za\u015bpiewali \u2014 niekt\u00f3rym utworom towarzyszy\u0142a gra na ukulele, nadaj\u0105c ca\u0142o\u015bci niezwykle ciep\u0142y i pogodny charakter.<\/p>\n\n\n\n<figure class=\"wp-block-gallery has-nested-images columns-default is-cropped wp-block-gallery-1 is-layout-flex wp-block-gallery-is-layout-flex\">\n<figure class=\"wp-block-image size-large\"><img loading=\"lazy\" decoding=\"async\" width=\"768\" height=\"1024\" data-id=\"11886\" src=\"https:\/\/przylep.edu.pl\/przedszkole\/wp-content\/uploads\/2025\/11\/f7d48350-6b87-4d05-815a-e26e4da7d8a7-1-768x1024.jpeg\" alt=\"\" class=\"wp-image-11886\" srcset=\"https:\/\/przylep.edu.pl\/przedszkole\/wp-content\/uploads\/2025\/11\/f7d48350-6b87-4d05-815a-e26e4da7d8a7-1-768x1024.jpeg 768w, https:\/\/przylep.edu.pl\/przedszkole\/wp-content\/uploads\/2025\/11\/f7d48350-6b87-4d05-815a-e26e4da7d8a7-1-225x300.jpeg 225w, https:\/\/przylep.edu.pl\/przedszkole\/wp-content\/uploads\/2025\/11\/f7d48350-6b87-4d05-815a-e26e4da7d8a7-1-1152x1536.jpeg 1152w, https:\/\/przylep.edu.pl\/przedszkole\/wp-content\/uploads\/2025\/11\/f7d48350-6b87-4d05-815a-e26e4da7d8a7-1.jpeg 1536w\" sizes=\"auto, (max-width: 768px) 100vw, 768px\" \/><\/figure>\n\n\n\n<figure class=\"wp-block-image size-large\"><img loading=\"lazy\" decoding=\"async\" width=\"768\" height=\"1024\" data-id=\"11887\" src=\"https:\/\/przylep.edu.pl\/przedszkole\/wp-content\/uploads\/2025\/11\/5d43a607-ab49-4b43-a2bc-f915ef2d8d82-768x1024.jpeg\" alt=\"\" class=\"wp-image-11887\" srcset=\"https:\/\/przylep.edu.pl\/przedszkole\/wp-content\/uploads\/2025\/11\/5d43a607-ab49-4b43-a2bc-f915ef2d8d82-768x1024.jpeg 768w, https:\/\/przylep.edu.pl\/przedszkole\/wp-content\/uploads\/2025\/11\/5d43a607-ab49-4b43-a2bc-f915ef2d8d82-225x300.jpeg 225w, https:\/\/przylep.edu.pl\/przedszkole\/wp-content\/uploads\/2025\/11\/5d43a607-ab49-4b43-a2bc-f915ef2d8d82-1152x1536.jpeg 1152w, https:\/\/przylep.edu.pl\/przedszkole\/wp-content\/uploads\/2025\/11\/5d43a607-ab49-4b43-a2bc-f915ef2d8d82.jpeg 1536w\" sizes=\"auto, (max-width: 768px) 100vw, 768px\" \/><\/figure>\n\n\n\n<figure class=\"wp-block-image size-large\"><img loading=\"lazy\" decoding=\"async\" width=\"768\" height=\"1024\" data-id=\"11889\" src=\"https:\/\/przylep.edu.pl\/przedszkole\/wp-content\/uploads\/2025\/11\/1c101d5a-f35f-4e72-bb37-9ec2fb80ade9-768x1024.jpeg\" alt=\"\" class=\"wp-image-11889\" srcset=\"https:\/\/przylep.edu.pl\/przedszkole\/wp-content\/uploads\/2025\/11\/1c101d5a-f35f-4e72-bb37-9ec2fb80ade9-768x1024.jpeg 768w, https:\/\/przylep.edu.pl\/przedszkole\/wp-content\/uploads\/2025\/11\/1c101d5a-f35f-4e72-bb37-9ec2fb80ade9-225x300.jpeg 225w, https:\/\/przylep.edu.pl\/przedszkole\/wp-content\/uploads\/2025\/11\/1c101d5a-f35f-4e72-bb37-9ec2fb80ade9-1152x1536.jpeg 1152w, https:\/\/przylep.edu.pl\/przedszkole\/wp-content\/uploads\/2025\/11\/1c101d5a-f35f-4e72-bb37-9ec2fb80ade9.jpeg 1536w\" sizes=\"auto, (max-width: 768px) 100vw, 768px\" \/><\/figure>\n\n\n\n<figure class=\"wp-block-image size-large\"><img decoding=\"async\" data-id=\"11893\" src=\"https:\/\/przylep.edu.pl\/przedszkole\/wp-content\/uploads\/2025\/11\/449c7525-c3a1-4b4a-8185-a65650396ef9.jpeg\" alt=\"\" class=\"wp-image-11893\" \/><\/figure>\n\n\n\n<figure class=\"wp-block-image size-large\"><img loading=\"lazy\" decoding=\"async\" width=\"1024\" height=\"768\" data-id=\"11890\" src=\"https:\/\/przylep.edu.pl\/przedszkole\/wp-content\/uploads\/2025\/11\/12d00b5e-5d9f-4b86-87c0-61e8800680f6-1024x768.jpeg\" alt=\"\" class=\"wp-image-11890\" srcset=\"https:\/\/przylep.edu.pl\/przedszkole\/wp-content\/uploads\/2025\/11\/12d00b5e-5d9f-4b86-87c0-61e8800680f6-1024x768.jpeg 1024w, https:\/\/przylep.edu.pl\/przedszkole\/wp-content\/uploads\/2025\/11\/12d00b5e-5d9f-4b86-87c0-61e8800680f6-300x225.jpeg 300w, https:\/\/przylep.edu.pl\/przedszkole\/wp-content\/uploads\/2025\/11\/12d00b5e-5d9f-4b86-87c0-61e8800680f6-768x576.jpeg 768w, https:\/\/przylep.edu.pl\/przedszkole\/wp-content\/uploads\/2025\/11\/12d00b5e-5d9f-4b86-87c0-61e8800680f6-1536x1152.jpeg 1536w, https:\/\/przylep.edu.pl\/przedszkole\/wp-content\/uploads\/2025\/11\/12d00b5e-5d9f-4b86-87c0-61e8800680f6-600x450.jpeg 600w, https:\/\/przylep.edu.pl\/przedszkole\/wp-content\/uploads\/2025\/11\/12d00b5e-5d9f-4b86-87c0-61e8800680f6.jpeg 2048w\" sizes=\"auto, (max-width: 1024px) 100vw, 1024px\" \/><\/figure>\n\n\n\n<figure class=\"wp-block-image size-large\"><img loading=\"lazy\" decoding=\"async\" width=\"1024\" height=\"768\" data-id=\"11894\" src=\"https:\/\/przylep.edu.pl\/przedszkole\/wp-content\/uploads\/2025\/11\/ec79f7a1-fa75-4b9e-b8c6-50580c7adc74-1024x768.jpeg\" alt=\"\" class=\"wp-image-11894\" srcset=\"https:\/\/przylep.edu.pl\/przedszkole\/wp-content\/uploads\/2025\/11\/ec79f7a1-fa75-4b9e-b8c6-50580c7adc74-1024x768.jpeg 1024w, https:\/\/przylep.edu.pl\/przedszkole\/wp-content\/uploads\/2025\/11\/ec79f7a1-fa75-4b9e-b8c6-50580c7adc74-300x225.jpeg 300w, https:\/\/przylep.edu.pl\/przedszkole\/wp-content\/uploads\/2025\/11\/ec79f7a1-fa75-4b9e-b8c6-50580c7adc74-768x576.jpeg 768w, https:\/\/przylep.edu.pl\/przedszkole\/wp-content\/uploads\/2025\/11\/ec79f7a1-fa75-4b9e-b8c6-50580c7adc74-1536x1152.jpeg 1536w, https:\/\/przylep.edu.pl\/przedszkole\/wp-content\/uploads\/2025\/11\/ec79f7a1-fa75-4b9e-b8c6-50580c7adc74-600x450.jpeg 600w, https:\/\/przylep.edu.pl\/przedszkole\/wp-content\/uploads\/2025\/11\/ec79f7a1-fa75-4b9e-b8c6-50580c7adc74.jpeg 2048w\" sizes=\"auto, (max-width: 1024px) 100vw, 1024px\" \/><\/figure>\n\n\n\n<figure class=\"wp-block-image size-large\"><img loading=\"lazy\" decoding=\"async\" width=\"768\" height=\"1024\" data-id=\"11892\" src=\"https:\/\/przylep.edu.pl\/przedszkole\/wp-content\/uploads\/2025\/11\/f7d48350-6b87-4d05-815a-e26e4da7d8a7-768x1024.jpeg\" alt=\"\" class=\"wp-image-11892\" srcset=\"https:\/\/przylep.edu.pl\/przedszkole\/wp-content\/uploads\/2025\/11\/f7d48350-6b87-4d05-815a-e26e4da7d8a7-768x1024.jpeg 768w, https:\/\/przylep.edu.pl\/przedszkole\/wp-content\/uploads\/2025\/11\/f7d48350-6b87-4d05-815a-e26e4da7d8a7-225x300.jpeg 225w, https:\/\/przylep.edu.pl\/przedszkole\/wp-content\/uploads\/2025\/11\/f7d48350-6b87-4d05-815a-e26e4da7d8a7-1152x1536.jpeg 1152w, https:\/\/przylep.edu.pl\/przedszkole\/wp-content\/uploads\/2025\/11\/f7d48350-6b87-4d05-815a-e26e4da7d8a7.jpeg 1536w\" sizes=\"auto, (max-width: 768px) 100vw, 768px\" \/><\/figure>\n\n\n\n<figure class=\"wp-block-image size-large\"><img loading=\"lazy\" decoding=\"async\" width=\"768\" height=\"1024\" data-id=\"11891\" src=\"https:\/\/przylep.edu.pl\/przedszkole\/wp-content\/uploads\/2025\/11\/d66c8549-961f-4d88-baff-6c81b194bbcf-768x1024.jpeg\" alt=\"\" class=\"wp-image-11891\" srcset=\"https:\/\/przylep.edu.pl\/przedszkole\/wp-content\/uploads\/2025\/11\/d66c8549-961f-4d88-baff-6c81b194bbcf-768x1024.jpeg 768w, https:\/\/przylep.edu.pl\/przedszkole\/wp-content\/uploads\/2025\/11\/d66c8549-961f-4d88-baff-6c81b194bbcf-225x300.jpeg 225w, https:\/\/przylep.edu.pl\/przedszkole\/wp-content\/uploads\/2025\/11\/d66c8549-961f-4d88-baff-6c81b194bbcf-1152x1536.jpeg 1152w, https:\/\/przylep.edu.pl\/przedszkole\/wp-content\/uploads\/2025\/11\/d66c8549-961f-4d88-baff-6c81b194bbcf.jpeg 1536w\" sizes=\"auto, (max-width: 768px) 100vw, 768px\" \/><\/figure>\n\n\n\n<figure class=\"wp-block-image size-large\"><img loading=\"lazy\" decoding=\"async\" width=\"768\" height=\"1024\" data-id=\"11888\" src=\"https:\/\/przylep.edu.pl\/przedszkole\/wp-content\/uploads\/2025\/11\/8ffb9672-f9cc-4a9d-9925-6309a3302308-768x1024.jpeg\" alt=\"\" class=\"wp-image-11888\" srcset=\"https:\/\/przylep.edu.pl\/przedszkole\/wp-content\/uploads\/2025\/11\/8ffb9672-f9cc-4a9d-9925-6309a3302308-768x1024.jpeg 768w, https:\/\/przylep.edu.pl\/przedszkole\/wp-content\/uploads\/2025\/11\/8ffb9672-f9cc-4a9d-9925-6309a3302308-225x300.jpeg 225w, https:\/\/przylep.edu.pl\/przedszkole\/wp-content\/uploads\/2025\/11\/8ffb9672-f9cc-4a9d-9925-6309a3302308-1152x1536.jpeg 1152w, https:\/\/przylep.edu.pl\/przedszkole\/wp-content\/uploads\/2025\/11\/8ffb9672-f9cc-4a9d-9925-6309a3302308.jpeg 1536w\" sizes=\"auto, (max-width: 768px) 100vw, 768px\" \/><\/figure>\n<\/figure>\n","protected":false},"excerpt":{"rendered":"<p>Uroczysty apel z okazji Narodowego \u015awi\u0119ta Niepodleg\u0142o\u015bci 11 listopada to dla wszystkich Polak\u00f3w dzie\u0144 wyj\u0105tkowy \u2014 pe\u0142en refleksji nad histori\u0105 i wdzi\u0119czno\u015bci wobec tych, kt\u00f3rzy walczyli o woln\u0105 Polsk\u0119. W naszej szkole uczcili\u015bmy t\u0119 rocznic\u0119 monta\u017cem s\u0142owno-muzycznym. Motywem przewodnim by\u0142a rozmowa Dziadka i Wnuczki \u2013 dw\u00f3jki bohater\u00f3w, kt\u00f3rzy z ciep\u0142em i prostot\u0105 opowiadali o znaczeniu [&hellip;]<\/p>\n","protected":false},"author":2,"featured_media":11885,"comment_status":"closed","ping_status":"open","sticky":false,"template":"","format":"standard","meta":{"footnotes":""},"categories":[45,41,40],"tags":[],"class_list":["post-11884","post","type-post","status-publish","format-standard","has-post-thumbnail","hentry","category-aktualnosci","category-galerie","category-strona-glowna"],"_links":{"self":[{"href":"https:\/\/przylep.edu.pl\/przedszkole\/wp-json\/wp\/v2\/posts\/11884","targetHints":{"allow":["GET"]}}],"collection":[{"href":"https:\/\/przylep.edu.pl\/przedszkole\/wp-json\/wp\/v2\/posts"}],"about":[{"href":"https:\/\/przylep.edu.pl\/przedszkole\/wp-json\/wp\/v2\/types\/post"}],"author":[{"embeddable":true,"href":"https:\/\/przylep.edu.pl\/przedszkole\/wp-json\/wp\/v2\/users\/2"}],"replies":[{"embeddable":true,"href":"https:\/\/przylep.edu.pl\/przedszkole\/wp-json\/wp\/v2\/comments?post=11884"}],"version-history":[{"count":1,"href":"https:\/\/przylep.edu.pl\/przedszkole\/wp-json\/wp\/v2\/posts\/11884\/revisions"}],"predecessor-version":[{"id":11895,"href":"https:\/\/przylep.edu.pl\/przedszkole\/wp-json\/wp\/v2\/posts\/11884\/revisions\/11895"}],"wp:featuredmedia":[{"embeddable":true,"href":"https:\/\/przylep.edu.pl\/przedszkole\/wp-json\/wp\/v2\/media\/11885"}],"wp:attachment":[{"href":"https:\/\/przylep.edu.pl\/przedszkole\/wp-json\/wp\/v2\/media?parent=11884"}],"wp:term":[{"taxonomy":"category","embeddable":true,"href":"https:\/\/przylep.edu.pl\/przedszkole\/wp-json\/wp\/v2\/categories?post=11884"},{"taxonomy":"post_tag","embeddable":true,"href":"https:\/\/przylep.edu.pl\/przedszkole\/wp-json\/wp\/v2\/tags?post=11884"}],"curies":[{"name":"wp","href":"https:\/\/api.w.org\/{rel}","templated":true}]}}