{"id":11872,"date":"2025-11-05T07:11:29","date_gmt":"2025-11-05T06:11:29","guid":{"rendered":"https:\/\/przylep.edu.pl\/przedszkole\/?p=11872"},"modified":"2025-11-25T07:16:28","modified_gmt":"2025-11-25T06:16:28","slug":"bohateron-w-naszej-szkole","status":"publish","type":"post","link":"https:\/\/przylep.edu.pl\/przedszkole\/2025\/11\/05\/bohateron-w-naszej-szkole\/","title":{"rendered":"BohaterON w naszej szkole!"},"content":{"rendered":"\n<p>BohaterON w Twojej Szkole to cz\u0119\u015b\u0107 og\u00f3lnopolskiej kampanii o tematyce historycznej BohaterON \u2013 w\u0142\u0105cz histori\u0119! Kampania ma na celu upami\u0119tnienie, uhonorowanie i bezpo\u015bredni\u0105 pomoc uczestnikom Powstania Warszawskiego, edukacj\u0119 spo\u0142ecze\u0144stwa, a tak\u017ce promocj\u0119 patriotycznych postaw i historii Polski XX wieku. Uczniowie klas 5a i 6a mieli mo\u017cliwo\u015b\u0107 uczestniczenia w lekcjach po\u015bwi\u0119conych tematyce zaanga\u017cowania kobiet w Powstaniu Warszawskim. Na podstawie filmu i materia\u0142\u00f3w \u017ar\u00f3d\u0142owych mogli stworzy\u0107 rys biograficzny kilku uczestniczek tego zrywu, pozna\u0107 ich odczucia, dostrzec trud i strach, jaki im towarzyszy\u0142.<\/p>\n\n\n\n<figure class=\"wp-block-gallery has-nested-images columns-default is-cropped wp-block-gallery-1 is-layout-flex wp-block-gallery-is-layout-flex\">\n<figure class=\"wp-block-image size-large\"><img loading=\"lazy\" decoding=\"async\" width=\"1024\" height=\"768\" data-id=\"11876\" src=\"https:\/\/przylep.edu.pl\/przedszkole\/wp-content\/uploads\/2025\/11\/WhatsApp-Image-2025-11-05-at-12.10.40-1024x768.jpeg\" alt=\"\" class=\"wp-image-11876\" srcset=\"https:\/\/przylep.edu.pl\/przedszkole\/wp-content\/uploads\/2025\/11\/WhatsApp-Image-2025-11-05-at-12.10.40-1024x768.jpeg 1024w, https:\/\/przylep.edu.pl\/przedszkole\/wp-content\/uploads\/2025\/11\/WhatsApp-Image-2025-11-05-at-12.10.40-300x225.jpeg 300w, https:\/\/przylep.edu.pl\/przedszkole\/wp-content\/uploads\/2025\/11\/WhatsApp-Image-2025-11-05-at-12.10.40-768x576.jpeg 768w, https:\/\/przylep.edu.pl\/przedszkole\/wp-content\/uploads\/2025\/11\/WhatsApp-Image-2025-11-05-at-12.10.40-1536x1152.jpeg 1536w, https:\/\/przylep.edu.pl\/przedszkole\/wp-content\/uploads\/2025\/11\/WhatsApp-Image-2025-11-05-at-12.10.40-600x450.jpeg 600w, https:\/\/przylep.edu.pl\/przedszkole\/wp-content\/uploads\/2025\/11\/WhatsApp-Image-2025-11-05-at-12.10.40.jpeg 2040w\" sizes=\"auto, (max-width: 1024px) 100vw, 1024px\" \/><\/figure>\n\n\n\n<figure class=\"wp-block-image size-large\"><img loading=\"lazy\" decoding=\"async\" width=\"1024\" height=\"768\" data-id=\"11878\" src=\"https:\/\/przylep.edu.pl\/przedszkole\/wp-content\/uploads\/2025\/11\/WhatsApp-Image-2025-11-05-at-12.10.39-4-1024x768.jpeg\" alt=\"\" class=\"wp-image-11878\" srcset=\"https:\/\/przylep.edu.pl\/przedszkole\/wp-content\/uploads\/2025\/11\/WhatsApp-Image-2025-11-05-at-12.10.39-4-1024x768.jpeg 1024w, https:\/\/przylep.edu.pl\/przedszkole\/wp-content\/uploads\/2025\/11\/WhatsApp-Image-2025-11-05-at-12.10.39-4-300x225.jpeg 300w, https:\/\/przylep.edu.pl\/przedszkole\/wp-content\/uploads\/2025\/11\/WhatsApp-Image-2025-11-05-at-12.10.39-4-768x576.jpeg 768w, https:\/\/przylep.edu.pl\/przedszkole\/wp-content\/uploads\/2025\/11\/WhatsApp-Image-2025-11-05-at-12.10.39-4-1536x1152.jpeg 1536w, https:\/\/przylep.edu.pl\/przedszkole\/wp-content\/uploads\/2025\/11\/WhatsApp-Image-2025-11-05-at-12.10.39-4-600x450.jpeg 600w, https:\/\/przylep.edu.pl\/przedszkole\/wp-content\/uploads\/2025\/11\/WhatsApp-Image-2025-11-05-at-12.10.39-4.jpeg 2040w\" sizes=\"auto, (max-width: 1024px) 100vw, 1024px\" \/><\/figure>\n\n\n\n<figure class=\"wp-block-image size-large\"><img loading=\"lazy\" decoding=\"async\" width=\"1024\" height=\"768\" data-id=\"11879\" src=\"https:\/\/przylep.edu.pl\/przedszkole\/wp-content\/uploads\/2025\/11\/WhatsApp-Image-2025-11-05-at-12.10.39-3-1024x768.jpeg\" alt=\"\" class=\"wp-image-11879\" srcset=\"https:\/\/przylep.edu.pl\/przedszkole\/wp-content\/uploads\/2025\/11\/WhatsApp-Image-2025-11-05-at-12.10.39-3-1024x768.jpeg 1024w, https:\/\/przylep.edu.pl\/przedszkole\/wp-content\/uploads\/2025\/11\/WhatsApp-Image-2025-11-05-at-12.10.39-3-300x225.jpeg 300w, https:\/\/przylep.edu.pl\/przedszkole\/wp-content\/uploads\/2025\/11\/WhatsApp-Image-2025-11-05-at-12.10.39-3-768x576.jpeg 768w, https:\/\/przylep.edu.pl\/przedszkole\/wp-content\/uploads\/2025\/11\/WhatsApp-Image-2025-11-05-at-12.10.39-3-1536x1152.jpeg 1536w, https:\/\/przylep.edu.pl\/przedszkole\/wp-content\/uploads\/2025\/11\/WhatsApp-Image-2025-11-05-at-12.10.39-3-600x450.jpeg 600w, https:\/\/przylep.edu.pl\/przedszkole\/wp-content\/uploads\/2025\/11\/WhatsApp-Image-2025-11-05-at-12.10.39-3.jpeg 2040w\" sizes=\"auto, (max-width: 1024px) 100vw, 1024px\" \/><\/figure>\n\n\n\n<figure class=\"wp-block-image size-large\"><img loading=\"lazy\" decoding=\"async\" width=\"1024\" height=\"768\" data-id=\"11882\" src=\"https:\/\/przylep.edu.pl\/przedszkole\/wp-content\/uploads\/2025\/11\/WhatsApp-Image-2025-11-05-at-12.10.39-2-1024x768.jpeg\" alt=\"\" class=\"wp-image-11882\" srcset=\"https:\/\/przylep.edu.pl\/przedszkole\/wp-content\/uploads\/2025\/11\/WhatsApp-Image-2025-11-05-at-12.10.39-2-1024x768.jpeg 1024w, https:\/\/przylep.edu.pl\/przedszkole\/wp-content\/uploads\/2025\/11\/WhatsApp-Image-2025-11-05-at-12.10.39-2-300x225.jpeg 300w, https:\/\/przylep.edu.pl\/przedszkole\/wp-content\/uploads\/2025\/11\/WhatsApp-Image-2025-11-05-at-12.10.39-2-768x576.jpeg 768w, https:\/\/przylep.edu.pl\/przedszkole\/wp-content\/uploads\/2025\/11\/WhatsApp-Image-2025-11-05-at-12.10.39-2-1536x1152.jpeg 1536w, https:\/\/przylep.edu.pl\/przedszkole\/wp-content\/uploads\/2025\/11\/WhatsApp-Image-2025-11-05-at-12.10.39-2-600x450.jpeg 600w, https:\/\/przylep.edu.pl\/przedszkole\/wp-content\/uploads\/2025\/11\/WhatsApp-Image-2025-11-05-at-12.10.39-2.jpeg 2040w\" sizes=\"auto, (max-width: 1024px) 100vw, 1024px\" \/><\/figure>\n\n\n\n<figure class=\"wp-block-image size-large\"><img loading=\"lazy\" decoding=\"async\" width=\"1024\" height=\"768\" data-id=\"11875\" src=\"https:\/\/przylep.edu.pl\/przedszkole\/wp-content\/uploads\/2025\/11\/WhatsApp-Image-2025-11-05-at-12.10.39-1-1024x768.jpeg\" alt=\"\" class=\"wp-image-11875\" srcset=\"https:\/\/przylep.edu.pl\/przedszkole\/wp-content\/uploads\/2025\/11\/WhatsApp-Image-2025-11-05-at-12.10.39-1-1024x768.jpeg 1024w, https:\/\/przylep.edu.pl\/przedszkole\/wp-content\/uploads\/2025\/11\/WhatsApp-Image-2025-11-05-at-12.10.39-1-300x225.jpeg 300w, https:\/\/przylep.edu.pl\/przedszkole\/wp-content\/uploads\/2025\/11\/WhatsApp-Image-2025-11-05-at-12.10.39-1-768x576.jpeg 768w, https:\/\/przylep.edu.pl\/przedszkole\/wp-content\/uploads\/2025\/11\/WhatsApp-Image-2025-11-05-at-12.10.39-1-1536x1152.jpeg 1536w, https:\/\/przylep.edu.pl\/przedszkole\/wp-content\/uploads\/2025\/11\/WhatsApp-Image-2025-11-05-at-12.10.39-1-600x450.jpeg 600w, https:\/\/przylep.edu.pl\/przedszkole\/wp-content\/uploads\/2025\/11\/WhatsApp-Image-2025-11-05-at-12.10.39-1.jpeg 2040w\" sizes=\"auto, (max-width: 1024px) 100vw, 1024px\" \/><\/figure>\n\n\n\n<figure class=\"wp-block-image size-large\"><img loading=\"lazy\" decoding=\"async\" width=\"768\" height=\"1024\" data-id=\"11880\" src=\"https:\/\/przylep.edu.pl\/przedszkole\/wp-content\/uploads\/2025\/11\/WhatsApp-Image-2025-11-05-at-12.10.39-768x1024.jpeg\" alt=\"\" class=\"wp-image-11880\" srcset=\"https:\/\/przylep.edu.pl\/przedszkole\/wp-content\/uploads\/2025\/11\/WhatsApp-Image-2025-11-05-at-12.10.39-768x1024.jpeg 768w, https:\/\/przylep.edu.pl\/przedszkole\/wp-content\/uploads\/2025\/11\/WhatsApp-Image-2025-11-05-at-12.10.39-225x300.jpeg 225w, https:\/\/przylep.edu.pl\/przedszkole\/wp-content\/uploads\/2025\/11\/WhatsApp-Image-2025-11-05-at-12.10.39-1152x1536.jpeg 1152w, https:\/\/przylep.edu.pl\/przedszkole\/wp-content\/uploads\/2025\/11\/WhatsApp-Image-2025-11-05-at-12.10.39.jpeg 1530w\" sizes=\"auto, (max-width: 768px) 100vw, 768px\" \/><\/figure>\n\n\n\n<figure class=\"wp-block-image size-large\"><img loading=\"lazy\" decoding=\"async\" width=\"768\" height=\"1024\" data-id=\"11877\" src=\"https:\/\/przylep.edu.pl\/przedszkole\/wp-content\/uploads\/2025\/11\/WhatsApp-Image-2025-11-05-at-12.10.38-1-768x1024.jpeg\" alt=\"\" class=\"wp-image-11877\" srcset=\"https:\/\/przylep.edu.pl\/przedszkole\/wp-content\/uploads\/2025\/11\/WhatsApp-Image-2025-11-05-at-12.10.38-1-768x1024.jpeg 768w, https:\/\/przylep.edu.pl\/przedszkole\/wp-content\/uploads\/2025\/11\/WhatsApp-Image-2025-11-05-at-12.10.38-1-225x300.jpeg 225w, https:\/\/przylep.edu.pl\/przedszkole\/wp-content\/uploads\/2025\/11\/WhatsApp-Image-2025-11-05-at-12.10.38-1-1152x1536.jpeg 1152w, https:\/\/przylep.edu.pl\/przedszkole\/wp-content\/uploads\/2025\/11\/WhatsApp-Image-2025-11-05-at-12.10.38-1.jpeg 1530w\" sizes=\"auto, (max-width: 768px) 100vw, 768px\" \/><\/figure>\n\n\n\n<figure class=\"wp-block-image size-large\"><img loading=\"lazy\" decoding=\"async\" width=\"768\" height=\"1024\" data-id=\"11881\" src=\"https:\/\/przylep.edu.pl\/przedszkole\/wp-content\/uploads\/2025\/11\/WhatsApp-Image-2025-11-05-at-12.10.38-768x1024.jpeg\" alt=\"\" class=\"wp-image-11881\" srcset=\"https:\/\/przylep.edu.pl\/przedszkole\/wp-content\/uploads\/2025\/11\/WhatsApp-Image-2025-11-05-at-12.10.38-768x1024.jpeg 768w, https:\/\/przylep.edu.pl\/przedszkole\/wp-content\/uploads\/2025\/11\/WhatsApp-Image-2025-11-05-at-12.10.38-225x300.jpeg 225w, https:\/\/przylep.edu.pl\/przedszkole\/wp-content\/uploads\/2025\/11\/WhatsApp-Image-2025-11-05-at-12.10.38-1152x1536.jpeg 1152w, https:\/\/przylep.edu.pl\/przedszkole\/wp-content\/uploads\/2025\/11\/WhatsApp-Image-2025-11-05-at-12.10.38.jpeg 1530w\" sizes=\"auto, (max-width: 768px) 100vw, 768px\" \/><\/figure>\n<\/figure>\n","protected":false},"excerpt":{"rendered":"<p>BohaterON w Twojej Szkole to cz\u0119\u015b\u0107 og\u00f3lnopolskiej kampanii o tematyce historycznej BohaterON \u2013 w\u0142\u0105cz histori\u0119! Kampania ma na celu upami\u0119tnienie, uhonorowanie i bezpo\u015bredni\u0105 pomoc uczestnikom Powstania Warszawskiego, edukacj\u0119 spo\u0142ecze\u0144stwa, a tak\u017ce promocj\u0119 patriotycznych postaw i historii Polski XX wieku. Uczniowie klas 5a i 6a mieli mo\u017cliwo\u015b\u0107 uczestniczenia w lekcjach po\u015bwi\u0119conych tematyce zaanga\u017cowania kobiet w Powstaniu [&hellip;]<\/p>\n","protected":false},"author":2,"featured_media":11874,"comment_status":"closed","ping_status":"open","sticky":false,"template":"","format":"standard","meta":{"footnotes":""},"categories":[45,41,40],"tags":[],"class_list":["post-11872","post","type-post","status-publish","format-standard","has-post-thumbnail","hentry","category-aktualnosci","category-galerie","category-strona-glowna"],"_links":{"self":[{"href":"https:\/\/przylep.edu.pl\/przedszkole\/wp-json\/wp\/v2\/posts\/11872","targetHints":{"allow":["GET"]}}],"collection":[{"href":"https:\/\/przylep.edu.pl\/przedszkole\/wp-json\/wp\/v2\/posts"}],"about":[{"href":"https:\/\/przylep.edu.pl\/przedszkole\/wp-json\/wp\/v2\/types\/post"}],"author":[{"embeddable":true,"href":"https:\/\/przylep.edu.pl\/przedszkole\/wp-json\/wp\/v2\/users\/2"}],"replies":[{"embeddable":true,"href":"https:\/\/przylep.edu.pl\/przedszkole\/wp-json\/wp\/v2\/comments?post=11872"}],"version-history":[{"count":1,"href":"https:\/\/przylep.edu.pl\/przedszkole\/wp-json\/wp\/v2\/posts\/11872\/revisions"}],"predecessor-version":[{"id":11883,"href":"https:\/\/przylep.edu.pl\/przedszkole\/wp-json\/wp\/v2\/posts\/11872\/revisions\/11883"}],"wp:featuredmedia":[{"embeddable":true,"href":"https:\/\/przylep.edu.pl\/przedszkole\/wp-json\/wp\/v2\/media\/11874"}],"wp:attachment":[{"href":"https:\/\/przylep.edu.pl\/przedszkole\/wp-json\/wp\/v2\/media?parent=11872"}],"wp:term":[{"taxonomy":"category","embeddable":true,"href":"https:\/\/przylep.edu.pl\/przedszkole\/wp-json\/wp\/v2\/categories?post=11872"},{"taxonomy":"post_tag","embeddable":true,"href":"https:\/\/przylep.edu.pl\/przedszkole\/wp-json\/wp\/v2\/tags?post=11872"}],"curies":[{"name":"wp","href":"https:\/\/api.w.org\/{rel}","templated":true}]}}