{"id":11860,"date":"2025-10-14T16:20:24","date_gmt":"2025-10-14T14:20:24","guid":{"rendered":"https:\/\/przylep.edu.pl\/przedszkole\/?p=11860"},"modified":"2025-10-28T16:26:12","modified_gmt":"2025-10-28T15:26:12","slug":"dzien-edukacji-narodowej-4","status":"publish","type":"post","link":"https:\/\/przylep.edu.pl\/przedszkole\/2025\/10\/14\/dzien-edukacji-narodowej-4\/","title":{"rendered":"Dzie\u0144 Edukacji Narodowej"},"content":{"rendered":"\n<p>Z okazji Dnia Edukacji Narodowej sk\u0142adamy najserdeczniejsze \u017cyczenia wszystkim tym, kt\u00f3rzy realizuj\u0105 i wspieraj\u0105 dzie\u0142o edukacji. Dzisiejszy dzie\u0144 nie jest jedynie \u015bwi\u0119tem nauczycieli. To \u015bwi\u0119to ca\u0142ej spo\u0142eczno\u015bci szkolnej: nauczycieli, pracownik\u00f3w administracji i obs\u0142ugi, uczni\u00f3w oraz rodzic\u00f3w. Wszystkim bardzo serdecznie dzi\u0119kujemy za zaanga\u017cowanie w prac\u0119 na rzecz naszej szko\u0142y.<\/p>\n\n\n\n<p>Samorz\u0105d Uczniowski w ZSP w Przylepie.<\/p>\n\n\n\n<figure class=\"wp-block-gallery has-nested-images columns-default is-cropped wp-block-gallery-1 is-layout-flex wp-block-gallery-is-layout-flex\">\n<figure class=\"wp-block-image size-large\"><img loading=\"lazy\" decoding=\"async\" width=\"768\" height=\"1024\" data-id=\"11864\" src=\"https:\/\/przylep.edu.pl\/przedszkole\/wp-content\/uploads\/2025\/10\/aed037a0-8051-4a87-9ae4-7e14fa0e437f-768x1024.jpg\" alt=\"\" class=\"wp-image-11864\" srcset=\"https:\/\/przylep.edu.pl\/przedszkole\/wp-content\/uploads\/2025\/10\/aed037a0-8051-4a87-9ae4-7e14fa0e437f-768x1024.jpg 768w, https:\/\/przylep.edu.pl\/przedszkole\/wp-content\/uploads\/2025\/10\/aed037a0-8051-4a87-9ae4-7e14fa0e437f-225x300.jpg 225w, https:\/\/przylep.edu.pl\/przedszkole\/wp-content\/uploads\/2025\/10\/aed037a0-8051-4a87-9ae4-7e14fa0e437f-1152x1536.jpg 1152w, https:\/\/przylep.edu.pl\/przedszkole\/wp-content\/uploads\/2025\/10\/aed037a0-8051-4a87-9ae4-7e14fa0e437f.jpg 1536w\" sizes=\"auto, (max-width: 768px) 100vw, 768px\" \/><\/figure>\n\n\n\n<figure class=\"wp-block-image size-large\"><img loading=\"lazy\" decoding=\"async\" width=\"768\" height=\"1024\" data-id=\"11865\" src=\"https:\/\/przylep.edu.pl\/przedszkole\/wp-content\/uploads\/2025\/10\/156cd08e-f8b5-40ed-b619-79ae11539d09-768x1024.jpg\" alt=\"\" class=\"wp-image-11865\" srcset=\"https:\/\/przylep.edu.pl\/przedszkole\/wp-content\/uploads\/2025\/10\/156cd08e-f8b5-40ed-b619-79ae11539d09-768x1024.jpg 768w, https:\/\/przylep.edu.pl\/przedszkole\/wp-content\/uploads\/2025\/10\/156cd08e-f8b5-40ed-b619-79ae11539d09-225x300.jpg 225w, https:\/\/przylep.edu.pl\/przedszkole\/wp-content\/uploads\/2025\/10\/156cd08e-f8b5-40ed-b619-79ae11539d09-1152x1536.jpg 1152w, https:\/\/przylep.edu.pl\/przedszkole\/wp-content\/uploads\/2025\/10\/156cd08e-f8b5-40ed-b619-79ae11539d09.jpg 1536w\" sizes=\"auto, (max-width: 768px) 100vw, 768px\" \/><\/figure>\n\n\n\n<figure class=\"wp-block-image size-large\"><img loading=\"lazy\" decoding=\"async\" width=\"768\" height=\"1024\" data-id=\"11866\" src=\"https:\/\/przylep.edu.pl\/przedszkole\/wp-content\/uploads\/2025\/10\/51df33db-1944-44fc-ae71-8223c11e237d-768x1024.jpg\" alt=\"\" class=\"wp-image-11866\" srcset=\"https:\/\/przylep.edu.pl\/przedszkole\/wp-content\/uploads\/2025\/10\/51df33db-1944-44fc-ae71-8223c11e237d-768x1024.jpg 768w, https:\/\/przylep.edu.pl\/przedszkole\/wp-content\/uploads\/2025\/10\/51df33db-1944-44fc-ae71-8223c11e237d-225x300.jpg 225w, https:\/\/przylep.edu.pl\/przedszkole\/wp-content\/uploads\/2025\/10\/51df33db-1944-44fc-ae71-8223c11e237d-1152x1536.jpg 1152w, https:\/\/przylep.edu.pl\/przedszkole\/wp-content\/uploads\/2025\/10\/51df33db-1944-44fc-ae71-8223c11e237d.jpg 1536w\" sizes=\"auto, (max-width: 768px) 100vw, 768px\" \/><\/figure>\n\n\n\n<figure class=\"wp-block-image size-large\"><img loading=\"lazy\" decoding=\"async\" width=\"768\" height=\"1024\" data-id=\"11867\" src=\"https:\/\/przylep.edu.pl\/przedszkole\/wp-content\/uploads\/2025\/10\/d828d9a3-e4dc-47ed-86cb-c55dd36ec747-768x1024.jpg\" alt=\"\" class=\"wp-image-11867\" srcset=\"https:\/\/przylep.edu.pl\/przedszkole\/wp-content\/uploads\/2025\/10\/d828d9a3-e4dc-47ed-86cb-c55dd36ec747-768x1024.jpg 768w, https:\/\/przylep.edu.pl\/przedszkole\/wp-content\/uploads\/2025\/10\/d828d9a3-e4dc-47ed-86cb-c55dd36ec747-225x300.jpg 225w, https:\/\/przylep.edu.pl\/przedszkole\/wp-content\/uploads\/2025\/10\/d828d9a3-e4dc-47ed-86cb-c55dd36ec747-1152x1536.jpg 1152w, https:\/\/przylep.edu.pl\/przedszkole\/wp-content\/uploads\/2025\/10\/d828d9a3-e4dc-47ed-86cb-c55dd36ec747.jpg 1536w\" sizes=\"auto, (max-width: 768px) 100vw, 768px\" \/><\/figure>\n\n\n\n<figure class=\"wp-block-image size-large\"><img loading=\"lazy\" decoding=\"async\" width=\"768\" height=\"1024\" data-id=\"11868\" src=\"https:\/\/przylep.edu.pl\/przedszkole\/wp-content\/uploads\/2025\/10\/432240c8-a9f3-40db-b311-e16819af76f9-768x1024.jpg\" alt=\"\" class=\"wp-image-11868\" srcset=\"https:\/\/przylep.edu.pl\/przedszkole\/wp-content\/uploads\/2025\/10\/432240c8-a9f3-40db-b311-e16819af76f9-768x1024.jpg 768w, https:\/\/przylep.edu.pl\/przedszkole\/wp-content\/uploads\/2025\/10\/432240c8-a9f3-40db-b311-e16819af76f9-225x300.jpg 225w, https:\/\/przylep.edu.pl\/przedszkole\/wp-content\/uploads\/2025\/10\/432240c8-a9f3-40db-b311-e16819af76f9-1152x1536.jpg 1152w, https:\/\/przylep.edu.pl\/przedszkole\/wp-content\/uploads\/2025\/10\/432240c8-a9f3-40db-b311-e16819af76f9.jpg 1536w\" sizes=\"auto, (max-width: 768px) 100vw, 768px\" \/><\/figure>\n\n\n\n<figure class=\"wp-block-image size-large\"><img loading=\"lazy\" decoding=\"async\" width=\"1024\" height=\"768\" data-id=\"11869\" src=\"https:\/\/przylep.edu.pl\/przedszkole\/wp-content\/uploads\/2025\/10\/d041438e-ef45-460b-8c16-b91f7cfe0935-1024x768.jpg\" alt=\"\" class=\"wp-image-11869\" srcset=\"https:\/\/przylep.edu.pl\/przedszkole\/wp-content\/uploads\/2025\/10\/d041438e-ef45-460b-8c16-b91f7cfe0935-1024x768.jpg 1024w, https:\/\/przylep.edu.pl\/przedszkole\/wp-content\/uploads\/2025\/10\/d041438e-ef45-460b-8c16-b91f7cfe0935-300x225.jpg 300w, https:\/\/przylep.edu.pl\/przedszkole\/wp-content\/uploads\/2025\/10\/d041438e-ef45-460b-8c16-b91f7cfe0935-768x576.jpg 768w, https:\/\/przylep.edu.pl\/przedszkole\/wp-content\/uploads\/2025\/10\/d041438e-ef45-460b-8c16-b91f7cfe0935-1536x1152.jpg 1536w, https:\/\/przylep.edu.pl\/przedszkole\/wp-content\/uploads\/2025\/10\/d041438e-ef45-460b-8c16-b91f7cfe0935-600x450.jpg 600w, https:\/\/przylep.edu.pl\/przedszkole\/wp-content\/uploads\/2025\/10\/d041438e-ef45-460b-8c16-b91f7cfe0935.jpg 2048w\" sizes=\"auto, (max-width: 1024px) 100vw, 1024px\" \/><\/figure>\n<\/figure>\n\n\n\n<figure class=\"wp-block-gallery has-nested-images columns-default is-cropped wp-block-gallery-2 is-layout-flex wp-block-gallery-is-layout-flex\">\n<figure class=\"wp-block-image size-large\"><img loading=\"lazy\" decoding=\"async\" width=\"768\" height=\"1024\" data-id=\"11862\" src=\"https:\/\/przylep.edu.pl\/przedszkole\/wp-content\/uploads\/2025\/10\/ed0adeed-0abe-4a01-95a1-4b6fe797a98d-1-768x1024.jpg\" alt=\"\" class=\"wp-image-11862\" srcset=\"https:\/\/przylep.edu.pl\/przedszkole\/wp-content\/uploads\/2025\/10\/ed0adeed-0abe-4a01-95a1-4b6fe797a98d-1-768x1024.jpg 768w, https:\/\/przylep.edu.pl\/przedszkole\/wp-content\/uploads\/2025\/10\/ed0adeed-0abe-4a01-95a1-4b6fe797a98d-1-225x300.jpg 225w, https:\/\/przylep.edu.pl\/przedszkole\/wp-content\/uploads\/2025\/10\/ed0adeed-0abe-4a01-95a1-4b6fe797a98d-1-1152x1536.jpg 1152w, https:\/\/przylep.edu.pl\/przedszkole\/wp-content\/uploads\/2025\/10\/ed0adeed-0abe-4a01-95a1-4b6fe797a98d-1.jpg 1536w\" sizes=\"auto, (max-width: 768px) 100vw, 768px\" \/><\/figure>\n\n\n\n<figure class=\"wp-block-image size-large\"><img loading=\"lazy\" decoding=\"async\" width=\"768\" height=\"1024\" data-id=\"11863\" src=\"https:\/\/przylep.edu.pl\/przedszkole\/wp-content\/uploads\/2025\/10\/da827482-be54-418c-a924-176636c8d842-768x1024.jpg\" alt=\"\" class=\"wp-image-11863\" srcset=\"https:\/\/przylep.edu.pl\/przedszkole\/wp-content\/uploads\/2025\/10\/da827482-be54-418c-a924-176636c8d842-768x1024.jpg 768w, https:\/\/przylep.edu.pl\/przedszkole\/wp-content\/uploads\/2025\/10\/da827482-be54-418c-a924-176636c8d842-225x300.jpg 225w, https:\/\/przylep.edu.pl\/przedszkole\/wp-content\/uploads\/2025\/10\/da827482-be54-418c-a924-176636c8d842-1152x1536.jpg 1152w, https:\/\/przylep.edu.pl\/przedszkole\/wp-content\/uploads\/2025\/10\/da827482-be54-418c-a924-176636c8d842.jpg 1536w\" sizes=\"auto, (max-width: 768px) 100vw, 768px\" \/><\/figure>\n\n\n\n<figure class=\"wp-block-image size-large\"><img loading=\"lazy\" decoding=\"async\" width=\"768\" height=\"1024\" data-id=\"11861\" src=\"https:\/\/przylep.edu.pl\/przedszkole\/wp-content\/uploads\/2025\/10\/ed0adeed-0abe-4a01-95a1-4b6fe797a98d-768x1024.jpg\" alt=\"\" class=\"wp-image-11861\" srcset=\"https:\/\/przylep.edu.pl\/przedszkole\/wp-content\/uploads\/2025\/10\/ed0adeed-0abe-4a01-95a1-4b6fe797a98d-768x1024.jpg 768w, https:\/\/przylep.edu.pl\/przedszkole\/wp-content\/uploads\/2025\/10\/ed0adeed-0abe-4a01-95a1-4b6fe797a98d-225x300.jpg 225w, https:\/\/przylep.edu.pl\/przedszkole\/wp-content\/uploads\/2025\/10\/ed0adeed-0abe-4a01-95a1-4b6fe797a98d-1152x1536.jpg 1152w, https:\/\/przylep.edu.pl\/przedszkole\/wp-content\/uploads\/2025\/10\/ed0adeed-0abe-4a01-95a1-4b6fe797a98d.jpg 1536w\" sizes=\"auto, (max-width: 768px) 100vw, 768px\" \/><\/figure>\n<\/figure>\n","protected":false},"excerpt":{"rendered":"<p>Z okazji Dnia Edukacji Narodowej sk\u0142adamy najserdeczniejsze \u017cyczenia wszystkim tym, kt\u00f3rzy realizuj\u0105 i wspieraj\u0105 dzie\u0142o edukacji. Dzisiejszy dzie\u0144 nie jest jedynie \u015bwi\u0119tem nauczycieli. To \u015bwi\u0119to ca\u0142ej spo\u0142eczno\u015bci szkolnej: nauczycieli, pracownik\u00f3w administracji i obs\u0142ugi, uczni\u00f3w oraz rodzic\u00f3w. Wszystkim bardzo serdecznie dzi\u0119kujemy za zaanga\u017cowanie w prac\u0119 na rzecz naszej szko\u0142y. Samorz\u0105d Uczniowski w ZSP w Przylepie.<\/p>\n","protected":false},"author":2,"featured_media":11870,"comment_status":"closed","ping_status":"open","sticky":false,"template":"","format":"standard","meta":{"footnotes":""},"categories":[45,41,40],"tags":[],"class_list":["post-11860","post","type-post","status-publish","format-standard","has-post-thumbnail","hentry","category-aktualnosci","category-galerie","category-strona-glowna"],"_links":{"self":[{"href":"https:\/\/przylep.edu.pl\/przedszkole\/wp-json\/wp\/v2\/posts\/11860","targetHints":{"allow":["GET"]}}],"collection":[{"href":"https:\/\/przylep.edu.pl\/przedszkole\/wp-json\/wp\/v2\/posts"}],"about":[{"href":"https:\/\/przylep.edu.pl\/przedszkole\/wp-json\/wp\/v2\/types\/post"}],"author":[{"embeddable":true,"href":"https:\/\/przylep.edu.pl\/przedszkole\/wp-json\/wp\/v2\/users\/2"}],"replies":[{"embeddable":true,"href":"https:\/\/przylep.edu.pl\/przedszkole\/wp-json\/wp\/v2\/comments?post=11860"}],"version-history":[{"count":1,"href":"https:\/\/przylep.edu.pl\/przedszkole\/wp-json\/wp\/v2\/posts\/11860\/revisions"}],"predecessor-version":[{"id":11871,"href":"https:\/\/przylep.edu.pl\/przedszkole\/wp-json\/wp\/v2\/posts\/11860\/revisions\/11871"}],"wp:featuredmedia":[{"embeddable":true,"href":"https:\/\/przylep.edu.pl\/przedszkole\/wp-json\/wp\/v2\/media\/11870"}],"wp:attachment":[{"href":"https:\/\/przylep.edu.pl\/przedszkole\/wp-json\/wp\/v2\/media?parent=11860"}],"wp:term":[{"taxonomy":"category","embeddable":true,"href":"https:\/\/przylep.edu.pl\/przedszkole\/wp-json\/wp\/v2\/categories?post=11860"},{"taxonomy":"post_tag","embeddable":true,"href":"https:\/\/przylep.edu.pl\/przedszkole\/wp-json\/wp\/v2\/tags?post=11860"}],"curies":[{"name":"wp","href":"https:\/\/api.w.org\/{rel}","templated":true}]}}