{"id":11826,"date":"2025-04-30T21:16:00","date_gmt":"2025-04-30T19:16:00","guid":{"rendered":"https:\/\/przylep.edu.pl\/przedszkole\/?p=11826"},"modified":"2025-10-27T21:37:56","modified_gmt":"2025-10-27T20:37:56","slug":"dzien-jezyka-angielskiego","status":"publish","type":"post","link":"https:\/\/przylep.edu.pl\/przedszkole\/2025\/04\/30\/dzien-jezyka-angielskiego\/","title":{"rendered":"Dzie\u0144 J\u0119zyka Angielskiego"},"content":{"rendered":"\n<p>Jak co roku w naszej szkole odby\u0142 si\u0119 Dzie\u0144 J\u0119zyka Angielskiego, kt\u00f3ry w tym roku przeni\u00f3s\u0142 nas prosto do Stan\u00f3w Zjednoczonych Ameryki!<\/p>\n\n\n\n<p>Ca\u0142a szko\u0142a zamieni\u0142a si\u0119 w prawdziwe USA \u2013 na korytarzach mo\u017cna by\u0142o zobaczy\u0107 ameryka\u0144skie flagi, plakaty i dekoracje, a ka\u017cda klasa przygotowa\u0142a inny temat zwi\u0105zany z kultur\u0105, histori\u0105 lub tradycjami USA.<\/p>\n\n\n\n<p>Nie zabrak\u0142o r\u00f3wnie\u017c ameryka\u0144skich potraw, pokazu ta\u0144ca w rytmie muzyki country, a tak\u017ce naszych w\u0142asnych symboli \u2013 mini Statuy Wolno\u015bci i ma\u0142ego Hollywood! <br>By\u0142o kolorowo, rado\u015bnie i prawdziwie gwiazdorsko!<\/p>\n\n\n\n<p>Na zako\u0144czenie dnia odby\u0142 si\u0119 przegl\u0105d poezji w j\u0119zyku angielskim, podczas kt\u00f3rego uczniowie zaprezentowali swoje umiej\u0119tno\u015bci j\u0119zykowe i recytatorskie.<\/p>\n\n\n\n<p>To by\u0142 dzie\u0144 pe\u0142en emocji, kreatywno\u015bci i dobrej zabawy \u2013 najlepszy dow\u00f3d na to, \u017ce nauka j\u0119zyka angielskiego mo\u017ce by\u0107 fascynuj\u0105c\u0105 przygod\u0105!<\/p>\n\n\n\n<figure class=\"wp-block-gallery has-nested-images columns-default is-cropped wp-block-gallery-1 is-layout-flex wp-block-gallery-is-layout-flex\">\n<figure class=\"wp-block-image size-large\"><img loading=\"lazy\" decoding=\"async\" width=\"1024\" height=\"473\" data-id=\"11853\" src=\"https:\/\/przylep.edu.pl\/przedszkole\/wp-content\/uploads\/2025\/10\/WhatsApp-Image-2025-10-27-at-21.14.57-1-1024x473.jpeg\" alt=\"\" class=\"wp-image-11853\" srcset=\"https:\/\/przylep.edu.pl\/przedszkole\/wp-content\/uploads\/2025\/10\/WhatsApp-Image-2025-10-27-at-21.14.57-1-1024x473.jpeg 1024w, https:\/\/przylep.edu.pl\/przedszkole\/wp-content\/uploads\/2025\/10\/WhatsApp-Image-2025-10-27-at-21.14.57-1-300x139.jpeg 300w, https:\/\/przylep.edu.pl\/przedszkole\/wp-content\/uploads\/2025\/10\/WhatsApp-Image-2025-10-27-at-21.14.57-1-768x355.jpeg 768w, https:\/\/przylep.edu.pl\/przedszkole\/wp-content\/uploads\/2025\/10\/WhatsApp-Image-2025-10-27-at-21.14.57-1-1536x709.jpeg 1536w, https:\/\/przylep.edu.pl\/przedszkole\/wp-content\/uploads\/2025\/10\/WhatsApp-Image-2025-10-27-at-21.14.57-1.jpeg 2040w\" sizes=\"auto, (max-width: 1024px) 100vw, 1024px\" \/><\/figure>\n\n\n\n<figure class=\"wp-block-image size-large\"><img loading=\"lazy\" decoding=\"async\" width=\"2048\" height=\"2048\" data-id=\"11854\" src=\"https:\/\/przylep.edu.pl\/przedszkole\/wp-content\/uploads\/2025\/10\/WhatsApp-Image-2025-10-27-at-21.22.54.jpeg\" alt=\"\" class=\"wp-image-11854\" \/><\/figure>\n\n\n\n<figure class=\"wp-block-image size-large\"><img loading=\"lazy\" decoding=\"async\" width=\"473\" height=\"1024\" data-id=\"11848\" src=\"https:\/\/przylep.edu.pl\/przedszkole\/wp-content\/uploads\/2025\/10\/WhatsApp-Image-2025-10-27-at-21.14.56-4-473x1024.jpeg\" alt=\"\" class=\"wp-image-11848\" srcset=\"https:\/\/przylep.edu.pl\/przedszkole\/wp-content\/uploads\/2025\/10\/WhatsApp-Image-2025-10-27-at-21.14.56-4-473x1024.jpeg 473w, https:\/\/przylep.edu.pl\/przedszkole\/wp-content\/uploads\/2025\/10\/WhatsApp-Image-2025-10-27-at-21.14.56-4-139x300.jpeg 139w, https:\/\/przylep.edu.pl\/przedszkole\/wp-content\/uploads\/2025\/10\/WhatsApp-Image-2025-10-27-at-21.14.56-4-768x1663.jpeg 768w, https:\/\/przylep.edu.pl\/przedszkole\/wp-content\/uploads\/2025\/10\/WhatsApp-Image-2025-10-27-at-21.14.56-4-709x1536.jpeg 709w, https:\/\/przylep.edu.pl\/przedszkole\/wp-content\/uploads\/2025\/10\/WhatsApp-Image-2025-10-27-at-21.14.56-4.jpeg 942w\" sizes=\"auto, (max-width: 473px) 100vw, 473px\" \/><\/figure>\n\n\n\n<figure class=\"wp-block-image size-large\"><img loading=\"lazy\" decoding=\"async\" width=\"473\" height=\"1024\" data-id=\"11849\" src=\"https:\/\/przylep.edu.pl\/przedszkole\/wp-content\/uploads\/2025\/10\/WhatsApp-Image-2025-10-27-at-21.14.57-2-473x1024.jpeg\" alt=\"\" class=\"wp-image-11849\" srcset=\"https:\/\/przylep.edu.pl\/przedszkole\/wp-content\/uploads\/2025\/10\/WhatsApp-Image-2025-10-27-at-21.14.57-2-473x1024.jpeg 473w, https:\/\/przylep.edu.pl\/przedszkole\/wp-content\/uploads\/2025\/10\/WhatsApp-Image-2025-10-27-at-21.14.57-2-139x300.jpeg 139w, https:\/\/przylep.edu.pl\/przedszkole\/wp-content\/uploads\/2025\/10\/WhatsApp-Image-2025-10-27-at-21.14.57-2-768x1663.jpeg 768w, https:\/\/przylep.edu.pl\/przedszkole\/wp-content\/uploads\/2025\/10\/WhatsApp-Image-2025-10-27-at-21.14.57-2.jpeg 942w\" sizes=\"auto, (max-width: 473px) 100vw, 473px\" \/><\/figure>\n\n\n\n<figure class=\"wp-block-image size-large\"><img loading=\"lazy\" decoding=\"async\" width=\"1536\" height=\"1536\" data-id=\"11850\" src=\"https:\/\/przylep.edu.pl\/przedszkole\/wp-content\/uploads\/2025\/10\/WhatsApp-Image-2025-10-27-at-21.22.54-2.jpeg\" alt=\"\" class=\"wp-image-11850\" srcset=\"https:\/\/przylep.edu.pl\/przedszkole\/wp-content\/uploads\/2025\/10\/WhatsApp-Image-2025-10-27-at-21.22.54-2.jpeg 1536w, https:\/\/przylep.edu.pl\/przedszkole\/wp-content\/uploads\/2025\/10\/WhatsApp-Image-2025-10-27-at-21.22.54-2-300x300.jpeg 300w\" sizes=\"auto, (max-width: 1536px) 100vw, 1536px\" \/><\/figure>\n\n\n\n<figure class=\"wp-block-image size-large\"><img loading=\"lazy\" decoding=\"async\" width=\"473\" height=\"1024\" data-id=\"11851\" src=\"https:\/\/przylep.edu.pl\/przedszkole\/wp-content\/uploads\/2025\/10\/WhatsApp-Image-2025-10-27-at-21.14.57-5-473x1024.jpeg\" alt=\"\" class=\"wp-image-11851\" srcset=\"https:\/\/przylep.edu.pl\/przedszkole\/wp-content\/uploads\/2025\/10\/WhatsApp-Image-2025-10-27-at-21.14.57-5-473x1024.jpeg 473w, https:\/\/przylep.edu.pl\/przedszkole\/wp-content\/uploads\/2025\/10\/WhatsApp-Image-2025-10-27-at-21.14.57-5-139x300.jpeg 139w, https:\/\/przylep.edu.pl\/przedszkole\/wp-content\/uploads\/2025\/10\/WhatsApp-Image-2025-10-27-at-21.14.57-5-768x1663.jpeg 768w, https:\/\/przylep.edu.pl\/przedszkole\/wp-content\/uploads\/2025\/10\/WhatsApp-Image-2025-10-27-at-21.14.57-5-709x1536.jpeg 709w, https:\/\/przylep.edu.pl\/przedszkole\/wp-content\/uploads\/2025\/10\/WhatsApp-Image-2025-10-27-at-21.14.57-5.jpeg 942w\" sizes=\"auto, (max-width: 473px) 100vw, 473px\" \/><\/figure>\n<\/figure>\n\n\n\n<figure class=\"wp-block-gallery has-nested-images columns-default is-cropped wp-block-gallery-2 is-layout-flex wp-block-gallery-is-layout-flex\">\n<figure class=\"wp-block-image size-large\"><img loading=\"lazy\" decoding=\"async\" width=\"1024\" height=\"1024\" data-id=\"11852\" src=\"https:\/\/przylep.edu.pl\/przedszkole\/wp-content\/uploads\/2025\/10\/WhatsApp-Image-2025-10-27-at-21.22.54-1-1024x1024.jpeg\" alt=\"\" class=\"wp-image-11852\" srcset=\"https:\/\/przylep.edu.pl\/przedszkole\/wp-content\/uploads\/2025\/10\/WhatsApp-Image-2025-10-27-at-21.22.54-1-1024x1024.jpeg 1024w, https:\/\/przylep.edu.pl\/przedszkole\/wp-content\/uploads\/2025\/10\/WhatsApp-Image-2025-10-27-at-21.22.54-1-300x300.jpeg 300w, https:\/\/przylep.edu.pl\/przedszkole\/wp-content\/uploads\/2025\/10\/WhatsApp-Image-2025-10-27-at-21.22.54-1-150x150.jpeg 150w, https:\/\/przylep.edu.pl\/przedszkole\/wp-content\/uploads\/2025\/10\/WhatsApp-Image-2025-10-27-at-21.22.54-1-768x768.jpeg 768w, https:\/\/przylep.edu.pl\/przedszkole\/wp-content\/uploads\/2025\/10\/WhatsApp-Image-2025-10-27-at-21.22.54-1-600x600.jpeg 600w, https:\/\/przylep.edu.pl\/przedszkole\/wp-content\/uploads\/2025\/10\/WhatsApp-Image-2025-10-27-at-21.22.54-1.jpeg 1536w\" sizes=\"auto, (max-width: 1024px) 100vw, 1024px\" \/><\/figure>\n\n\n\n<figure class=\"wp-block-image size-large\"><img loading=\"lazy\" decoding=\"async\" width=\"473\" height=\"1024\" data-id=\"11847\" src=\"https:\/\/przylep.edu.pl\/przedszkole\/wp-content\/uploads\/2025\/10\/WhatsApp-Image-2025-10-27-at-21.14.56-473x1024.jpeg\" alt=\"\" class=\"wp-image-11847\" srcset=\"https:\/\/przylep.edu.pl\/przedszkole\/wp-content\/uploads\/2025\/10\/WhatsApp-Image-2025-10-27-at-21.14.56-473x1024.jpeg 473w, https:\/\/przylep.edu.pl\/przedszkole\/wp-content\/uploads\/2025\/10\/WhatsApp-Image-2025-10-27-at-21.14.56-139x300.jpeg 139w, https:\/\/przylep.edu.pl\/przedszkole\/wp-content\/uploads\/2025\/10\/WhatsApp-Image-2025-10-27-at-21.14.56-768x1663.jpeg 768w, https:\/\/przylep.edu.pl\/przedszkole\/wp-content\/uploads\/2025\/10\/WhatsApp-Image-2025-10-27-at-21.14.56-709x1536.jpeg 709w, https:\/\/przylep.edu.pl\/przedszkole\/wp-content\/uploads\/2025\/10\/WhatsApp-Image-2025-10-27-at-21.14.56.jpeg 942w\" sizes=\"auto, (max-width: 473px) 100vw, 473px\" \/><\/figure>\n\n\n\n<figure class=\"wp-block-image size-large\"><img loading=\"lazy\" decoding=\"async\" width=\"1024\" height=\"473\" data-id=\"11844\" src=\"https:\/\/przylep.edu.pl\/przedszkole\/wp-content\/uploads\/2025\/10\/WhatsApp-Image-2025-10-27-at-21.14.57-7-1024x473.jpeg\" alt=\"\" class=\"wp-image-11844\" srcset=\"https:\/\/przylep.edu.pl\/przedszkole\/wp-content\/uploads\/2025\/10\/WhatsApp-Image-2025-10-27-at-21.14.57-7-1024x473.jpeg 1024w, https:\/\/przylep.edu.pl\/przedszkole\/wp-content\/uploads\/2025\/10\/WhatsApp-Image-2025-10-27-at-21.14.57-7-300x139.jpeg 300w, https:\/\/przylep.edu.pl\/przedszkole\/wp-content\/uploads\/2025\/10\/WhatsApp-Image-2025-10-27-at-21.14.57-7-768x355.jpeg 768w, https:\/\/przylep.edu.pl\/przedszkole\/wp-content\/uploads\/2025\/10\/WhatsApp-Image-2025-10-27-at-21.14.57-7-1536x709.jpeg 1536w, https:\/\/przylep.edu.pl\/przedszkole\/wp-content\/uploads\/2025\/10\/WhatsApp-Image-2025-10-27-at-21.14.57-7.jpeg 2040w\" sizes=\"auto, (max-width: 1024px) 100vw, 1024px\" \/><\/figure>\n\n\n\n<figure class=\"wp-block-image size-large\"><img loading=\"lazy\" decoding=\"async\" width=\"1024\" height=\"473\" data-id=\"11845\" src=\"https:\/\/przylep.edu.pl\/przedszkole\/wp-content\/uploads\/2025\/10\/WhatsApp-Image-2025-10-27-at-21.14.57-8-1024x473.jpeg\" alt=\"\" class=\"wp-image-11845\" srcset=\"https:\/\/przylep.edu.pl\/przedszkole\/wp-content\/uploads\/2025\/10\/WhatsApp-Image-2025-10-27-at-21.14.57-8-1024x473.jpeg 1024w, https:\/\/przylep.edu.pl\/przedszkole\/wp-content\/uploads\/2025\/10\/WhatsApp-Image-2025-10-27-at-21.14.57-8-300x139.jpeg 300w, https:\/\/przylep.edu.pl\/przedszkole\/wp-content\/uploads\/2025\/10\/WhatsApp-Image-2025-10-27-at-21.14.57-8-768x355.jpeg 768w, https:\/\/przylep.edu.pl\/przedszkole\/wp-content\/uploads\/2025\/10\/WhatsApp-Image-2025-10-27-at-21.14.57-8-1536x709.jpeg 1536w, https:\/\/przylep.edu.pl\/przedszkole\/wp-content\/uploads\/2025\/10\/WhatsApp-Image-2025-10-27-at-21.14.57-8.jpeg 2040w\" sizes=\"auto, (max-width: 1024px) 100vw, 1024px\" \/><\/figure>\n\n\n\n<figure class=\"wp-block-image size-large\"><img loading=\"lazy\" decoding=\"async\" width=\"1024\" height=\"768\" data-id=\"11839\" src=\"https:\/\/przylep.edu.pl\/przedszkole\/wp-content\/uploads\/2025\/10\/WhatsApp-Image-2025-10-27-at-21.14.56-7-1024x768.jpeg\" alt=\"\" class=\"wp-image-11839\" srcset=\"https:\/\/przylep.edu.pl\/przedszkole\/wp-content\/uploads\/2025\/10\/WhatsApp-Image-2025-10-27-at-21.14.56-7-1024x768.jpeg 1024w, https:\/\/przylep.edu.pl\/przedszkole\/wp-content\/uploads\/2025\/10\/WhatsApp-Image-2025-10-27-at-21.14.56-7-300x225.jpeg 300w, https:\/\/przylep.edu.pl\/przedszkole\/wp-content\/uploads\/2025\/10\/WhatsApp-Image-2025-10-27-at-21.14.56-7-768x576.jpeg 768w, https:\/\/przylep.edu.pl\/przedszkole\/wp-content\/uploads\/2025\/10\/WhatsApp-Image-2025-10-27-at-21.14.56-7.jpeg 1600w\" sizes=\"auto, (max-width: 1024px) 100vw, 1024px\" \/><\/figure>\n<\/figure>\n\n\n\n<figure class=\"wp-block-image size-large\"><img loading=\"lazy\" decoding=\"async\" width=\"473\" height=\"1024\" src=\"https:\/\/przylep.edu.pl\/przedszkole\/wp-content\/uploads\/2025\/10\/WhatsApp-Image-2025-10-27-at-21.14.57-3-473x1024.jpeg\" alt=\"\" class=\"wp-image-11841\" srcset=\"https:\/\/przylep.edu.pl\/przedszkole\/wp-content\/uploads\/2025\/10\/WhatsApp-Image-2025-10-27-at-21.14.57-3-473x1024.jpeg 473w, https:\/\/przylep.edu.pl\/przedszkole\/wp-content\/uploads\/2025\/10\/WhatsApp-Image-2025-10-27-at-21.14.57-3-139x300.jpeg 139w, https:\/\/przylep.edu.pl\/przedszkole\/wp-content\/uploads\/2025\/10\/WhatsApp-Image-2025-10-27-at-21.14.57-3.jpeg 942w\" sizes=\"auto, (max-width: 473px) 100vw, 473px\" \/><\/figure>\n\n\n\n<figure class=\"wp-block-image size-large\"><img loading=\"lazy\" decoding=\"async\" width=\"1024\" height=\"473\" src=\"https:\/\/przylep.edu.pl\/przedszkole\/wp-content\/uploads\/2025\/10\/WhatsApp-Image-2025-10-27-at-21.14.57-6-1024x473.jpeg\" alt=\"\" class=\"wp-image-11842\" srcset=\"https:\/\/przylep.edu.pl\/przedszkole\/wp-content\/uploads\/2025\/10\/WhatsApp-Image-2025-10-27-at-21.14.57-6-1024x473.jpeg 1024w, https:\/\/przylep.edu.pl\/przedszkole\/wp-content\/uploads\/2025\/10\/WhatsApp-Image-2025-10-27-at-21.14.57-6-300x139.jpeg 300w, https:\/\/przylep.edu.pl\/przedszkole\/wp-content\/uploads\/2025\/10\/WhatsApp-Image-2025-10-27-at-21.14.57-6-768x355.jpeg 768w, https:\/\/przylep.edu.pl\/przedszkole\/wp-content\/uploads\/2025\/10\/WhatsApp-Image-2025-10-27-at-21.14.57-6-1536x709.jpeg 1536w, https:\/\/przylep.edu.pl\/przedszkole\/wp-content\/uploads\/2025\/10\/WhatsApp-Image-2025-10-27-at-21.14.57-6.jpeg 2040w\" sizes=\"auto, (max-width: 1024px) 100vw, 1024px\" \/><\/figure>\n\n\n\n<figure class=\"wp-block-image size-large\"><img loading=\"lazy\" decoding=\"async\" width=\"2048\" height=\"2048\" src=\"https:\/\/przylep.edu.pl\/przedszkole\/wp-content\/uploads\/2025\/10\/WhatsApp-Image-2025-10-27-at-21.22.54-3.jpeg\" alt=\"\" class=\"wp-image-11843\" srcset=\"https:\/\/przylep.edu.pl\/przedszkole\/wp-content\/uploads\/2025\/10\/WhatsApp-Image-2025-10-27-at-21.22.54-3.jpeg 2048w, https:\/\/przylep.edu.pl\/przedszkole\/wp-content\/uploads\/2025\/10\/WhatsApp-Image-2025-10-27-at-21.22.54-3-300x300.jpeg 300w\" sizes=\"auto, (max-width: 2048px) 100vw, 2048px\" \/><\/figure>\n\n\n\n<figure class=\"wp-block-image size-large\"><img loading=\"lazy\" decoding=\"async\" width=\"1024\" height=\"473\" src=\"https:\/\/przylep.edu.pl\/przedszkole\/wp-content\/uploads\/2025\/10\/WhatsApp-Image-2025-10-27-at-21.14.55-2-1024x473.jpeg\" alt=\"\" class=\"wp-image-11840\" srcset=\"https:\/\/przylep.edu.pl\/przedszkole\/wp-content\/uploads\/2025\/10\/WhatsApp-Image-2025-10-27-at-21.14.55-2-1024x473.jpeg 1024w, https:\/\/przylep.edu.pl\/przedszkole\/wp-content\/uploads\/2025\/10\/WhatsApp-Image-2025-10-27-at-21.14.55-2-300x139.jpeg 300w, https:\/\/przylep.edu.pl\/przedszkole\/wp-content\/uploads\/2025\/10\/WhatsApp-Image-2025-10-27-at-21.14.55-2-768x355.jpeg 768w, https:\/\/przylep.edu.pl\/przedszkole\/wp-content\/uploads\/2025\/10\/WhatsApp-Image-2025-10-27-at-21.14.55-2-1536x709.jpeg 1536w, https:\/\/przylep.edu.pl\/przedszkole\/wp-content\/uploads\/2025\/10\/WhatsApp-Image-2025-10-27-at-21.14.55-2.jpeg 2040w\" sizes=\"auto, (max-width: 1024px) 100vw, 1024px\" \/><\/figure>\n\n\n\n<figure class=\"wp-block-gallery has-nested-images columns-default is-cropped wp-block-gallery-3 is-layout-flex wp-block-gallery-is-layout-flex\">\n<figure class=\"wp-block-image size-large\"><img loading=\"lazy\" decoding=\"async\" width=\"472\" height=\"1024\" data-id=\"11828\" src=\"https:\/\/przylep.edu.pl\/przedszkole\/wp-content\/uploads\/2025\/10\/WhatsApp-Image-2025-10-27-at-21.14.55-472x1024.jpeg\" alt=\"\" class=\"wp-image-11828\" srcset=\"https:\/\/przylep.edu.pl\/przedszkole\/wp-content\/uploads\/2025\/10\/WhatsApp-Image-2025-10-27-at-21.14.55-472x1024.jpeg 472w, https:\/\/przylep.edu.pl\/przedszkole\/wp-content\/uploads\/2025\/10\/WhatsApp-Image-2025-10-27-at-21.14.55-138x300.jpeg 138w, https:\/\/przylep.edu.pl\/przedszkole\/wp-content\/uploads\/2025\/10\/WhatsApp-Image-2025-10-27-at-21.14.55-708x1536.jpeg 708w, https:\/\/przylep.edu.pl\/przedszkole\/wp-content\/uploads\/2025\/10\/WhatsApp-Image-2025-10-27-at-21.14.55.jpeg 738w\" sizes=\"auto, (max-width: 472px) 100vw, 472px\" \/><\/figure>\n\n\n\n<figure class=\"wp-block-image size-large\"><img loading=\"lazy\" decoding=\"async\" width=\"472\" height=\"1024\" data-id=\"11837\" src=\"https:\/\/przylep.edu.pl\/przedszkole\/wp-content\/uploads\/2025\/10\/WhatsApp-Image-2025-10-27-at-21.14.56-6-472x1024.jpeg\" alt=\"\" class=\"wp-image-11837\" srcset=\"https:\/\/przylep.edu.pl\/przedszkole\/wp-content\/uploads\/2025\/10\/WhatsApp-Image-2025-10-27-at-21.14.56-6-472x1024.jpeg 472w, https:\/\/przylep.edu.pl\/przedszkole\/wp-content\/uploads\/2025\/10\/WhatsApp-Image-2025-10-27-at-21.14.56-6-138x300.jpeg 138w, https:\/\/przylep.edu.pl\/przedszkole\/wp-content\/uploads\/2025\/10\/WhatsApp-Image-2025-10-27-at-21.14.56-6-708x1536.jpeg 708w, https:\/\/przylep.edu.pl\/przedszkole\/wp-content\/uploads\/2025\/10\/WhatsApp-Image-2025-10-27-at-21.14.56-6.jpeg 738w\" sizes=\"auto, (max-width: 472px) 100vw, 472px\" \/><\/figure>\n\n\n\n<figure class=\"wp-block-image size-large\"><img decoding=\"async\" data-id=\"11838\" src=\"https:\/\/przylep.edu.pl\/przedszkole\/wp-content\/uploads\/2025\/10\/WhatsApp-Image-2025-10-27-at-21.14.56-2.jpeg\" alt=\"\" class=\"wp-image-11838\" \/><\/figure>\n\n\n\n<figure class=\"wp-block-image size-large\"><img loading=\"lazy\" decoding=\"async\" width=\"1024\" height=\"472\" data-id=\"11831\" src=\"https:\/\/przylep.edu.pl\/przedszkole\/wp-content\/uploads\/2025\/10\/WhatsApp-Image-2025-10-27-at-21.14.57-9-1024x472.jpeg\" alt=\"\" class=\"wp-image-11831\" srcset=\"https:\/\/przylep.edu.pl\/przedszkole\/wp-content\/uploads\/2025\/10\/WhatsApp-Image-2025-10-27-at-21.14.57-9-1024x472.jpeg 1024w, https:\/\/przylep.edu.pl\/przedszkole\/wp-content\/uploads\/2025\/10\/WhatsApp-Image-2025-10-27-at-21.14.57-9-300x138.jpeg 300w, https:\/\/przylep.edu.pl\/przedszkole\/wp-content\/uploads\/2025\/10\/WhatsApp-Image-2025-10-27-at-21.14.57-9-768x354.jpeg 768w, https:\/\/przylep.edu.pl\/przedszkole\/wp-content\/uploads\/2025\/10\/WhatsApp-Image-2025-10-27-at-21.14.57-9-1536x708.jpeg 1536w, https:\/\/przylep.edu.pl\/przedszkole\/wp-content\/uploads\/2025\/10\/WhatsApp-Image-2025-10-27-at-21.14.57-9.jpeg 1600w\" sizes=\"auto, (max-width: 1024px) 100vw, 1024px\" \/><\/figure>\n\n\n\n<figure class=\"wp-block-image size-large\"><img loading=\"lazy\" decoding=\"async\" width=\"1024\" height=\"472\" data-id=\"11830\" src=\"https:\/\/przylep.edu.pl\/przedszkole\/wp-content\/uploads\/2025\/10\/WhatsApp-Image-2025-10-27-at-21.14.56-1-1024x472.jpeg\" alt=\"\" class=\"wp-image-11830\" srcset=\"https:\/\/przylep.edu.pl\/przedszkole\/wp-content\/uploads\/2025\/10\/WhatsApp-Image-2025-10-27-at-21.14.56-1-1024x472.jpeg 1024w, https:\/\/przylep.edu.pl\/przedszkole\/wp-content\/uploads\/2025\/10\/WhatsApp-Image-2025-10-27-at-21.14.56-1-300x138.jpeg 300w, https:\/\/przylep.edu.pl\/przedszkole\/wp-content\/uploads\/2025\/10\/WhatsApp-Image-2025-10-27-at-21.14.56-1-768x354.jpeg 768w, https:\/\/przylep.edu.pl\/przedszkole\/wp-content\/uploads\/2025\/10\/WhatsApp-Image-2025-10-27-at-21.14.56-1-1536x708.jpeg 1536w, https:\/\/przylep.edu.pl\/przedszkole\/wp-content\/uploads\/2025\/10\/WhatsApp-Image-2025-10-27-at-21.14.56-1.jpeg 1600w\" sizes=\"auto, (max-width: 1024px) 100vw, 1024px\" \/><\/figure>\n<\/figure>\n","protected":false},"excerpt":{"rendered":"<p>Jak co roku w naszej szkole odby\u0142 si\u0119 Dzie\u0144 J\u0119zyka Angielskiego, kt\u00f3ry w tym roku przeni\u00f3s\u0142 nas prosto do Stan\u00f3w Zjednoczonych Ameryki! Ca\u0142a szko\u0142a zamieni\u0142a si\u0119 w prawdziwe USA \u2013 na korytarzach mo\u017cna by\u0142o zobaczy\u0107 ameryka\u0144skie flagi, plakaty i dekoracje, a ka\u017cda klasa przygotowa\u0142a inny temat zwi\u0105zany z kultur\u0105, histori\u0105 lub tradycjami USA. Nie zabrak\u0142o [&hellip;]<\/p>\n","protected":false},"author":2,"featured_media":11855,"comment_status":"closed","ping_status":"open","sticky":false,"template":"","format":"standard","meta":{"footnotes":""},"categories":[45,41,40],"tags":[],"class_list":["post-11826","post","type-post","status-publish","format-standard","has-post-thumbnail","hentry","category-aktualnosci","category-galerie","category-strona-glowna"],"_links":{"self":[{"href":"https:\/\/przylep.edu.pl\/przedszkole\/wp-json\/wp\/v2\/posts\/11826","targetHints":{"allow":["GET"]}}],"collection":[{"href":"https:\/\/przylep.edu.pl\/przedszkole\/wp-json\/wp\/v2\/posts"}],"about":[{"href":"https:\/\/przylep.edu.pl\/przedszkole\/wp-json\/wp\/v2\/types\/post"}],"author":[{"embeddable":true,"href":"https:\/\/przylep.edu.pl\/przedszkole\/wp-json\/wp\/v2\/users\/2"}],"replies":[{"embeddable":true,"href":"https:\/\/przylep.edu.pl\/przedszkole\/wp-json\/wp\/v2\/comments?post=11826"}],"version-history":[{"count":1,"href":"https:\/\/przylep.edu.pl\/przedszkole\/wp-json\/wp\/v2\/posts\/11826\/revisions"}],"predecessor-version":[{"id":11856,"href":"https:\/\/przylep.edu.pl\/przedszkole\/wp-json\/wp\/v2\/posts\/11826\/revisions\/11856"}],"wp:featuredmedia":[{"embeddable":true,"href":"https:\/\/przylep.edu.pl\/przedszkole\/wp-json\/wp\/v2\/media\/11855"}],"wp:attachment":[{"href":"https:\/\/przylep.edu.pl\/przedszkole\/wp-json\/wp\/v2\/media?parent=11826"}],"wp:term":[{"taxonomy":"category","embeddable":true,"href":"https:\/\/przylep.edu.pl\/przedszkole\/wp-json\/wp\/v2\/categories?post=11826"},{"taxonomy":"post_tag","embeddable":true,"href":"https:\/\/przylep.edu.pl\/przedszkole\/wp-json\/wp\/v2\/tags?post=11826"}],"curies":[{"name":"wp","href":"https:\/\/api.w.org\/{rel}","templated":true}]}}