{"id":11763,"date":"2025-09-16T19:56:00","date_gmt":"2025-09-16T17:56:00","guid":{"rendered":"https:\/\/przylep.edu.pl\/przedszkole\/?p=11763"},"modified":"2025-10-27T20:09:42","modified_gmt":"2025-10-27T19:09:42","slug":"dzien-kropki-4","status":"publish","type":"post","link":"https:\/\/przylep.edu.pl\/przedszkole\/2025\/09\/16\/dzien-kropki-4\/","title":{"rendered":"Dzie\u0144 Kropki"},"content":{"rendered":"\n<p>Z okazji Dnia Kropki uczniowie klasy 2a po raz kolejny dali popis swojej kreatywno\u015bci! W ubieg\u0142ym roku tworzyli wyj\u0105tkowe, malowane koszulki w kropki, a tym razem postanowili je ulepszy\u0107. Z kolorowego filcu wycinali k\u00f3\u0142ka i przyszywali je do swoich koszulek, nadaj\u0105c im nowy, niepowtarzalny wygl\u0105d. Takie zaj\u0119cia to doskona\u0142a okazja do rozwijania wyobra\u017ani, zdolno\u015bci manualnych i wiary we w\u0142asne mo\u017cliwo\u015bci!<\/p>\n","protected":false},"excerpt":{"rendered":"<p>Z okazji Dnia Kropki uczniowie klasy 2a po raz kolejny dali popis swojej kreatywno\u015bci! W ubieg\u0142ym roku tworzyli wyj\u0105tkowe, malowane koszulki w kropki, a tym razem postanowili je ulepszy\u0107. Z kolorowego filcu wycinali k\u00f3\u0142ka i przyszywali je do swoich koszulek, nadaj\u0105c im nowy, niepowtarzalny wygl\u0105d. Takie zaj\u0119cia to doskona\u0142a okazja do rozwijania wyobra\u017ani, zdolno\u015bci manualnych [&hellip;]<\/p>\n","protected":false},"author":2,"featured_media":11764,"comment_status":"closed","ping_status":"open","sticky":false,"template":"","format":"standard","meta":{"footnotes":""},"categories":[45],"tags":[],"class_list":["post-11763","post","type-post","status-publish","format-standard","has-post-thumbnail","hentry","category-aktualnosci"],"_links":{"self":[{"href":"https:\/\/przylep.edu.pl\/przedszkole\/wp-json\/wp\/v2\/posts\/11763","targetHints":{"allow":["GET"]}}],"collection":[{"href":"https:\/\/przylep.edu.pl\/przedszkole\/wp-json\/wp\/v2\/posts"}],"about":[{"href":"https:\/\/przylep.edu.pl\/przedszkole\/wp-json\/wp\/v2\/types\/post"}],"author":[{"embeddable":true,"href":"https:\/\/przylep.edu.pl\/przedszkole\/wp-json\/wp\/v2\/users\/2"}],"replies":[{"embeddable":true,"href":"https:\/\/przylep.edu.pl\/przedszkole\/wp-json\/wp\/v2\/comments?post=11763"}],"version-history":[{"count":1,"href":"https:\/\/przylep.edu.pl\/przedszkole\/wp-json\/wp\/v2\/posts\/11763\/revisions"}],"predecessor-version":[{"id":11765,"href":"https:\/\/przylep.edu.pl\/przedszkole\/wp-json\/wp\/v2\/posts\/11763\/revisions\/11765"}],"wp:featuredmedia":[{"embeddable":true,"href":"https:\/\/przylep.edu.pl\/przedszkole\/wp-json\/wp\/v2\/media\/11764"}],"wp:attachment":[{"href":"https:\/\/przylep.edu.pl\/przedszkole\/wp-json\/wp\/v2\/media?parent=11763"}],"wp:term":[{"taxonomy":"category","embeddable":true,"href":"https:\/\/przylep.edu.pl\/przedszkole\/wp-json\/wp\/v2\/categories?post=11763"},{"taxonomy":"post_tag","embeddable":true,"href":"https:\/\/przylep.edu.pl\/przedszkole\/wp-json\/wp\/v2\/tags?post=11763"}],"curies":[{"name":"wp","href":"https:\/\/api.w.org\/{rel}","templated":true}]}}