{"id":11725,"date":"2025-03-05T17:03:00","date_gmt":"2025-03-05T16:03:00","guid":{"rendered":"https:\/\/przylep.edu.pl\/przedszkole\/?p=11725"},"modified":"2025-10-27T17:08:13","modified_gmt":"2025-10-27T16:08:13","slug":"lekcja-historii-w-centrum-dialogu-przelomy","status":"publish","type":"post","link":"https:\/\/przylep.edu.pl\/przedszkole\/2025\/03\/05\/lekcja-historii-w-centrum-dialogu-przelomy\/","title":{"rendered":"Lekcja historii w Centrum Dialogu Prze\u0142omy"},"content":{"rendered":"\n<p>Dnia 4 marca uczniowie klasy V wybrali si\u0119 do Centrum Dialogu \u201ePrze\u0142omy\u201d w Szczecinie, aby wzi\u0105\u0107 udzia\u0142 w kolejnej, niezwykle ciekawej lekcji historii.<\/p>\n\n\n\n<p>Tym razem uczestnicy zaj\u0119\u0107 zastanawiali si\u0119 nad trudnym pytaniem:<br>\u201eCzy mo\u017cna odnale\u017a\u0107 \u015bwiat dziecka w zawi\u0142ej i ponurej historii powojennego i komunistycznego Szczecina?\u201d<\/p>\n\n\n\n<p>Podczas warsztat\u00f3w uczniowie poznali losy najm\u0142odszych mieszka\u0144c\u00f3w miasta w tamtym okresie, ich codzienne \u017cycie, zabawy, szko\u0142\u0119 oraz wyzwania, z jakimi musieli si\u0119 mierzy\u0107. Dzi\u0119ki ciekawym opowie\u015bciom prowadz\u0105cych i bogatej ekspozycji muzealnej mogli lepiej zrozumie\u0107 histori\u0119 Szczecina \u2013 widzian\u0105 oczami dzieci.<\/p>\n\n\n\n<p>To by\u0142a warto\u015bciowa i refleksyjna lekcja, kt\u00f3ra pokaza\u0142a, \u017ce historia to nie tylko daty i wydarzenia, ale tak\u017ce emocje, wspomnienia i ludzkie losy.<\/p>\n\n\n\n<figure class=\"wp-block-gallery has-nested-images columns-default is-cropped wp-block-gallery-1 is-layout-flex wp-block-gallery-is-layout-flex\">\n<figure class=\"wp-block-image size-large\"><img loading=\"lazy\" decoding=\"async\" width=\"473\" height=\"1024\" data-id=\"11730\" src=\"https:\/\/przylep.edu.pl\/przedszkole\/wp-content\/uploads\/2025\/10\/WhatsApp-Image-2025-10-27-at-16.58.50-3-473x1024.jpeg\" alt=\"\" class=\"wp-image-11730\" srcset=\"https:\/\/przylep.edu.pl\/przedszkole\/wp-content\/uploads\/2025\/10\/WhatsApp-Image-2025-10-27-at-16.58.50-3-473x1024.jpeg 473w, https:\/\/przylep.edu.pl\/przedszkole\/wp-content\/uploads\/2025\/10\/WhatsApp-Image-2025-10-27-at-16.58.50-3-139x300.jpeg 139w, https:\/\/przylep.edu.pl\/przedszkole\/wp-content\/uploads\/2025\/10\/WhatsApp-Image-2025-10-27-at-16.58.50-3-768x1663.jpeg 768w, https:\/\/przylep.edu.pl\/przedszkole\/wp-content\/uploads\/2025\/10\/WhatsApp-Image-2025-10-27-at-16.58.50-3-709x1536.jpeg 709w, https:\/\/przylep.edu.pl\/przedszkole\/wp-content\/uploads\/2025\/10\/WhatsApp-Image-2025-10-27-at-16.58.50-3.jpeg 942w\" sizes=\"auto, (max-width: 473px) 100vw, 473px\" \/><\/figure>\n\n\n\n<figure class=\"wp-block-image size-large\"><img loading=\"lazy\" decoding=\"async\" width=\"1024\" height=\"473\" data-id=\"11731\" src=\"https:\/\/przylep.edu.pl\/przedszkole\/wp-content\/uploads\/2025\/10\/WhatsApp-Image-2025-10-27-at-16.58.50-4-1024x473.jpeg\" alt=\"\" class=\"wp-image-11731\" srcset=\"https:\/\/przylep.edu.pl\/przedszkole\/wp-content\/uploads\/2025\/10\/WhatsApp-Image-2025-10-27-at-16.58.50-4-1024x473.jpeg 1024w, https:\/\/przylep.edu.pl\/przedszkole\/wp-content\/uploads\/2025\/10\/WhatsApp-Image-2025-10-27-at-16.58.50-4-300x139.jpeg 300w, https:\/\/przylep.edu.pl\/przedszkole\/wp-content\/uploads\/2025\/10\/WhatsApp-Image-2025-10-27-at-16.58.50-4-768x355.jpeg 768w, https:\/\/przylep.edu.pl\/przedszkole\/wp-content\/uploads\/2025\/10\/WhatsApp-Image-2025-10-27-at-16.58.50-4-1536x709.jpeg 1536w, https:\/\/przylep.edu.pl\/przedszkole\/wp-content\/uploads\/2025\/10\/WhatsApp-Image-2025-10-27-at-16.58.50-4.jpeg 2040w\" sizes=\"auto, (max-width: 1024px) 100vw, 1024px\" \/><\/figure>\n\n\n\n<figure class=\"wp-block-image size-large\"><img loading=\"lazy\" decoding=\"async\" width=\"473\" height=\"1024\" data-id=\"11732\" src=\"https:\/\/przylep.edu.pl\/przedszkole\/wp-content\/uploads\/2025\/10\/WhatsApp-Image-2025-10-27-at-16.58.50-6-473x1024.jpeg\" alt=\"\" class=\"wp-image-11732\" srcset=\"https:\/\/przylep.edu.pl\/przedszkole\/wp-content\/uploads\/2025\/10\/WhatsApp-Image-2025-10-27-at-16.58.50-6-473x1024.jpeg 473w, https:\/\/przylep.edu.pl\/przedszkole\/wp-content\/uploads\/2025\/10\/WhatsApp-Image-2025-10-27-at-16.58.50-6-139x300.jpeg 139w, https:\/\/przylep.edu.pl\/przedszkole\/wp-content\/uploads\/2025\/10\/WhatsApp-Image-2025-10-27-at-16.58.50-6-768x1663.jpeg 768w, https:\/\/przylep.edu.pl\/przedszkole\/wp-content\/uploads\/2025\/10\/WhatsApp-Image-2025-10-27-at-16.58.50-6-709x1536.jpeg 709w, https:\/\/przylep.edu.pl\/przedszkole\/wp-content\/uploads\/2025\/10\/WhatsApp-Image-2025-10-27-at-16.58.50-6.jpeg 942w\" sizes=\"auto, (max-width: 473px) 100vw, 473px\" \/><\/figure>\n\n\n\n<figure class=\"wp-block-image size-large\"><img loading=\"lazy\" decoding=\"async\" width=\"1024\" height=\"473\" data-id=\"11733\" src=\"https:\/\/przylep.edu.pl\/przedszkole\/wp-content\/uploads\/2025\/10\/WhatsApp-Image-2025-10-27-at-16.58.50-5-1024x473.jpeg\" alt=\"\" class=\"wp-image-11733\" srcset=\"https:\/\/przylep.edu.pl\/przedszkole\/wp-content\/uploads\/2025\/10\/WhatsApp-Image-2025-10-27-at-16.58.50-5-1024x473.jpeg 1024w, https:\/\/przylep.edu.pl\/przedszkole\/wp-content\/uploads\/2025\/10\/WhatsApp-Image-2025-10-27-at-16.58.50-5-300x139.jpeg 300w, https:\/\/przylep.edu.pl\/przedszkole\/wp-content\/uploads\/2025\/10\/WhatsApp-Image-2025-10-27-at-16.58.50-5-768x355.jpeg 768w, https:\/\/przylep.edu.pl\/przedszkole\/wp-content\/uploads\/2025\/10\/WhatsApp-Image-2025-10-27-at-16.58.50-5-1536x709.jpeg 1536w, https:\/\/przylep.edu.pl\/przedszkole\/wp-content\/uploads\/2025\/10\/WhatsApp-Image-2025-10-27-at-16.58.50-5.jpeg 2040w\" sizes=\"auto, (max-width: 1024px) 100vw, 1024px\" \/><\/figure>\n\n\n\n<figure class=\"wp-block-image size-large\"><img loading=\"lazy\" decoding=\"async\" width=\"473\" height=\"1024\" data-id=\"11727\" src=\"https:\/\/przylep.edu.pl\/przedszkole\/wp-content\/uploads\/2025\/10\/WhatsApp-Image-2025-10-27-at-16.58.50-2-473x1024.jpeg\" alt=\"\" class=\"wp-image-11727\" srcset=\"https:\/\/przylep.edu.pl\/przedszkole\/wp-content\/uploads\/2025\/10\/WhatsApp-Image-2025-10-27-at-16.58.50-2-473x1024.jpeg 473w, https:\/\/przylep.edu.pl\/przedszkole\/wp-content\/uploads\/2025\/10\/WhatsApp-Image-2025-10-27-at-16.58.50-2-139x300.jpeg 139w, https:\/\/przylep.edu.pl\/przedszkole\/wp-content\/uploads\/2025\/10\/WhatsApp-Image-2025-10-27-at-16.58.50-2-768x1663.jpeg 768w, https:\/\/przylep.edu.pl\/przedszkole\/wp-content\/uploads\/2025\/10\/WhatsApp-Image-2025-10-27-at-16.58.50-2-709x1536.jpeg 709w, https:\/\/przylep.edu.pl\/przedszkole\/wp-content\/uploads\/2025\/10\/WhatsApp-Image-2025-10-27-at-16.58.50-2.jpeg 942w\" sizes=\"auto, (max-width: 473px) 100vw, 473px\" \/><\/figure>\n\n\n\n<figure class=\"wp-block-image size-large\"><img loading=\"lazy\" decoding=\"async\" width=\"473\" height=\"1024\" data-id=\"11728\" src=\"https:\/\/przylep.edu.pl\/przedszkole\/wp-content\/uploads\/2025\/10\/WhatsApp-Image-2025-10-27-at-16.58.50-473x1024.jpeg\" alt=\"\" class=\"wp-image-11728\" srcset=\"https:\/\/przylep.edu.pl\/przedszkole\/wp-content\/uploads\/2025\/10\/WhatsApp-Image-2025-10-27-at-16.58.50-473x1024.jpeg 473w, https:\/\/przylep.edu.pl\/przedszkole\/wp-content\/uploads\/2025\/10\/WhatsApp-Image-2025-10-27-at-16.58.50-139x300.jpeg 139w, https:\/\/przylep.edu.pl\/przedszkole\/wp-content\/uploads\/2025\/10\/WhatsApp-Image-2025-10-27-at-16.58.50-768x1663.jpeg 768w, https:\/\/przylep.edu.pl\/przedszkole\/wp-content\/uploads\/2025\/10\/WhatsApp-Image-2025-10-27-at-16.58.50-709x1536.jpeg 709w, https:\/\/przylep.edu.pl\/przedszkole\/wp-content\/uploads\/2025\/10\/WhatsApp-Image-2025-10-27-at-16.58.50.jpeg 942w\" sizes=\"auto, (max-width: 473px) 100vw, 473px\" \/><\/figure>\n<\/figure>\n\n\n\n<figure class=\"wp-block-gallery has-nested-images columns-default is-cropped wp-block-gallery-2 is-layout-flex wp-block-gallery-is-layout-flex\">\n<figure class=\"wp-block-image size-large\"><img loading=\"lazy\" decoding=\"async\" width=\"1024\" height=\"473\" data-id=\"11729\" src=\"https:\/\/przylep.edu.pl\/przedszkole\/wp-content\/uploads\/2025\/10\/WhatsApp-Image-2025-10-27-at-16.58.50-1-1024x473.jpeg\" alt=\"\" class=\"wp-image-11729\" srcset=\"https:\/\/przylep.edu.pl\/przedszkole\/wp-content\/uploads\/2025\/10\/WhatsApp-Image-2025-10-27-at-16.58.50-1-1024x473.jpeg 1024w, https:\/\/przylep.edu.pl\/przedszkole\/wp-content\/uploads\/2025\/10\/WhatsApp-Image-2025-10-27-at-16.58.50-1-300x139.jpeg 300w, https:\/\/przylep.edu.pl\/przedszkole\/wp-content\/uploads\/2025\/10\/WhatsApp-Image-2025-10-27-at-16.58.50-1-768x355.jpeg 768w, https:\/\/przylep.edu.pl\/przedszkole\/wp-content\/uploads\/2025\/10\/WhatsApp-Image-2025-10-27-at-16.58.50-1-1536x709.jpeg 1536w, https:\/\/przylep.edu.pl\/przedszkole\/wp-content\/uploads\/2025\/10\/WhatsApp-Image-2025-10-27-at-16.58.50-1.jpeg 2040w\" sizes=\"auto, (max-width: 1024px) 100vw, 1024px\" \/><\/figure>\n\n\n\n<figure class=\"wp-block-image size-large\"><img loading=\"lazy\" decoding=\"async\" width=\"1024\" height=\"473\" data-id=\"11726\" src=\"https:\/\/przylep.edu.pl\/przedszkole\/wp-content\/uploads\/2025\/10\/WhatsApp-Image-2025-10-27-at-16.58.50-7-1024x473.jpeg\" alt=\"\" class=\"wp-image-11726\" srcset=\"https:\/\/przylep.edu.pl\/przedszkole\/wp-content\/uploads\/2025\/10\/WhatsApp-Image-2025-10-27-at-16.58.50-7-1024x473.jpeg 1024w, https:\/\/przylep.edu.pl\/przedszkole\/wp-content\/uploads\/2025\/10\/WhatsApp-Image-2025-10-27-at-16.58.50-7-300x139.jpeg 300w, https:\/\/przylep.edu.pl\/przedszkole\/wp-content\/uploads\/2025\/10\/WhatsApp-Image-2025-10-27-at-16.58.50-7-768x355.jpeg 768w, https:\/\/przylep.edu.pl\/przedszkole\/wp-content\/uploads\/2025\/10\/WhatsApp-Image-2025-10-27-at-16.58.50-7-1536x709.jpeg 1536w, https:\/\/przylep.edu.pl\/przedszkole\/wp-content\/uploads\/2025\/10\/WhatsApp-Image-2025-10-27-at-16.58.50-7.jpeg 2040w\" sizes=\"auto, (max-width: 1024px) 100vw, 1024px\" \/><\/figure>\n<\/figure>\n","protected":false},"excerpt":{"rendered":"<p>Dnia 4 marca uczniowie klasy V wybrali si\u0119 do Centrum Dialogu \u201ePrze\u0142omy\u201d w Szczecinie, aby wzi\u0105\u0107 udzia\u0142 w kolejnej, niezwykle ciekawej lekcji historii. Tym razem uczestnicy zaj\u0119\u0107 zastanawiali si\u0119 nad trudnym pytaniem:\u201eCzy mo\u017cna odnale\u017a\u0107 \u015bwiat dziecka w zawi\u0142ej i ponurej historii powojennego i komunistycznego Szczecina?\u201d Podczas warsztat\u00f3w uczniowie poznali losy najm\u0142odszych mieszka\u0144c\u00f3w miasta w tamtym [&hellip;]<\/p>\n","protected":false},"author":2,"featured_media":11734,"comment_status":"closed","ping_status":"open","sticky":false,"template":"","format":"standard","meta":{"footnotes":""},"categories":[45,41,40],"tags":[],"class_list":["post-11725","post","type-post","status-publish","format-standard","has-post-thumbnail","hentry","category-aktualnosci","category-galerie","category-strona-glowna"],"_links":{"self":[{"href":"https:\/\/przylep.edu.pl\/przedszkole\/wp-json\/wp\/v2\/posts\/11725","targetHints":{"allow":["GET"]}}],"collection":[{"href":"https:\/\/przylep.edu.pl\/przedszkole\/wp-json\/wp\/v2\/posts"}],"about":[{"href":"https:\/\/przylep.edu.pl\/przedszkole\/wp-json\/wp\/v2\/types\/post"}],"author":[{"embeddable":true,"href":"https:\/\/przylep.edu.pl\/przedszkole\/wp-json\/wp\/v2\/users\/2"}],"replies":[{"embeddable":true,"href":"https:\/\/przylep.edu.pl\/przedszkole\/wp-json\/wp\/v2\/comments?post=11725"}],"version-history":[{"count":1,"href":"https:\/\/przylep.edu.pl\/przedszkole\/wp-json\/wp\/v2\/posts\/11725\/revisions"}],"predecessor-version":[{"id":11735,"href":"https:\/\/przylep.edu.pl\/przedszkole\/wp-json\/wp\/v2\/posts\/11725\/revisions\/11735"}],"wp:featuredmedia":[{"embeddable":true,"href":"https:\/\/przylep.edu.pl\/przedszkole\/wp-json\/wp\/v2\/media\/11734"}],"wp:attachment":[{"href":"https:\/\/przylep.edu.pl\/przedszkole\/wp-json\/wp\/v2\/media?parent=11725"}],"wp:term":[{"taxonomy":"category","embeddable":true,"href":"https:\/\/przylep.edu.pl\/przedszkole\/wp-json\/wp\/v2\/categories?post=11725"},{"taxonomy":"post_tag","embeddable":true,"href":"https:\/\/przylep.edu.pl\/przedszkole\/wp-json\/wp\/v2\/tags?post=11725"}],"curies":[{"name":"wp","href":"https:\/\/api.w.org\/{rel}","templated":true}]}}