{"id":11617,"date":"2025-05-02T15:26:00","date_gmt":"2025-05-02T13:26:00","guid":{"rendered":"https:\/\/przylep.edu.pl\/przedszkole\/?p=11617"},"modified":"2025-10-27T20:41:49","modified_gmt":"2025-10-27T19:41:49","slug":"apel-z-okazji-swiat-majowych-2","status":"publish","type":"post","link":"https:\/\/przylep.edu.pl\/przedszkole\/2025\/05\/02\/apel-z-okazji-swiat-majowych-2\/","title":{"rendered":"Apel z okazji \u015awi\u0105t Majowych"},"content":{"rendered":"\n<p>W dniu 30.04 uczniowie klasy 1a i 1b przygotowali uroczysty apel z okazji \u015awi\u0105t Majowych. W programie znalaz\u0142y si\u0119 wiersze, piosenki patriotyczne oraz kr\u00f3tkie scenki przypominaj\u0105ce znaczenie takich dat jak 1 Maja \u2013 \u015awi\u0119to Pracy, 2 Maja \u2013 Dzie\u0144 Flagi Rzeczypospolitej Polskiej oraz 3 Maja \u2013 rocznica uchwalenia Konstytucji 3 Maja. Mogli\u015bmy r\u00f3wnie\u017c obejrze\u0107 pokaz ta\u0144c\u00f3w przygotowany przez naszych wspania\u0142ych szkolnych Przylepiak\u00f3w. Dzi\u0119ki zaanga\u017cowaniu uczni\u00f3w i wychowawc\u00f3w mogli\u015bmy wsp\u00f3lnie uczci\u0107 te wa\u017cne dla naszego kraju \u015bwi\u0119ta oraz przypomnie\u0107 sobie warto\u015bci, kt\u00f3re s\u0105 fundamentem naszej historii i to\u017csamo\u015bci narodowej.<\/p>\n\n\n\n<figure class=\"wp-block-gallery has-nested-images columns-default is-cropped wp-block-gallery-1 is-layout-flex wp-block-gallery-is-layout-flex\">\n<figure class=\"wp-block-image size-large\"><img loading=\"lazy\" decoding=\"async\" width=\"1024\" height=\"768\" data-id=\"11618\" src=\"https:\/\/przylep.edu.pl\/przedszkole\/wp-content\/uploads\/2025\/10\/47fd4440-83f4-4d7f-841e-2ba2c95d6161-1024x768.jpg\" alt=\"\" class=\"wp-image-11618\" srcset=\"https:\/\/przylep.edu.pl\/przedszkole\/wp-content\/uploads\/2025\/10\/47fd4440-83f4-4d7f-841e-2ba2c95d6161-1024x768.jpg 1024w, https:\/\/przylep.edu.pl\/przedszkole\/wp-content\/uploads\/2025\/10\/47fd4440-83f4-4d7f-841e-2ba2c95d6161-300x225.jpg 300w, https:\/\/przylep.edu.pl\/przedszkole\/wp-content\/uploads\/2025\/10\/47fd4440-83f4-4d7f-841e-2ba2c95d6161-768x576.jpg 768w, https:\/\/przylep.edu.pl\/przedszkole\/wp-content\/uploads\/2025\/10\/47fd4440-83f4-4d7f-841e-2ba2c95d6161-1536x1152.jpg 1536w, https:\/\/przylep.edu.pl\/przedszkole\/wp-content\/uploads\/2025\/10\/47fd4440-83f4-4d7f-841e-2ba2c95d6161-600x450.jpg 600w, https:\/\/przylep.edu.pl\/przedszkole\/wp-content\/uploads\/2025\/10\/47fd4440-83f4-4d7f-841e-2ba2c95d6161.jpg 2048w\" sizes=\"auto, (max-width: 1024px) 100vw, 1024px\" \/><\/figure>\n\n\n\n<figure class=\"wp-block-image size-large\"><img loading=\"lazy\" decoding=\"async\" width=\"1024\" height=\"768\" data-id=\"11619\" src=\"https:\/\/przylep.edu.pl\/przedszkole\/wp-content\/uploads\/2025\/10\/38fc76d8-ad13-44e0-8704-8acadca2bcac-1024x768.jpg\" alt=\"\" class=\"wp-image-11619\" srcset=\"https:\/\/przylep.edu.pl\/przedszkole\/wp-content\/uploads\/2025\/10\/38fc76d8-ad13-44e0-8704-8acadca2bcac-1024x768.jpg 1024w, https:\/\/przylep.edu.pl\/przedszkole\/wp-content\/uploads\/2025\/10\/38fc76d8-ad13-44e0-8704-8acadca2bcac-300x225.jpg 300w, https:\/\/przylep.edu.pl\/przedszkole\/wp-content\/uploads\/2025\/10\/38fc76d8-ad13-44e0-8704-8acadca2bcac-768x576.jpg 768w, https:\/\/przylep.edu.pl\/przedszkole\/wp-content\/uploads\/2025\/10\/38fc76d8-ad13-44e0-8704-8acadca2bcac-1536x1152.jpg 1536w, https:\/\/przylep.edu.pl\/przedszkole\/wp-content\/uploads\/2025\/10\/38fc76d8-ad13-44e0-8704-8acadca2bcac-600x450.jpg 600w, https:\/\/przylep.edu.pl\/przedszkole\/wp-content\/uploads\/2025\/10\/38fc76d8-ad13-44e0-8704-8acadca2bcac.jpg 2048w\" sizes=\"auto, (max-width: 1024px) 100vw, 1024px\" \/><\/figure>\n\n\n\n<figure class=\"wp-block-image size-large\"><img loading=\"lazy\" decoding=\"async\" width=\"1024\" height=\"768\" data-id=\"11620\" src=\"https:\/\/przylep.edu.pl\/przedszkole\/wp-content\/uploads\/2025\/10\/a9b35a28-3f2f-4e85-b2f3-66a7a9c069b7-1024x768.jpg\" alt=\"\" class=\"wp-image-11620\" srcset=\"https:\/\/przylep.edu.pl\/przedszkole\/wp-content\/uploads\/2025\/10\/a9b35a28-3f2f-4e85-b2f3-66a7a9c069b7-1024x768.jpg 1024w, https:\/\/przylep.edu.pl\/przedszkole\/wp-content\/uploads\/2025\/10\/a9b35a28-3f2f-4e85-b2f3-66a7a9c069b7-300x225.jpg 300w, https:\/\/przylep.edu.pl\/przedszkole\/wp-content\/uploads\/2025\/10\/a9b35a28-3f2f-4e85-b2f3-66a7a9c069b7-768x576.jpg 768w, https:\/\/przylep.edu.pl\/przedszkole\/wp-content\/uploads\/2025\/10\/a9b35a28-3f2f-4e85-b2f3-66a7a9c069b7-1536x1152.jpg 1536w, https:\/\/przylep.edu.pl\/przedszkole\/wp-content\/uploads\/2025\/10\/a9b35a28-3f2f-4e85-b2f3-66a7a9c069b7-600x450.jpg 600w, https:\/\/przylep.edu.pl\/przedszkole\/wp-content\/uploads\/2025\/10\/a9b35a28-3f2f-4e85-b2f3-66a7a9c069b7.jpg 2048w\" sizes=\"auto, (max-width: 1024px) 100vw, 1024px\" \/><\/figure>\n\n\n\n<figure class=\"wp-block-image size-large\"><img loading=\"lazy\" decoding=\"async\" width=\"1024\" height=\"768\" data-id=\"11621\" src=\"https:\/\/przylep.edu.pl\/przedszkole\/wp-content\/uploads\/2025\/10\/dbff505c-6270-4537-9de5-5feb3357b6e0-1024x768.jpg\" alt=\"\" class=\"wp-image-11621\" srcset=\"https:\/\/przylep.edu.pl\/przedszkole\/wp-content\/uploads\/2025\/10\/dbff505c-6270-4537-9de5-5feb3357b6e0-1024x768.jpg 1024w, https:\/\/przylep.edu.pl\/przedszkole\/wp-content\/uploads\/2025\/10\/dbff505c-6270-4537-9de5-5feb3357b6e0-300x225.jpg 300w, https:\/\/przylep.edu.pl\/przedszkole\/wp-content\/uploads\/2025\/10\/dbff505c-6270-4537-9de5-5feb3357b6e0-768x576.jpg 768w, https:\/\/przylep.edu.pl\/przedszkole\/wp-content\/uploads\/2025\/10\/dbff505c-6270-4537-9de5-5feb3357b6e0-1536x1152.jpg 1536w, https:\/\/przylep.edu.pl\/przedszkole\/wp-content\/uploads\/2025\/10\/dbff505c-6270-4537-9de5-5feb3357b6e0-600x450.jpg 600w, https:\/\/przylep.edu.pl\/przedszkole\/wp-content\/uploads\/2025\/10\/dbff505c-6270-4537-9de5-5feb3357b6e0.jpg 2048w\" sizes=\"auto, (max-width: 1024px) 100vw, 1024px\" \/><\/figure>\n<\/figure>\n\n\n\n<figure class=\"wp-block-gallery has-nested-images columns-default is-cropped wp-block-gallery-2 is-layout-flex wp-block-gallery-is-layout-flex\">\n<figure class=\"wp-block-image size-large\"><img loading=\"lazy\" decoding=\"async\" width=\"1024\" height=\"768\" data-id=\"11793\" src=\"https:\/\/przylep.edu.pl\/przedszkole\/wp-content\/uploads\/2025\/05\/WhatsApp-Image-2025-10-27-at-20.37.51-3-1024x768.jpeg\" alt=\"\" class=\"wp-image-11793\" srcset=\"https:\/\/przylep.edu.pl\/przedszkole\/wp-content\/uploads\/2025\/05\/WhatsApp-Image-2025-10-27-at-20.37.51-3-1024x768.jpeg 1024w, https:\/\/przylep.edu.pl\/przedszkole\/wp-content\/uploads\/2025\/05\/WhatsApp-Image-2025-10-27-at-20.37.51-3-300x225.jpeg 300w, https:\/\/przylep.edu.pl\/przedszkole\/wp-content\/uploads\/2025\/05\/WhatsApp-Image-2025-10-27-at-20.37.51-3-768x576.jpeg 768w, https:\/\/przylep.edu.pl\/przedszkole\/wp-content\/uploads\/2025\/05\/WhatsApp-Image-2025-10-27-at-20.37.51-3-1536x1152.jpeg 1536w, https:\/\/przylep.edu.pl\/przedszkole\/wp-content\/uploads\/2025\/05\/WhatsApp-Image-2025-10-27-at-20.37.51-3-600x450.jpeg 600w, https:\/\/przylep.edu.pl\/przedszkole\/wp-content\/uploads\/2025\/05\/WhatsApp-Image-2025-10-27-at-20.37.51-3.jpeg 1600w\" sizes=\"auto, (max-width: 1024px) 100vw, 1024px\" \/><\/figure>\n\n\n\n<figure class=\"wp-block-image size-large\"><img loading=\"lazy\" decoding=\"async\" width=\"1024\" height=\"768\" data-id=\"11796\" src=\"https:\/\/przylep.edu.pl\/przedszkole\/wp-content\/uploads\/2025\/05\/WhatsApp-Image-2025-10-27-at-20.37.51-2-1024x768.jpeg\" alt=\"\" class=\"wp-image-11796\" srcset=\"https:\/\/przylep.edu.pl\/przedszkole\/wp-content\/uploads\/2025\/05\/WhatsApp-Image-2025-10-27-at-20.37.51-2-1024x768.jpeg 1024w, https:\/\/przylep.edu.pl\/przedszkole\/wp-content\/uploads\/2025\/05\/WhatsApp-Image-2025-10-27-at-20.37.51-2-300x225.jpeg 300w, https:\/\/przylep.edu.pl\/przedszkole\/wp-content\/uploads\/2025\/05\/WhatsApp-Image-2025-10-27-at-20.37.51-2-768x576.jpeg 768w, https:\/\/przylep.edu.pl\/przedszkole\/wp-content\/uploads\/2025\/05\/WhatsApp-Image-2025-10-27-at-20.37.51-2-1536x1152.jpeg 1536w, https:\/\/przylep.edu.pl\/przedszkole\/wp-content\/uploads\/2025\/05\/WhatsApp-Image-2025-10-27-at-20.37.51-2-600x450.jpeg 600w, https:\/\/przylep.edu.pl\/przedszkole\/wp-content\/uploads\/2025\/05\/WhatsApp-Image-2025-10-27-at-20.37.51-2.jpeg 1600w\" sizes=\"auto, (max-width: 1024px) 100vw, 1024px\" \/><\/figure>\n\n\n\n<figure class=\"wp-block-image size-large\"><img loading=\"lazy\" decoding=\"async\" width=\"1024\" height=\"768\" data-id=\"11795\" src=\"https:\/\/przylep.edu.pl\/przedszkole\/wp-content\/uploads\/2025\/05\/WhatsApp-Image-2025-10-27-at-20.37.51-1-1024x768.jpeg\" alt=\"\" class=\"wp-image-11795\" srcset=\"https:\/\/przylep.edu.pl\/przedszkole\/wp-content\/uploads\/2025\/05\/WhatsApp-Image-2025-10-27-at-20.37.51-1-1024x768.jpeg 1024w, https:\/\/przylep.edu.pl\/przedszkole\/wp-content\/uploads\/2025\/05\/WhatsApp-Image-2025-10-27-at-20.37.51-1-300x225.jpeg 300w, https:\/\/przylep.edu.pl\/przedszkole\/wp-content\/uploads\/2025\/05\/WhatsApp-Image-2025-10-27-at-20.37.51-1-768x576.jpeg 768w, https:\/\/przylep.edu.pl\/przedszkole\/wp-content\/uploads\/2025\/05\/WhatsApp-Image-2025-10-27-at-20.37.51-1-1536x1152.jpeg 1536w, https:\/\/przylep.edu.pl\/przedszkole\/wp-content\/uploads\/2025\/05\/WhatsApp-Image-2025-10-27-at-20.37.51-1-600x450.jpeg 600w, https:\/\/przylep.edu.pl\/przedszkole\/wp-content\/uploads\/2025\/05\/WhatsApp-Image-2025-10-27-at-20.37.51-1.jpeg 1600w\" sizes=\"auto, (max-width: 1024px) 100vw, 1024px\" \/><\/figure>\n\n\n\n<figure class=\"wp-block-image size-large\"><img loading=\"lazy\" decoding=\"async\" width=\"1024\" height=\"771\" data-id=\"11794\" src=\"https:\/\/przylep.edu.pl\/przedszkole\/wp-content\/uploads\/2025\/05\/WhatsApp-Image-2025-10-27-at-20.37.51-1024x771.jpeg\" alt=\"\" class=\"wp-image-11794\" srcset=\"https:\/\/przylep.edu.pl\/przedszkole\/wp-content\/uploads\/2025\/05\/WhatsApp-Image-2025-10-27-at-20.37.51-1024x771.jpeg 1024w, https:\/\/przylep.edu.pl\/przedszkole\/wp-content\/uploads\/2025\/05\/WhatsApp-Image-2025-10-27-at-20.37.51-300x226.jpeg 300w, https:\/\/przylep.edu.pl\/przedszkole\/wp-content\/uploads\/2025\/05\/WhatsApp-Image-2025-10-27-at-20.37.51-768x578.jpeg 768w, https:\/\/przylep.edu.pl\/przedszkole\/wp-content\/uploads\/2025\/05\/WhatsApp-Image-2025-10-27-at-20.37.51-1536x1157.jpeg 1536w, https:\/\/przylep.edu.pl\/przedszkole\/wp-content\/uploads\/2025\/05\/WhatsApp-Image-2025-10-27-at-20.37.51.jpeg 2048w\" sizes=\"auto, (max-width: 1024px) 100vw, 1024px\" \/><\/figure>\n<\/figure>\n","protected":false},"excerpt":{"rendered":"<p>W dniu 30.04 uczniowie klasy 1a i 1b przygotowali uroczysty apel z okazji \u015awi\u0105t Majowych. W programie znalaz\u0142y si\u0119 wiersze, piosenki patriotyczne oraz kr\u00f3tkie scenki przypominaj\u0105ce znaczenie takich dat jak 1 Maja \u2013 \u015awi\u0119to Pracy, 2 Maja \u2013 Dzie\u0144 Flagi Rzeczypospolitej Polskiej oraz 3 Maja \u2013 rocznica uchwalenia Konstytucji 3 Maja. Mogli\u015bmy r\u00f3wnie\u017c obejrze\u0107 pokaz [&hellip;]<\/p>\n","protected":false},"author":2,"featured_media":11622,"comment_status":"closed","ping_status":"open","sticky":false,"template":"","format":"standard","meta":{"footnotes":""},"categories":[45,41,40],"tags":[],"class_list":["post-11617","post","type-post","status-publish","format-standard","has-post-thumbnail","hentry","category-aktualnosci","category-galerie","category-strona-glowna"],"_links":{"self":[{"href":"https:\/\/przylep.edu.pl\/przedszkole\/wp-json\/wp\/v2\/posts\/11617","targetHints":{"allow":["GET"]}}],"collection":[{"href":"https:\/\/przylep.edu.pl\/przedszkole\/wp-json\/wp\/v2\/posts"}],"about":[{"href":"https:\/\/przylep.edu.pl\/przedszkole\/wp-json\/wp\/v2\/types\/post"}],"author":[{"embeddable":true,"href":"https:\/\/przylep.edu.pl\/przedszkole\/wp-json\/wp\/v2\/users\/2"}],"replies":[{"embeddable":true,"href":"https:\/\/przylep.edu.pl\/przedszkole\/wp-json\/wp\/v2\/comments?post=11617"}],"version-history":[{"count":2,"href":"https:\/\/przylep.edu.pl\/przedszkole\/wp-json\/wp\/v2\/posts\/11617\/revisions"}],"predecessor-version":[{"id":11797,"href":"https:\/\/przylep.edu.pl\/przedszkole\/wp-json\/wp\/v2\/posts\/11617\/revisions\/11797"}],"wp:featuredmedia":[{"embeddable":true,"href":"https:\/\/przylep.edu.pl\/przedszkole\/wp-json\/wp\/v2\/media\/11622"}],"wp:attachment":[{"href":"https:\/\/przylep.edu.pl\/przedszkole\/wp-json\/wp\/v2\/media?parent=11617"}],"wp:term":[{"taxonomy":"category","embeddable":true,"href":"https:\/\/przylep.edu.pl\/przedszkole\/wp-json\/wp\/v2\/categories?post=11617"},{"taxonomy":"post_tag","embeddable":true,"href":"https:\/\/przylep.edu.pl\/przedszkole\/wp-json\/wp\/v2\/tags?post=11617"}],"curies":[{"name":"wp","href":"https:\/\/api.w.org\/{rel}","templated":true}]}}