{"id":11607,"date":"2025-04-29T15:18:00","date_gmt":"2025-04-29T13:18:00","guid":{"rendered":"https:\/\/przylep.edu.pl\/przedszkole\/?p=11607"},"modified":"2025-10-27T15:26:09","modified_gmt":"2025-10-27T14:26:09","slug":"leszczynowy-sad-w-bedargowie","status":"publish","type":"post","link":"https:\/\/przylep.edu.pl\/przedszkole\/2025\/04\/29\/leszczynowy-sad-w-bedargowie\/","title":{"rendered":"Leszczynowy Sad w B\u0119dargowie"},"content":{"rendered":"\n<p>Wycieczka klas 1 do Leszczynowego Sadu w B\u0119dargowie W maju uczniowie klas 1 wzi\u0119li udzia\u0142 w wyj\u0105tkowej wycieczce do Leszczynowego Sadu w B\u0119dargowie, gdzie uczestniczyli w warsztatach edukacyjnych pt. \u201eMase\u0142ko \u2013 palce liza\u0107!\u201d. Podczas zaj\u0119\u0107 dzieci mia\u0142y okazj\u0119 w\u0142asnor\u0119cznie przygotowa\u0107 mas\u0142o \u2013 od \u015bmietanki a\u017c po gotowy produkt. Zaj\u0119cia by\u0142y nie tylko ciekawe, ale i bardzo smaczne! Uczniowie poznali proces powstawania mas\u0142a, dowiedzieli si\u0119, sk\u0105d pochodzi mleko i jak wygl\u0105da \u017cycie na wsi. Nie zabrak\u0142o r\u00f3wnie\u017c degustacji oraz zabaw na \u015bwie\u017cym powietrzu. Wycieczka by\u0142a doskona\u0142\u0105 okazj\u0105 do nauki poprzez dzia\u0142anie, a tak\u017ce do sp\u0119dzenia czasu w pi\u0119knym, naturalnym otoczeniu.<\/p>\n\n\n\n<figure class=\"wp-block-gallery has-nested-images columns-default is-cropped wp-block-gallery-1 is-layout-flex wp-block-gallery-is-layout-flex\">\n<figure class=\"wp-block-image size-large\"><img loading=\"lazy\" decoding=\"async\" width=\"1024\" height=\"768\" data-id=\"11609\" src=\"https:\/\/przylep.edu.pl\/przedszkole\/wp-content\/uploads\/2025\/10\/abefa8d2-5966-47e9-ba3b-f2ff46c12965-1024x768.jpg\" alt=\"\" class=\"wp-image-11609\" srcset=\"https:\/\/przylep.edu.pl\/przedszkole\/wp-content\/uploads\/2025\/10\/abefa8d2-5966-47e9-ba3b-f2ff46c12965-1024x768.jpg 1024w, https:\/\/przylep.edu.pl\/przedszkole\/wp-content\/uploads\/2025\/10\/abefa8d2-5966-47e9-ba3b-f2ff46c12965-300x225.jpg 300w, https:\/\/przylep.edu.pl\/przedszkole\/wp-content\/uploads\/2025\/10\/abefa8d2-5966-47e9-ba3b-f2ff46c12965-768x576.jpg 768w, https:\/\/przylep.edu.pl\/przedszkole\/wp-content\/uploads\/2025\/10\/abefa8d2-5966-47e9-ba3b-f2ff46c12965-1536x1152.jpg 1536w, https:\/\/przylep.edu.pl\/przedszkole\/wp-content\/uploads\/2025\/10\/abefa8d2-5966-47e9-ba3b-f2ff46c12965-600x450.jpg 600w, https:\/\/przylep.edu.pl\/przedszkole\/wp-content\/uploads\/2025\/10\/abefa8d2-5966-47e9-ba3b-f2ff46c12965.jpg 2048w\" sizes=\"auto, (max-width: 1024px) 100vw, 1024px\" \/><\/figure>\n\n\n\n<figure class=\"wp-block-image size-large\"><img loading=\"lazy\" decoding=\"async\" width=\"1024\" height=\"768\" data-id=\"11610\" src=\"https:\/\/przylep.edu.pl\/przedszkole\/wp-content\/uploads\/2025\/10\/2f0df55a-8a64-4c0a-84d8-4ea5ee7a5bae-1024x768.jpg\" alt=\"\" class=\"wp-image-11610\" srcset=\"https:\/\/przylep.edu.pl\/przedszkole\/wp-content\/uploads\/2025\/10\/2f0df55a-8a64-4c0a-84d8-4ea5ee7a5bae-1024x768.jpg 1024w, https:\/\/przylep.edu.pl\/przedszkole\/wp-content\/uploads\/2025\/10\/2f0df55a-8a64-4c0a-84d8-4ea5ee7a5bae-300x225.jpg 300w, https:\/\/przylep.edu.pl\/przedszkole\/wp-content\/uploads\/2025\/10\/2f0df55a-8a64-4c0a-84d8-4ea5ee7a5bae-768x576.jpg 768w, https:\/\/przylep.edu.pl\/przedszkole\/wp-content\/uploads\/2025\/10\/2f0df55a-8a64-4c0a-84d8-4ea5ee7a5bae-1536x1152.jpg 1536w, https:\/\/przylep.edu.pl\/przedszkole\/wp-content\/uploads\/2025\/10\/2f0df55a-8a64-4c0a-84d8-4ea5ee7a5bae-600x450.jpg 600w, https:\/\/przylep.edu.pl\/przedszkole\/wp-content\/uploads\/2025\/10\/2f0df55a-8a64-4c0a-84d8-4ea5ee7a5bae.jpg 2048w\" sizes=\"auto, (max-width: 1024px) 100vw, 1024px\" \/><\/figure>\n\n\n\n<figure class=\"wp-block-image size-large\"><img loading=\"lazy\" decoding=\"async\" width=\"768\" height=\"1024\" data-id=\"11611\" src=\"https:\/\/przylep.edu.pl\/przedszkole\/wp-content\/uploads\/2025\/10\/b9dcc635-0f75-436c-b609-2a62e527bf21-768x1024.jpg\" alt=\"\" class=\"wp-image-11611\" srcset=\"https:\/\/przylep.edu.pl\/przedszkole\/wp-content\/uploads\/2025\/10\/b9dcc635-0f75-436c-b609-2a62e527bf21-768x1024.jpg 768w, https:\/\/przylep.edu.pl\/przedszkole\/wp-content\/uploads\/2025\/10\/b9dcc635-0f75-436c-b609-2a62e527bf21-225x300.jpg 225w, https:\/\/przylep.edu.pl\/przedszkole\/wp-content\/uploads\/2025\/10\/b9dcc635-0f75-436c-b609-2a62e527bf21-1152x1536.jpg 1152w, https:\/\/przylep.edu.pl\/przedszkole\/wp-content\/uploads\/2025\/10\/b9dcc635-0f75-436c-b609-2a62e527bf21.jpg 1536w\" sizes=\"auto, (max-width: 768px) 100vw, 768px\" \/><\/figure>\n\n\n\n<figure class=\"wp-block-image size-large\"><img loading=\"lazy\" decoding=\"async\" width=\"768\" height=\"1024\" data-id=\"11612\" src=\"https:\/\/przylep.edu.pl\/przedszkole\/wp-content\/uploads\/2025\/10\/0c411c62-4234-497e-b1cb-a5e8e0050f75-768x1024.jpg\" alt=\"\" class=\"wp-image-11612\" srcset=\"https:\/\/przylep.edu.pl\/przedszkole\/wp-content\/uploads\/2025\/10\/0c411c62-4234-497e-b1cb-a5e8e0050f75-768x1024.jpg 768w, https:\/\/przylep.edu.pl\/przedszkole\/wp-content\/uploads\/2025\/10\/0c411c62-4234-497e-b1cb-a5e8e0050f75-225x300.jpg 225w, https:\/\/przylep.edu.pl\/przedszkole\/wp-content\/uploads\/2025\/10\/0c411c62-4234-497e-b1cb-a5e8e0050f75-1152x1536.jpg 1152w, https:\/\/przylep.edu.pl\/przedszkole\/wp-content\/uploads\/2025\/10\/0c411c62-4234-497e-b1cb-a5e8e0050f75.jpg 1536w\" sizes=\"auto, (max-width: 768px) 100vw, 768px\" \/><\/figure>\n\n\n\n<figure class=\"wp-block-image size-large\"><img loading=\"lazy\" decoding=\"async\" width=\"768\" height=\"1024\" data-id=\"11613\" src=\"https:\/\/przylep.edu.pl\/przedszkole\/wp-content\/uploads\/2025\/10\/4586dea8-9146-4d6f-87cf-23840f43c900-768x1024.jpg\" alt=\"\" class=\"wp-image-11613\" srcset=\"https:\/\/przylep.edu.pl\/przedszkole\/wp-content\/uploads\/2025\/10\/4586dea8-9146-4d6f-87cf-23840f43c900-768x1024.jpg 768w, https:\/\/przylep.edu.pl\/przedszkole\/wp-content\/uploads\/2025\/10\/4586dea8-9146-4d6f-87cf-23840f43c900-225x300.jpg 225w, https:\/\/przylep.edu.pl\/przedszkole\/wp-content\/uploads\/2025\/10\/4586dea8-9146-4d6f-87cf-23840f43c900-1152x1536.jpg 1152w, https:\/\/przylep.edu.pl\/przedszkole\/wp-content\/uploads\/2025\/10\/4586dea8-9146-4d6f-87cf-23840f43c900.jpg 1536w\" sizes=\"auto, (max-width: 768px) 100vw, 768px\" \/><\/figure>\n\n\n\n<figure class=\"wp-block-image size-large\"><img loading=\"lazy\" decoding=\"async\" width=\"768\" height=\"1024\" data-id=\"11614\" src=\"https:\/\/przylep.edu.pl\/przedszkole\/wp-content\/uploads\/2025\/10\/78cf749b-21f9-4c41-8995-53ec021a311f-768x1024.jpg\" alt=\"\" class=\"wp-image-11614\" srcset=\"https:\/\/przylep.edu.pl\/przedszkole\/wp-content\/uploads\/2025\/10\/78cf749b-21f9-4c41-8995-53ec021a311f-768x1024.jpg 768w, https:\/\/przylep.edu.pl\/przedszkole\/wp-content\/uploads\/2025\/10\/78cf749b-21f9-4c41-8995-53ec021a311f-225x300.jpg 225w, https:\/\/przylep.edu.pl\/przedszkole\/wp-content\/uploads\/2025\/10\/78cf749b-21f9-4c41-8995-53ec021a311f-1152x1536.jpg 1152w, https:\/\/przylep.edu.pl\/przedszkole\/wp-content\/uploads\/2025\/10\/78cf749b-21f9-4c41-8995-53ec021a311f.jpg 1536w\" sizes=\"auto, (max-width: 768px) 100vw, 768px\" \/><\/figure>\n\n\n\n<figure class=\"wp-block-image size-large\"><img loading=\"lazy\" decoding=\"async\" width=\"1024\" height=\"768\" data-id=\"11615\" src=\"https:\/\/przylep.edu.pl\/przedszkole\/wp-content\/uploads\/2025\/10\/c62ac9e9-cb70-4bff-87ea-1ac82134fdae-1024x768.jpg\" alt=\"\" class=\"wp-image-11615\" srcset=\"https:\/\/przylep.edu.pl\/przedszkole\/wp-content\/uploads\/2025\/10\/c62ac9e9-cb70-4bff-87ea-1ac82134fdae-1024x768.jpg 1024w, https:\/\/przylep.edu.pl\/przedszkole\/wp-content\/uploads\/2025\/10\/c62ac9e9-cb70-4bff-87ea-1ac82134fdae-300x225.jpg 300w, https:\/\/przylep.edu.pl\/przedszkole\/wp-content\/uploads\/2025\/10\/c62ac9e9-cb70-4bff-87ea-1ac82134fdae-768x576.jpg 768w, https:\/\/przylep.edu.pl\/przedszkole\/wp-content\/uploads\/2025\/10\/c62ac9e9-cb70-4bff-87ea-1ac82134fdae-1536x1152.jpg 1536w, https:\/\/przylep.edu.pl\/przedszkole\/wp-content\/uploads\/2025\/10\/c62ac9e9-cb70-4bff-87ea-1ac82134fdae-600x450.jpg 600w, https:\/\/przylep.edu.pl\/przedszkole\/wp-content\/uploads\/2025\/10\/c62ac9e9-cb70-4bff-87ea-1ac82134fdae.jpg 2048w\" sizes=\"auto, (max-width: 1024px) 100vw, 1024px\" \/><\/figure>\n\n\n\n<figure class=\"wp-block-image size-large\"><img loading=\"lazy\" decoding=\"async\" width=\"768\" height=\"1024\" data-id=\"11608\" src=\"https:\/\/przylep.edu.pl\/przedszkole\/wp-content\/uploads\/2025\/10\/8c19be81-b99a-4771-8877-2efdef9ba194-768x1024.jpg\" alt=\"\" class=\"wp-image-11608\" srcset=\"https:\/\/przylep.edu.pl\/przedszkole\/wp-content\/uploads\/2025\/10\/8c19be81-b99a-4771-8877-2efdef9ba194-768x1024.jpg 768w, https:\/\/przylep.edu.pl\/przedszkole\/wp-content\/uploads\/2025\/10\/8c19be81-b99a-4771-8877-2efdef9ba194-225x300.jpg 225w, https:\/\/przylep.edu.pl\/przedszkole\/wp-content\/uploads\/2025\/10\/8c19be81-b99a-4771-8877-2efdef9ba194-1152x1536.jpg 1152w, https:\/\/przylep.edu.pl\/przedszkole\/wp-content\/uploads\/2025\/10\/8c19be81-b99a-4771-8877-2efdef9ba194.jpg 1536w\" sizes=\"auto, (max-width: 768px) 100vw, 768px\" \/><\/figure>\n<\/figure>\n","protected":false},"excerpt":{"rendered":"<p>Wycieczka klas 1 do Leszczynowego Sadu w B\u0119dargowie W maju uczniowie klas 1 wzi\u0119li udzia\u0142 w wyj\u0105tkowej wycieczce do Leszczynowego Sadu w B\u0119dargowie, gdzie uczestniczyli w warsztatach edukacyjnych pt. \u201eMase\u0142ko \u2013 palce liza\u0107!\u201d. Podczas zaj\u0119\u0107 dzieci mia\u0142y okazj\u0119 w\u0142asnor\u0119cznie przygotowa\u0107 mas\u0142o \u2013 od \u015bmietanki a\u017c po gotowy produkt. Zaj\u0119cia by\u0142y nie tylko ciekawe, ale i [&hellip;]<\/p>\n","protected":false},"author":2,"featured_media":11571,"comment_status":"closed","ping_status":"open","sticky":false,"template":"","format":"standard","meta":{"footnotes":""},"categories":[45,41,40],"tags":[],"class_list":["post-11607","post","type-post","status-publish","format-standard","has-post-thumbnail","hentry","category-aktualnosci","category-galerie","category-strona-glowna"],"_links":{"self":[{"href":"https:\/\/przylep.edu.pl\/przedszkole\/wp-json\/wp\/v2\/posts\/11607","targetHints":{"allow":["GET"]}}],"collection":[{"href":"https:\/\/przylep.edu.pl\/przedszkole\/wp-json\/wp\/v2\/posts"}],"about":[{"href":"https:\/\/przylep.edu.pl\/przedszkole\/wp-json\/wp\/v2\/types\/post"}],"author":[{"embeddable":true,"href":"https:\/\/przylep.edu.pl\/przedszkole\/wp-json\/wp\/v2\/users\/2"}],"replies":[{"embeddable":true,"href":"https:\/\/przylep.edu.pl\/przedszkole\/wp-json\/wp\/v2\/comments?post=11607"}],"version-history":[{"count":1,"href":"https:\/\/przylep.edu.pl\/przedszkole\/wp-json\/wp\/v2\/posts\/11607\/revisions"}],"predecessor-version":[{"id":11616,"href":"https:\/\/przylep.edu.pl\/przedszkole\/wp-json\/wp\/v2\/posts\/11607\/revisions\/11616"}],"wp:featuredmedia":[{"embeddable":true,"href":"https:\/\/przylep.edu.pl\/przedszkole\/wp-json\/wp\/v2\/media\/11571"}],"wp:attachment":[{"href":"https:\/\/przylep.edu.pl\/przedszkole\/wp-json\/wp\/v2\/media?parent=11607"}],"wp:term":[{"taxonomy":"category","embeddable":true,"href":"https:\/\/przylep.edu.pl\/przedszkole\/wp-json\/wp\/v2\/categories?post=11607"},{"taxonomy":"post_tag","embeddable":true,"href":"https:\/\/przylep.edu.pl\/przedszkole\/wp-json\/wp\/v2\/tags?post=11607"}],"curies":[{"name":"wp","href":"https:\/\/api.w.org\/{rel}","templated":true}]}}