{"id":11598,"date":"2025-04-10T15:08:00","date_gmt":"2025-04-10T13:08:00","guid":{"rendered":"https:\/\/przylep.edu.pl\/przedszkole\/?p=11598"},"modified":"2025-10-27T15:18:19","modified_gmt":"2025-10-27T14:18:19","slug":"realizacja-programu-owoce-i-mleko-w-szkole-w-kl-1a","status":"publish","type":"post","link":"https:\/\/przylep.edu.pl\/przedszkole\/2025\/04\/10\/realizacja-programu-owoce-i-mleko-w-szkole-w-kl-1a\/","title":{"rendered":"Realizacja programu &#8222;Owoce i mleko w szkole&#8221; w kl 1a"},"content":{"rendered":"\n<p>W ramach programu \u201eOwoce i mleko w szkole\u201d nasi uczniowie nie tylko ucz\u0105 si\u0119 zasad zdrowego od\u017cywiania, ale r\u00f3wnie\u017c aktywnie uczestnicz\u0105 w dzia\u0142aniach zwi\u0105zanych z ekologi\u0105 i dbaniem o najbli\u017csze otoczenie. Pod koniec kwietnia, pod czujnym okiem pani wicedyrektor Urszuli Biskupskiej, dzieci zaanga\u017cowa\u0142y si\u0119 w porz\u0105dkowanie klasowej grz\u0105dki. Z wielkim zapa\u0142em usuwa\u0142y chwasty, spulchnia\u0142y ziemi\u0119 i przygotowywa\u0142y miejsce pod nowe uprawy. Nast\u0119pnie samodzielnie posadzi\u0142y szczypiorek, kt\u00f3ry b\u0119d\u0105 mog\u0142y p\u00f3\u017aniej obserwowa\u0107 i wykorzystywa\u0107 podczas zaj\u0119\u0107 kulinarnych lub w codziennych posi\u0142kach. Dzi\u0119ki takim dzia\u0142aniom uczniowie nie tylko zdobywaj\u0105 praktyczne umiej\u0119tno\u015bci, ale te\u017c ucz\u0105 si\u0119 odpowiedzialno\u015bci, wsp\u00f3\u0142pracy i szacunku do przyrody. Cieszymy si\u0119, \u017ce mo\u017cemy wsp\u00f3lnie tworzy\u0107 zdrow\u0105 i zielon\u0105 przestrze\u0144 wok\u00f3\u0142 naszej szko\u0142y!<\/p>\n\n\n\n<figure class=\"wp-block-gallery has-nested-images columns-default is-cropped wp-block-gallery-1 is-layout-flex wp-block-gallery-is-layout-flex\">\n<figure class=\"wp-block-image size-large\"><img loading=\"lazy\" decoding=\"async\" width=\"768\" height=\"1024\" data-id=\"11601\" src=\"https:\/\/przylep.edu.pl\/przedszkole\/wp-content\/uploads\/2025\/10\/WhatsApp-Image-2025-10-27-at-15.12.40-5-768x1024.jpeg\" alt=\"\" class=\"wp-image-11601\" srcset=\"https:\/\/przylep.edu.pl\/przedszkole\/wp-content\/uploads\/2025\/10\/WhatsApp-Image-2025-10-27-at-15.12.40-5-768x1024.jpeg 768w, https:\/\/przylep.edu.pl\/przedszkole\/wp-content\/uploads\/2025\/10\/WhatsApp-Image-2025-10-27-at-15.12.40-5-225x300.jpeg 225w, https:\/\/przylep.edu.pl\/przedszkole\/wp-content\/uploads\/2025\/10\/WhatsApp-Image-2025-10-27-at-15.12.40-5-1152x1536.jpeg 1152w, https:\/\/przylep.edu.pl\/przedszkole\/wp-content\/uploads\/2025\/10\/WhatsApp-Image-2025-10-27-at-15.12.40-5.jpeg 1536w\" sizes=\"auto, (max-width: 768px) 100vw, 768px\" \/><\/figure>\n\n\n\n<figure class=\"wp-block-image size-large\"><img loading=\"lazy\" decoding=\"async\" width=\"768\" height=\"1024\" data-id=\"11602\" src=\"https:\/\/przylep.edu.pl\/przedszkole\/wp-content\/uploads\/2025\/10\/WhatsApp-Image-2025-10-27-at-15.12.40-4-768x1024.jpeg\" alt=\"\" class=\"wp-image-11602\" srcset=\"https:\/\/przylep.edu.pl\/przedszkole\/wp-content\/uploads\/2025\/10\/WhatsApp-Image-2025-10-27-at-15.12.40-4-768x1024.jpeg 768w, https:\/\/przylep.edu.pl\/przedszkole\/wp-content\/uploads\/2025\/10\/WhatsApp-Image-2025-10-27-at-15.12.40-4-225x300.jpeg 225w, https:\/\/przylep.edu.pl\/przedszkole\/wp-content\/uploads\/2025\/10\/WhatsApp-Image-2025-10-27-at-15.12.40-4-1152x1536.jpeg 1152w, https:\/\/przylep.edu.pl\/przedszkole\/wp-content\/uploads\/2025\/10\/WhatsApp-Image-2025-10-27-at-15.12.40-4.jpeg 1536w\" sizes=\"auto, (max-width: 768px) 100vw, 768px\" \/><\/figure>\n\n\n\n<figure class=\"wp-block-image size-large\"><img loading=\"lazy\" decoding=\"async\" width=\"768\" height=\"1024\" data-id=\"11599\" src=\"https:\/\/przylep.edu.pl\/przedszkole\/wp-content\/uploads\/2025\/10\/WhatsApp-Image-2025-10-27-at-15.12.40-3-768x1024.jpeg\" alt=\"\" class=\"wp-image-11599\" srcset=\"https:\/\/przylep.edu.pl\/przedszkole\/wp-content\/uploads\/2025\/10\/WhatsApp-Image-2025-10-27-at-15.12.40-3-768x1024.jpeg 768w, https:\/\/przylep.edu.pl\/przedszkole\/wp-content\/uploads\/2025\/10\/WhatsApp-Image-2025-10-27-at-15.12.40-3-225x300.jpeg 225w, https:\/\/przylep.edu.pl\/przedszkole\/wp-content\/uploads\/2025\/10\/WhatsApp-Image-2025-10-27-at-15.12.40-3-1152x1536.jpeg 1152w, https:\/\/przylep.edu.pl\/przedszkole\/wp-content\/uploads\/2025\/10\/WhatsApp-Image-2025-10-27-at-15.12.40-3.jpeg 1536w\" sizes=\"auto, (max-width: 768px) 100vw, 768px\" \/><\/figure>\n\n\n\n<figure class=\"wp-block-image size-large\"><img loading=\"lazy\" decoding=\"async\" width=\"1024\" height=\"768\" data-id=\"11600\" src=\"https:\/\/przylep.edu.pl\/przedszkole\/wp-content\/uploads\/2025\/10\/WhatsApp-Image-2025-10-27-at-15.12.40-2-1024x768.jpeg\" alt=\"\" class=\"wp-image-11600\" srcset=\"https:\/\/przylep.edu.pl\/przedszkole\/wp-content\/uploads\/2025\/10\/WhatsApp-Image-2025-10-27-at-15.12.40-2-1024x768.jpeg 1024w, https:\/\/przylep.edu.pl\/przedszkole\/wp-content\/uploads\/2025\/10\/WhatsApp-Image-2025-10-27-at-15.12.40-2-300x225.jpeg 300w, https:\/\/przylep.edu.pl\/przedszkole\/wp-content\/uploads\/2025\/10\/WhatsApp-Image-2025-10-27-at-15.12.40-2-768x576.jpeg 768w, https:\/\/przylep.edu.pl\/przedszkole\/wp-content\/uploads\/2025\/10\/WhatsApp-Image-2025-10-27-at-15.12.40-2-1536x1152.jpeg 1536w, https:\/\/przylep.edu.pl\/przedszkole\/wp-content\/uploads\/2025\/10\/WhatsApp-Image-2025-10-27-at-15.12.40-2-600x450.jpeg 600w, https:\/\/przylep.edu.pl\/przedszkole\/wp-content\/uploads\/2025\/10\/WhatsApp-Image-2025-10-27-at-15.12.40-2.jpeg 2048w\" sizes=\"auto, (max-width: 1024px) 100vw, 1024px\" \/><\/figure>\n\n\n\n<figure class=\"wp-block-image size-large\"><img loading=\"lazy\" decoding=\"async\" width=\"768\" height=\"1024\" data-id=\"11604\" src=\"https:\/\/przylep.edu.pl\/przedszkole\/wp-content\/uploads\/2025\/10\/WhatsApp-Image-2025-10-27-at-15.12.40-1-768x1024.jpeg\" alt=\"\" class=\"wp-image-11604\" srcset=\"https:\/\/przylep.edu.pl\/przedszkole\/wp-content\/uploads\/2025\/10\/WhatsApp-Image-2025-10-27-at-15.12.40-1-768x1024.jpeg 768w, https:\/\/przylep.edu.pl\/przedszkole\/wp-content\/uploads\/2025\/10\/WhatsApp-Image-2025-10-27-at-15.12.40-1-225x300.jpeg 225w, https:\/\/przylep.edu.pl\/przedszkole\/wp-content\/uploads\/2025\/10\/WhatsApp-Image-2025-10-27-at-15.12.40-1-1152x1536.jpeg 1152w, https:\/\/przylep.edu.pl\/przedszkole\/wp-content\/uploads\/2025\/10\/WhatsApp-Image-2025-10-27-at-15.12.40-1.jpeg 1536w\" sizes=\"auto, (max-width: 768px) 100vw, 768px\" \/><\/figure>\n\n\n\n<figure class=\"wp-block-image size-large\"><img loading=\"lazy\" decoding=\"async\" width=\"768\" height=\"1024\" data-id=\"11603\" src=\"https:\/\/przylep.edu.pl\/przedszkole\/wp-content\/uploads\/2025\/10\/WhatsApp-Image-2025-10-27-at-15.12.40-768x1024.jpeg\" alt=\"\" class=\"wp-image-11603\" srcset=\"https:\/\/przylep.edu.pl\/przedszkole\/wp-content\/uploads\/2025\/10\/WhatsApp-Image-2025-10-27-at-15.12.40-768x1024.jpeg 768w, https:\/\/przylep.edu.pl\/przedszkole\/wp-content\/uploads\/2025\/10\/WhatsApp-Image-2025-10-27-at-15.12.40-225x300.jpeg 225w, https:\/\/przylep.edu.pl\/przedszkole\/wp-content\/uploads\/2025\/10\/WhatsApp-Image-2025-10-27-at-15.12.40-1152x1536.jpeg 1152w, https:\/\/przylep.edu.pl\/przedszkole\/wp-content\/uploads\/2025\/10\/WhatsApp-Image-2025-10-27-at-15.12.40.jpeg 1536w\" sizes=\"auto, (max-width: 768px) 100vw, 768px\" \/><\/figure>\n<\/figure>\n","protected":false},"excerpt":{"rendered":"<p>W ramach programu \u201eOwoce i mleko w szkole\u201d nasi uczniowie nie tylko ucz\u0105 si\u0119 zasad zdrowego od\u017cywiania, ale r\u00f3wnie\u017c aktywnie uczestnicz\u0105 w dzia\u0142aniach zwi\u0105zanych z ekologi\u0105 i dbaniem o najbli\u017csze otoczenie. Pod koniec kwietnia, pod czujnym okiem pani wicedyrektor Urszuli Biskupskiej, dzieci zaanga\u017cowa\u0142y si\u0119 w porz\u0105dkowanie klasowej grz\u0105dki. Z wielkim zapa\u0142em usuwa\u0142y chwasty, spulchnia\u0142y ziemi\u0119 [&hellip;]<\/p>\n","protected":false},"author":2,"featured_media":11605,"comment_status":"closed","ping_status":"open","sticky":false,"template":"","format":"standard","meta":{"footnotes":""},"categories":[45,41,40],"tags":[],"class_list":["post-11598","post","type-post","status-publish","format-standard","has-post-thumbnail","hentry","category-aktualnosci","category-galerie","category-strona-glowna"],"_links":{"self":[{"href":"https:\/\/przylep.edu.pl\/przedszkole\/wp-json\/wp\/v2\/posts\/11598","targetHints":{"allow":["GET"]}}],"collection":[{"href":"https:\/\/przylep.edu.pl\/przedszkole\/wp-json\/wp\/v2\/posts"}],"about":[{"href":"https:\/\/przylep.edu.pl\/przedszkole\/wp-json\/wp\/v2\/types\/post"}],"author":[{"embeddable":true,"href":"https:\/\/przylep.edu.pl\/przedszkole\/wp-json\/wp\/v2\/users\/2"}],"replies":[{"embeddable":true,"href":"https:\/\/przylep.edu.pl\/przedszkole\/wp-json\/wp\/v2\/comments?post=11598"}],"version-history":[{"count":1,"href":"https:\/\/przylep.edu.pl\/przedszkole\/wp-json\/wp\/v2\/posts\/11598\/revisions"}],"predecessor-version":[{"id":11606,"href":"https:\/\/przylep.edu.pl\/przedszkole\/wp-json\/wp\/v2\/posts\/11598\/revisions\/11606"}],"wp:featuredmedia":[{"embeddable":true,"href":"https:\/\/przylep.edu.pl\/przedszkole\/wp-json\/wp\/v2\/media\/11605"}],"wp:attachment":[{"href":"https:\/\/przylep.edu.pl\/przedszkole\/wp-json\/wp\/v2\/media?parent=11598"}],"wp:term":[{"taxonomy":"category","embeddable":true,"href":"https:\/\/przylep.edu.pl\/przedszkole\/wp-json\/wp\/v2\/categories?post=11598"},{"taxonomy":"post_tag","embeddable":true,"href":"https:\/\/przylep.edu.pl\/przedszkole\/wp-json\/wp\/v2\/tags?post=11598"}],"curies":[{"name":"wp","href":"https:\/\/api.w.org\/{rel}","templated":true}]}}