{"id":11589,"date":"2025-03-23T15:05:00","date_gmt":"2025-03-23T14:05:00","guid":{"rendered":"https:\/\/przylep.edu.pl\/przedszkole\/?p=11589"},"modified":"2025-10-27T15:08:46","modified_gmt":"2025-10-27T14:08:46","slug":"przywitalismy-wiosne","status":"publish","type":"post","link":"https:\/\/przylep.edu.pl\/przedszkole\/2025\/03\/23\/przywitalismy-wiosne\/","title":{"rendered":"Przywitali\u015bmy wiosn\u0119!"},"content":{"rendered":"\n<p>21 marca uczniowie naszej szko\u0142y z rado\u015bci\u0105 powitali pierwszy dzie\u0144 wiosny! Z tej okazji zorganizowali\u015bmy wiosenne podchody, podczas kt\u00f3rych dzieci z zaanga\u017cowaniem rozwi\u0105zywa\u0142y zagadki, wykonywa\u0142y zadania ruchowe i szuka\u0142y ukrytych wskaz\u00f3wek. By\u0142a to \u015bwietna okazja do wsp\u00f3lnej zabawy na \u015bwie\u017cym powietrzu i integracji klas. W ramach powitania nowej pory roku uczniowie sadzili r\u00f3wnie\u017c kolorowe bratki przed budynkiem szko\u0142y. Dzi\u0119ki ich pracy teren wok\u00f3\u0142 szko\u0142y nabra\u0142 wiosennego charakteru i sta\u0142 si\u0119 jeszcze pi\u0119kniejszy. Wsp\u00f3lne dzia\u0142ania sprawi\u0142y dzieciom wiele rado\u015bci i pozwoli\u0142y poczu\u0107 prawdziwy powiew wiosny!<\/p>\n\n\n\n<figure class=\"wp-block-gallery has-nested-images columns-default is-cropped wp-block-gallery-1 is-layout-flex wp-block-gallery-is-layout-flex\">\n<figure class=\"wp-block-image size-large\"><img loading=\"lazy\" decoding=\"async\" width=\"768\" height=\"1024\" data-id=\"11590\" src=\"https:\/\/przylep.edu.pl\/przedszkole\/wp-content\/uploads\/2025\/10\/2de3bdc1-709c-4d18-8d2e-c724ca99db81-768x1024.jpg\" alt=\"\" class=\"wp-image-11590\" srcset=\"https:\/\/przylep.edu.pl\/przedszkole\/wp-content\/uploads\/2025\/10\/2de3bdc1-709c-4d18-8d2e-c724ca99db81-768x1024.jpg 768w, https:\/\/przylep.edu.pl\/przedszkole\/wp-content\/uploads\/2025\/10\/2de3bdc1-709c-4d18-8d2e-c724ca99db81-225x300.jpg 225w, https:\/\/przylep.edu.pl\/przedszkole\/wp-content\/uploads\/2025\/10\/2de3bdc1-709c-4d18-8d2e-c724ca99db81-1152x1536.jpg 1152w, https:\/\/przylep.edu.pl\/przedszkole\/wp-content\/uploads\/2025\/10\/2de3bdc1-709c-4d18-8d2e-c724ca99db81.jpg 1536w\" sizes=\"auto, (max-width: 768px) 100vw, 768px\" \/><\/figure>\n\n\n\n<figure class=\"wp-block-image size-large\"><img loading=\"lazy\" decoding=\"async\" width=\"768\" height=\"1024\" data-id=\"11591\" src=\"https:\/\/przylep.edu.pl\/przedszkole\/wp-content\/uploads\/2025\/10\/468ab4b8-156d-4d81-bcab-184f856c5460-768x1024.jpg\" alt=\"\" class=\"wp-image-11591\" srcset=\"https:\/\/przylep.edu.pl\/przedszkole\/wp-content\/uploads\/2025\/10\/468ab4b8-156d-4d81-bcab-184f856c5460-768x1024.jpg 768w, https:\/\/przylep.edu.pl\/przedszkole\/wp-content\/uploads\/2025\/10\/468ab4b8-156d-4d81-bcab-184f856c5460-225x300.jpg 225w, https:\/\/przylep.edu.pl\/przedszkole\/wp-content\/uploads\/2025\/10\/468ab4b8-156d-4d81-bcab-184f856c5460-1152x1536.jpg 1152w, https:\/\/przylep.edu.pl\/przedszkole\/wp-content\/uploads\/2025\/10\/468ab4b8-156d-4d81-bcab-184f856c5460.jpg 1536w\" sizes=\"auto, (max-width: 768px) 100vw, 768px\" \/><\/figure>\n\n\n\n<figure class=\"wp-block-image size-large\"><img loading=\"lazy\" decoding=\"async\" width=\"1024\" height=\"768\" data-id=\"11595\" src=\"https:\/\/przylep.edu.pl\/przedszkole\/wp-content\/uploads\/2025\/10\/5512a6ee-351b-4f9c-b499-2b69f6c39766-1024x768.jpg\" alt=\"\" class=\"wp-image-11595\" srcset=\"https:\/\/przylep.edu.pl\/przedszkole\/wp-content\/uploads\/2025\/10\/5512a6ee-351b-4f9c-b499-2b69f6c39766-1024x768.jpg 1024w, https:\/\/przylep.edu.pl\/przedszkole\/wp-content\/uploads\/2025\/10\/5512a6ee-351b-4f9c-b499-2b69f6c39766-300x225.jpg 300w, https:\/\/przylep.edu.pl\/przedszkole\/wp-content\/uploads\/2025\/10\/5512a6ee-351b-4f9c-b499-2b69f6c39766-768x576.jpg 768w, https:\/\/przylep.edu.pl\/przedszkole\/wp-content\/uploads\/2025\/10\/5512a6ee-351b-4f9c-b499-2b69f6c39766-1536x1152.jpg 1536w, https:\/\/przylep.edu.pl\/przedszkole\/wp-content\/uploads\/2025\/10\/5512a6ee-351b-4f9c-b499-2b69f6c39766-600x450.jpg 600w, https:\/\/przylep.edu.pl\/przedszkole\/wp-content\/uploads\/2025\/10\/5512a6ee-351b-4f9c-b499-2b69f6c39766.jpg 2048w\" sizes=\"auto, (max-width: 1024px) 100vw, 1024px\" \/><\/figure>\n\n\n\n<figure class=\"wp-block-image size-large\"><img loading=\"lazy\" decoding=\"async\" width=\"768\" height=\"1024\" data-id=\"11592\" src=\"https:\/\/przylep.edu.pl\/przedszkole\/wp-content\/uploads\/2025\/10\/95a8cdbc-fe17-4080-b181-74ad70c2cdef-768x1024.jpg\" alt=\"\" class=\"wp-image-11592\" srcset=\"https:\/\/przylep.edu.pl\/przedszkole\/wp-content\/uploads\/2025\/10\/95a8cdbc-fe17-4080-b181-74ad70c2cdef-768x1024.jpg 768w, https:\/\/przylep.edu.pl\/przedszkole\/wp-content\/uploads\/2025\/10\/95a8cdbc-fe17-4080-b181-74ad70c2cdef-225x300.jpg 225w, https:\/\/przylep.edu.pl\/przedszkole\/wp-content\/uploads\/2025\/10\/95a8cdbc-fe17-4080-b181-74ad70c2cdef-1152x1536.jpg 1152w, https:\/\/przylep.edu.pl\/przedszkole\/wp-content\/uploads\/2025\/10\/95a8cdbc-fe17-4080-b181-74ad70c2cdef.jpg 1536w\" sizes=\"auto, (max-width: 768px) 100vw, 768px\" \/><\/figure>\n\n\n\n<figure class=\"wp-block-image size-large\"><img loading=\"lazy\" decoding=\"async\" width=\"768\" height=\"1024\" data-id=\"11594\" src=\"https:\/\/przylep.edu.pl\/przedszkole\/wp-content\/uploads\/2025\/10\/73e7505b-0211-44a5-ad28-b0fda8a07bad-768x1024.jpg\" alt=\"\" class=\"wp-image-11594\" srcset=\"https:\/\/przylep.edu.pl\/przedszkole\/wp-content\/uploads\/2025\/10\/73e7505b-0211-44a5-ad28-b0fda8a07bad-768x1024.jpg 768w, https:\/\/przylep.edu.pl\/przedszkole\/wp-content\/uploads\/2025\/10\/73e7505b-0211-44a5-ad28-b0fda8a07bad-225x300.jpg 225w, https:\/\/przylep.edu.pl\/przedszkole\/wp-content\/uploads\/2025\/10\/73e7505b-0211-44a5-ad28-b0fda8a07bad-1152x1536.jpg 1152w, https:\/\/przylep.edu.pl\/przedszkole\/wp-content\/uploads\/2025\/10\/73e7505b-0211-44a5-ad28-b0fda8a07bad.jpg 1536w\" sizes=\"auto, (max-width: 768px) 100vw, 768px\" \/><\/figure>\n\n\n\n<figure class=\"wp-block-image size-large\"><img loading=\"lazy\" decoding=\"async\" width=\"768\" height=\"1024\" data-id=\"11593\" src=\"https:\/\/przylep.edu.pl\/przedszkole\/wp-content\/uploads\/2025\/10\/ab37f3df-0c34-4e2d-9690-a8e2f1262018-768x1024.jpg\" alt=\"\" class=\"wp-image-11593\" srcset=\"https:\/\/przylep.edu.pl\/przedszkole\/wp-content\/uploads\/2025\/10\/ab37f3df-0c34-4e2d-9690-a8e2f1262018-768x1024.jpg 768w, https:\/\/przylep.edu.pl\/przedszkole\/wp-content\/uploads\/2025\/10\/ab37f3df-0c34-4e2d-9690-a8e2f1262018-225x300.jpg 225w, https:\/\/przylep.edu.pl\/przedszkole\/wp-content\/uploads\/2025\/10\/ab37f3df-0c34-4e2d-9690-a8e2f1262018-1152x1536.jpg 1152w, https:\/\/przylep.edu.pl\/przedszkole\/wp-content\/uploads\/2025\/10\/ab37f3df-0c34-4e2d-9690-a8e2f1262018.jpg 1536w\" sizes=\"auto, (max-width: 768px) 100vw, 768px\" \/><\/figure>\n<\/figure>\n","protected":false},"excerpt":{"rendered":"<p>21 marca uczniowie naszej szko\u0142y z rado\u015bci\u0105 powitali pierwszy dzie\u0144 wiosny! Z tej okazji zorganizowali\u015bmy wiosenne podchody, podczas kt\u00f3rych dzieci z zaanga\u017cowaniem rozwi\u0105zywa\u0142y zagadki, wykonywa\u0142y zadania ruchowe i szuka\u0142y ukrytych wskaz\u00f3wek. By\u0142a to \u015bwietna okazja do wsp\u00f3lnej zabawy na \u015bwie\u017cym powietrzu i integracji klas. W ramach powitania nowej pory roku uczniowie sadzili r\u00f3wnie\u017c kolorowe bratki [&hellip;]<\/p>\n","protected":false},"author":2,"featured_media":11596,"comment_status":"closed","ping_status":"open","sticky":false,"template":"","format":"standard","meta":{"footnotes":""},"categories":[45,41,40],"tags":[],"class_list":["post-11589","post","type-post","status-publish","format-standard","has-post-thumbnail","hentry","category-aktualnosci","category-galerie","category-strona-glowna"],"_links":{"self":[{"href":"https:\/\/przylep.edu.pl\/przedszkole\/wp-json\/wp\/v2\/posts\/11589","targetHints":{"allow":["GET"]}}],"collection":[{"href":"https:\/\/przylep.edu.pl\/przedszkole\/wp-json\/wp\/v2\/posts"}],"about":[{"href":"https:\/\/przylep.edu.pl\/przedszkole\/wp-json\/wp\/v2\/types\/post"}],"author":[{"embeddable":true,"href":"https:\/\/przylep.edu.pl\/przedszkole\/wp-json\/wp\/v2\/users\/2"}],"replies":[{"embeddable":true,"href":"https:\/\/przylep.edu.pl\/przedszkole\/wp-json\/wp\/v2\/comments?post=11589"}],"version-history":[{"count":1,"href":"https:\/\/przylep.edu.pl\/przedszkole\/wp-json\/wp\/v2\/posts\/11589\/revisions"}],"predecessor-version":[{"id":11597,"href":"https:\/\/przylep.edu.pl\/przedszkole\/wp-json\/wp\/v2\/posts\/11589\/revisions\/11597"}],"wp:featuredmedia":[{"embeddable":true,"href":"https:\/\/przylep.edu.pl\/przedszkole\/wp-json\/wp\/v2\/media\/11596"}],"wp:attachment":[{"href":"https:\/\/przylep.edu.pl\/przedszkole\/wp-json\/wp\/v2\/media?parent=11589"}],"wp:term":[{"taxonomy":"category","embeddable":true,"href":"https:\/\/przylep.edu.pl\/przedszkole\/wp-json\/wp\/v2\/categories?post=11589"},{"taxonomy":"post_tag","embeddable":true,"href":"https:\/\/przylep.edu.pl\/przedszkole\/wp-json\/wp\/v2\/tags?post=11589"}],"curies":[{"name":"wp","href":"https:\/\/api.w.org\/{rel}","templated":true}]}}