{"id":11573,"date":"2025-05-20T14:51:00","date_gmt":"2025-05-20T12:51:00","guid":{"rendered":"https:\/\/przylep.edu.pl\/przedszkole\/?p=11573"},"modified":"2025-10-27T15:00:30","modified_gmt":"2025-10-27T14:00:30","slug":"warsztaty-z-okazji-dnia-rodziny","status":"publish","type":"post","link":"https:\/\/przylep.edu.pl\/przedszkole\/2025\/05\/20\/warsztaty-z-okazji-dnia-rodziny\/","title":{"rendered":"Warsztaty z okazji Dnia Rodziny"},"content":{"rendered":"\n<p>19 maja w klasie 1a odby\u0142y si\u0119 wyj\u0105tkowe warsztaty z okazji Dnia Rodziny. By\u0142o to radosne i pe\u0142ne ciep\u0142a spotkanie, w kt\u00f3rym uczniowie wsp\u00f3lnie ze swoimi bliskimi wzi\u0119li udzia\u0142 w tw\u00f3rczych zaj\u0119ciach. Podczas warsztat\u00f3w uczestnicy ozdabiali ceramiczne doniczki, wykazuj\u0105c si\u0119 ogromn\u0105 pomys\u0142owo\u015bci\u0105 i kreatywno\u015bci\u0105. Nast\u0119pnie w pi\u0119knie udekorowanych pojemnikach sadzili cebulki forsycji, tworz\u0105c pami\u0105tkowe upominki, kt\u00f3re z pewno\u015bci\u0105 d\u0142ugo b\u0119d\u0105 przypomina\u0107 o tym wyj\u0105tkowym dniu. Wsp\u00f3lne dzia\u0142ania sprzyja\u0142y budowaniu wi\u0119zi, rozwija\u0142y zdolno\u015bci manualne i dostarczy\u0142y wszystkim wielu pozytywnych emocji. Dzi\u0119kujemy rodzinom za tak liczne przybycie i zaanga\u017cowanie!<\/p>\n\n\n\n<figure class=\"wp-block-gallery has-nested-images columns-default is-cropped wp-block-gallery-1 is-layout-flex wp-block-gallery-is-layout-flex\">\n<figure class=\"wp-block-image size-large\"><img loading=\"lazy\" decoding=\"async\" width=\"1024\" height=\"768\" data-id=\"11574\" src=\"https:\/\/przylep.edu.pl\/przedszkole\/wp-content\/uploads\/2025\/10\/WhatsApp-Image-2025-10-27-at-14.53.36-1-1024x768.jpeg\" alt=\"\" class=\"wp-image-11574\" srcset=\"https:\/\/przylep.edu.pl\/przedszkole\/wp-content\/uploads\/2025\/10\/WhatsApp-Image-2025-10-27-at-14.53.36-1-1024x768.jpeg 1024w, https:\/\/przylep.edu.pl\/przedszkole\/wp-content\/uploads\/2025\/10\/WhatsApp-Image-2025-10-27-at-14.53.36-1-300x225.jpeg 300w, https:\/\/przylep.edu.pl\/przedszkole\/wp-content\/uploads\/2025\/10\/WhatsApp-Image-2025-10-27-at-14.53.36-1-768x576.jpeg 768w, https:\/\/przylep.edu.pl\/przedszkole\/wp-content\/uploads\/2025\/10\/WhatsApp-Image-2025-10-27-at-14.53.36-1-1536x1152.jpeg 1536w, https:\/\/przylep.edu.pl\/przedszkole\/wp-content\/uploads\/2025\/10\/WhatsApp-Image-2025-10-27-at-14.53.36-1-600x450.jpeg 600w, https:\/\/przylep.edu.pl\/przedszkole\/wp-content\/uploads\/2025\/10\/WhatsApp-Image-2025-10-27-at-14.53.36-1.jpeg 2048w\" sizes=\"auto, (max-width: 1024px) 100vw, 1024px\" \/><\/figure>\n\n\n\n<figure class=\"wp-block-image size-large\"><img loading=\"lazy\" decoding=\"async\" width=\"1024\" height=\"768\" data-id=\"11578\" src=\"https:\/\/przylep.edu.pl\/przedszkole\/wp-content\/uploads\/2025\/10\/WhatsApp-Image-2025-10-27-at-14.53.36-1024x768.jpeg\" alt=\"\" class=\"wp-image-11578\" srcset=\"https:\/\/przylep.edu.pl\/przedszkole\/wp-content\/uploads\/2025\/10\/WhatsApp-Image-2025-10-27-at-14.53.36-1024x768.jpeg 1024w, https:\/\/przylep.edu.pl\/przedszkole\/wp-content\/uploads\/2025\/10\/WhatsApp-Image-2025-10-27-at-14.53.36-300x225.jpeg 300w, https:\/\/przylep.edu.pl\/przedszkole\/wp-content\/uploads\/2025\/10\/WhatsApp-Image-2025-10-27-at-14.53.36-768x576.jpeg 768w, https:\/\/przylep.edu.pl\/przedszkole\/wp-content\/uploads\/2025\/10\/WhatsApp-Image-2025-10-27-at-14.53.36-1536x1152.jpeg 1536w, https:\/\/przylep.edu.pl\/przedszkole\/wp-content\/uploads\/2025\/10\/WhatsApp-Image-2025-10-27-at-14.53.36-600x450.jpeg 600w, https:\/\/przylep.edu.pl\/przedszkole\/wp-content\/uploads\/2025\/10\/WhatsApp-Image-2025-10-27-at-14.53.36.jpeg 2048w\" sizes=\"auto, (max-width: 1024px) 100vw, 1024px\" \/><\/figure>\n\n\n\n<figure class=\"wp-block-image size-large\"><img loading=\"lazy\" decoding=\"async\" width=\"768\" height=\"1024\" data-id=\"11581\" src=\"https:\/\/przylep.edu.pl\/przedszkole\/wp-content\/uploads\/2025\/10\/WhatsApp-Image-2025-10-27-at-14.53.35-6-768x1024.jpeg\" alt=\"\" class=\"wp-image-11581\" srcset=\"https:\/\/przylep.edu.pl\/przedszkole\/wp-content\/uploads\/2025\/10\/WhatsApp-Image-2025-10-27-at-14.53.35-6-768x1024.jpeg 768w, https:\/\/przylep.edu.pl\/przedszkole\/wp-content\/uploads\/2025\/10\/WhatsApp-Image-2025-10-27-at-14.53.35-6-225x300.jpeg 225w, https:\/\/przylep.edu.pl\/przedszkole\/wp-content\/uploads\/2025\/10\/WhatsApp-Image-2025-10-27-at-14.53.35-6-1152x1536.jpeg 1152w, https:\/\/przylep.edu.pl\/przedszkole\/wp-content\/uploads\/2025\/10\/WhatsApp-Image-2025-10-27-at-14.53.35-6.jpeg 1536w\" sizes=\"auto, (max-width: 768px) 100vw, 768px\" \/><\/figure>\n\n\n\n<figure class=\"wp-block-image size-large\"><img loading=\"lazy\" decoding=\"async\" width=\"1024\" height=\"768\" data-id=\"11582\" src=\"https:\/\/przylep.edu.pl\/przedszkole\/wp-content\/uploads\/2025\/10\/WhatsApp-Image-2025-10-27-at-14.53.35-5-1024x768.jpeg\" alt=\"\" class=\"wp-image-11582\" srcset=\"https:\/\/przylep.edu.pl\/przedszkole\/wp-content\/uploads\/2025\/10\/WhatsApp-Image-2025-10-27-at-14.53.35-5-1024x768.jpeg 1024w, https:\/\/przylep.edu.pl\/przedszkole\/wp-content\/uploads\/2025\/10\/WhatsApp-Image-2025-10-27-at-14.53.35-5-300x225.jpeg 300w, https:\/\/przylep.edu.pl\/przedszkole\/wp-content\/uploads\/2025\/10\/WhatsApp-Image-2025-10-27-at-14.53.35-5-768x576.jpeg 768w, https:\/\/przylep.edu.pl\/przedszkole\/wp-content\/uploads\/2025\/10\/WhatsApp-Image-2025-10-27-at-14.53.35-5-1536x1152.jpeg 1536w, https:\/\/przylep.edu.pl\/przedszkole\/wp-content\/uploads\/2025\/10\/WhatsApp-Image-2025-10-27-at-14.53.35-5-600x450.jpeg 600w, https:\/\/przylep.edu.pl\/przedszkole\/wp-content\/uploads\/2025\/10\/WhatsApp-Image-2025-10-27-at-14.53.35-5.jpeg 2048w\" sizes=\"auto, (max-width: 1024px) 100vw, 1024px\" \/><\/figure>\n\n\n\n<figure class=\"wp-block-image size-large\"><img loading=\"lazy\" decoding=\"async\" width=\"1024\" height=\"768\" data-id=\"11579\" src=\"https:\/\/przylep.edu.pl\/przedszkole\/wp-content\/uploads\/2025\/10\/WhatsApp-Image-2025-10-27-at-14.53.35-4-1024x768.jpeg\" alt=\"\" class=\"wp-image-11579\" srcset=\"https:\/\/przylep.edu.pl\/przedszkole\/wp-content\/uploads\/2025\/10\/WhatsApp-Image-2025-10-27-at-14.53.35-4-1024x768.jpeg 1024w, https:\/\/przylep.edu.pl\/przedszkole\/wp-content\/uploads\/2025\/10\/WhatsApp-Image-2025-10-27-at-14.53.35-4-300x225.jpeg 300w, https:\/\/przylep.edu.pl\/przedszkole\/wp-content\/uploads\/2025\/10\/WhatsApp-Image-2025-10-27-at-14.53.35-4-768x576.jpeg 768w, https:\/\/przylep.edu.pl\/przedszkole\/wp-content\/uploads\/2025\/10\/WhatsApp-Image-2025-10-27-at-14.53.35-4-1536x1152.jpeg 1536w, https:\/\/przylep.edu.pl\/przedszkole\/wp-content\/uploads\/2025\/10\/WhatsApp-Image-2025-10-27-at-14.53.35-4-600x450.jpeg 600w, https:\/\/przylep.edu.pl\/przedszkole\/wp-content\/uploads\/2025\/10\/WhatsApp-Image-2025-10-27-at-14.53.35-4.jpeg 2048w\" sizes=\"auto, (max-width: 1024px) 100vw, 1024px\" \/><\/figure>\n\n\n\n<figure class=\"wp-block-image size-large\"><img loading=\"lazy\" decoding=\"async\" width=\"1024\" height=\"768\" data-id=\"11577\" src=\"https:\/\/przylep.edu.pl\/przedszkole\/wp-content\/uploads\/2025\/10\/WhatsApp-Image-2025-10-27-at-14.53.35-3-1024x768.jpeg\" alt=\"\" class=\"wp-image-11577\" srcset=\"https:\/\/przylep.edu.pl\/przedszkole\/wp-content\/uploads\/2025\/10\/WhatsApp-Image-2025-10-27-at-14.53.35-3-1024x768.jpeg 1024w, https:\/\/przylep.edu.pl\/przedszkole\/wp-content\/uploads\/2025\/10\/WhatsApp-Image-2025-10-27-at-14.53.35-3-300x225.jpeg 300w, https:\/\/przylep.edu.pl\/przedszkole\/wp-content\/uploads\/2025\/10\/WhatsApp-Image-2025-10-27-at-14.53.35-3-768x576.jpeg 768w, https:\/\/przylep.edu.pl\/przedszkole\/wp-content\/uploads\/2025\/10\/WhatsApp-Image-2025-10-27-at-14.53.35-3-1536x1152.jpeg 1536w, https:\/\/przylep.edu.pl\/przedszkole\/wp-content\/uploads\/2025\/10\/WhatsApp-Image-2025-10-27-at-14.53.35-3-600x450.jpeg 600w, https:\/\/przylep.edu.pl\/przedszkole\/wp-content\/uploads\/2025\/10\/WhatsApp-Image-2025-10-27-at-14.53.35-3.jpeg 2048w\" sizes=\"auto, (max-width: 1024px) 100vw, 1024px\" \/><\/figure>\n\n\n\n<figure class=\"wp-block-image size-large\"><img loading=\"lazy\" decoding=\"async\" width=\"1024\" height=\"768\" data-id=\"11576\" src=\"https:\/\/przylep.edu.pl\/przedszkole\/wp-content\/uploads\/2025\/10\/WhatsApp-Image-2025-10-27-at-14.53.35-2-1024x768.jpeg\" alt=\"\" class=\"wp-image-11576\" srcset=\"https:\/\/przylep.edu.pl\/przedszkole\/wp-content\/uploads\/2025\/10\/WhatsApp-Image-2025-10-27-at-14.53.35-2-1024x768.jpeg 1024w, https:\/\/przylep.edu.pl\/przedszkole\/wp-content\/uploads\/2025\/10\/WhatsApp-Image-2025-10-27-at-14.53.35-2-300x225.jpeg 300w, https:\/\/przylep.edu.pl\/przedszkole\/wp-content\/uploads\/2025\/10\/WhatsApp-Image-2025-10-27-at-14.53.35-2-768x576.jpeg 768w, https:\/\/przylep.edu.pl\/przedszkole\/wp-content\/uploads\/2025\/10\/WhatsApp-Image-2025-10-27-at-14.53.35-2-1536x1152.jpeg 1536w, https:\/\/przylep.edu.pl\/przedszkole\/wp-content\/uploads\/2025\/10\/WhatsApp-Image-2025-10-27-at-14.53.35-2-600x450.jpeg 600w, https:\/\/przylep.edu.pl\/przedszkole\/wp-content\/uploads\/2025\/10\/WhatsApp-Image-2025-10-27-at-14.53.35-2.jpeg 2048w\" sizes=\"auto, (max-width: 1024px) 100vw, 1024px\" \/><\/figure>\n\n\n\n<figure class=\"wp-block-image size-large\"><img loading=\"lazy\" decoding=\"async\" width=\"1024\" height=\"768\" data-id=\"11575\" src=\"https:\/\/przylep.edu.pl\/przedszkole\/wp-content\/uploads\/2025\/10\/WhatsApp-Image-2025-10-27-at-14.53.35-1-1024x768.jpeg\" alt=\"\" class=\"wp-image-11575\" srcset=\"https:\/\/przylep.edu.pl\/przedszkole\/wp-content\/uploads\/2025\/10\/WhatsApp-Image-2025-10-27-at-14.53.35-1-1024x768.jpeg 1024w, https:\/\/przylep.edu.pl\/przedszkole\/wp-content\/uploads\/2025\/10\/WhatsApp-Image-2025-10-27-at-14.53.35-1-300x225.jpeg 300w, https:\/\/przylep.edu.pl\/przedszkole\/wp-content\/uploads\/2025\/10\/WhatsApp-Image-2025-10-27-at-14.53.35-1-768x576.jpeg 768w, https:\/\/przylep.edu.pl\/przedszkole\/wp-content\/uploads\/2025\/10\/WhatsApp-Image-2025-10-27-at-14.53.35-1-1536x1152.jpeg 1536w, https:\/\/przylep.edu.pl\/przedszkole\/wp-content\/uploads\/2025\/10\/WhatsApp-Image-2025-10-27-at-14.53.35-1-600x450.jpeg 600w, https:\/\/przylep.edu.pl\/przedszkole\/wp-content\/uploads\/2025\/10\/WhatsApp-Image-2025-10-27-at-14.53.35-1.jpeg 2048w\" sizes=\"auto, (max-width: 1024px) 100vw, 1024px\" \/><\/figure>\n\n\n\n<figure class=\"wp-block-image size-large\"><img loading=\"lazy\" decoding=\"async\" width=\"768\" height=\"1024\" data-id=\"11580\" src=\"https:\/\/przylep.edu.pl\/przedszkole\/wp-content\/uploads\/2025\/10\/WhatsApp-Image-2025-10-27-at-14.53.35-768x1024.jpeg\" alt=\"\" class=\"wp-image-11580\" srcset=\"https:\/\/przylep.edu.pl\/przedszkole\/wp-content\/uploads\/2025\/10\/WhatsApp-Image-2025-10-27-at-14.53.35-768x1024.jpeg 768w, https:\/\/przylep.edu.pl\/przedszkole\/wp-content\/uploads\/2025\/10\/WhatsApp-Image-2025-10-27-at-14.53.35-225x300.jpeg 225w, https:\/\/przylep.edu.pl\/przedszkole\/wp-content\/uploads\/2025\/10\/WhatsApp-Image-2025-10-27-at-14.53.35-1152x1536.jpeg 1152w, https:\/\/przylep.edu.pl\/przedszkole\/wp-content\/uploads\/2025\/10\/WhatsApp-Image-2025-10-27-at-14.53.35.jpeg 1536w\" sizes=\"auto, (max-width: 768px) 100vw, 768px\" \/><\/figure>\n<\/figure>\n","protected":false},"excerpt":{"rendered":"<p>19 maja w klasie 1a odby\u0142y si\u0119 wyj\u0105tkowe warsztaty z okazji Dnia Rodziny. By\u0142o to radosne i pe\u0142ne ciep\u0142a spotkanie, w kt\u00f3rym uczniowie wsp\u00f3lnie ze swoimi bliskimi wzi\u0119li udzia\u0142 w tw\u00f3rczych zaj\u0119ciach. Podczas warsztat\u00f3w uczestnicy ozdabiali ceramiczne doniczki, wykazuj\u0105c si\u0119 ogromn\u0105 pomys\u0142owo\u015bci\u0105 i kreatywno\u015bci\u0105. Nast\u0119pnie w pi\u0119knie udekorowanych pojemnikach sadzili cebulki forsycji, tworz\u0105c pami\u0105tkowe upominki, [&hellip;]<\/p>\n","protected":false},"author":2,"featured_media":11583,"comment_status":"closed","ping_status":"open","sticky":false,"template":"","format":"standard","meta":{"footnotes":""},"categories":[45,41,40],"tags":[],"class_list":["post-11573","post","type-post","status-publish","format-standard","has-post-thumbnail","hentry","category-aktualnosci","category-galerie","category-strona-glowna"],"_links":{"self":[{"href":"https:\/\/przylep.edu.pl\/przedszkole\/wp-json\/wp\/v2\/posts\/11573","targetHints":{"allow":["GET"]}}],"collection":[{"href":"https:\/\/przylep.edu.pl\/przedszkole\/wp-json\/wp\/v2\/posts"}],"about":[{"href":"https:\/\/przylep.edu.pl\/przedszkole\/wp-json\/wp\/v2\/types\/post"}],"author":[{"embeddable":true,"href":"https:\/\/przylep.edu.pl\/przedszkole\/wp-json\/wp\/v2\/users\/2"}],"replies":[{"embeddable":true,"href":"https:\/\/przylep.edu.pl\/przedszkole\/wp-json\/wp\/v2\/comments?post=11573"}],"version-history":[{"count":2,"href":"https:\/\/przylep.edu.pl\/przedszkole\/wp-json\/wp\/v2\/posts\/11573\/revisions"}],"predecessor-version":[{"id":11587,"href":"https:\/\/przylep.edu.pl\/przedszkole\/wp-json\/wp\/v2\/posts\/11573\/revisions\/11587"}],"wp:featuredmedia":[{"embeddable":true,"href":"https:\/\/przylep.edu.pl\/przedszkole\/wp-json\/wp\/v2\/media\/11583"}],"wp:attachment":[{"href":"https:\/\/przylep.edu.pl\/przedszkole\/wp-json\/wp\/v2\/media?parent=11573"}],"wp:term":[{"taxonomy":"category","embeddable":true,"href":"https:\/\/przylep.edu.pl\/przedszkole\/wp-json\/wp\/v2\/categories?post=11573"},{"taxonomy":"post_tag","embeddable":true,"href":"https:\/\/przylep.edu.pl\/przedszkole\/wp-json\/wp\/v2\/tags?post=11573"}],"curies":[{"name":"wp","href":"https:\/\/api.w.org\/{rel}","templated":true}]}}