{"id":11498,"date":"2025-09-18T13:55:13","date_gmt":"2025-09-18T11:55:13","guid":{"rendered":"https:\/\/przylep.edu.pl\/przedszkole\/?p=11498"},"modified":"2025-10-27T14:25:29","modified_gmt":"2025-10-27T13:25:29","slug":"sportowy-dzien-integracyjny-klas-4-6","status":"publish","type":"post","link":"https:\/\/przylep.edu.pl\/przedszkole\/2025\/09\/18\/sportowy-dzien-integracyjny-klas-4-6\/","title":{"rendered":"Sportowy dzie\u0144 integracyjny klas 4-6"},"content":{"rendered":"\n<p>15 wrze\u015bnia uczniowie klas IV\u2013VI naszej szko\u0142y wzi\u0119li udzia\u0142 w <strong>Dniu Integracyjnym Sportowym<\/strong>, kt\u00f3ry odby\u0142 si\u0119 na sali gimnastycznej.<\/p>\n\n\n\n<p>Celem wydarzenia by\u0142a <strong>integracja zespo\u0142\u00f3w klasowych<\/strong>, rozwijanie <strong>wsp\u00f3\u0142pracy i zdrowej rywalizacji<\/strong>, a przede wszystkim \u2013 <strong>dobra zabawa i aktywne sp\u0119dzanie czasu<\/strong>.<\/p>\n\n\n\n<p>Podczas zaj\u0119\u0107 uczniowie uczestniczyli w r\u00f3\u017cnorodnych konkurencjach sportowych i zabawach ruchowych. By\u0142y gry zespo\u0142owe, przeci\u0105ganie liny oraz wy\u015bcigi w rz\u0119dach. Nie zabrak\u0142o te\u017c \u015bmiechu, dopingu i rado\u015bci ze wsp\u00f3lnych sukces\u00f3w. Na koniec, aby uczci\u0107 nadchodz\u0105cy Dzie\u0144 Kropki, nasi uczniowie uk\u0142adali z w\u0142asnych cia\u0142 wyrazy zwieraj\u0105ce w swojej nazwie liter\u0119 z kropk\u0105<\/p>\n\n\n\n<p>Na zako\u0144czenie wszystkie klasy otrzyma\u0142y <strong>pami\u0105tkowe dyplomy<\/strong> za udzia\u0142 oraz gromkie brawa za zaanga\u017cowanie i sportowego ducha!<\/p>\n\n\n\n<figure class=\"wp-block-gallery has-nested-images columns-default is-cropped wp-block-gallery-1 is-layout-flex wp-block-gallery-is-layout-flex\">\n<figure class=\"wp-block-image size-large\"><img loading=\"lazy\" decoding=\"async\" width=\"1024\" height=\"768\" data-id=\"11511\" src=\"https:\/\/przylep.edu.pl\/przedszkole\/wp-content\/uploads\/2025\/10\/065129cc-8798-4b13-abbb-30df1f4d4576-1-1024x768.jpg\" alt=\"\" class=\"wp-image-11511\" srcset=\"https:\/\/przylep.edu.pl\/przedszkole\/wp-content\/uploads\/2025\/10\/065129cc-8798-4b13-abbb-30df1f4d4576-1-1024x768.jpg 1024w, https:\/\/przylep.edu.pl\/przedszkole\/wp-content\/uploads\/2025\/10\/065129cc-8798-4b13-abbb-30df1f4d4576-1-300x225.jpg 300w, https:\/\/przylep.edu.pl\/przedszkole\/wp-content\/uploads\/2025\/10\/065129cc-8798-4b13-abbb-30df1f4d4576-1-768x576.jpg 768w, https:\/\/przylep.edu.pl\/przedszkole\/wp-content\/uploads\/2025\/10\/065129cc-8798-4b13-abbb-30df1f4d4576-1-1536x1152.jpg 1536w, https:\/\/przylep.edu.pl\/przedszkole\/wp-content\/uploads\/2025\/10\/065129cc-8798-4b13-abbb-30df1f4d4576-1-600x450.jpg 600w, https:\/\/przylep.edu.pl\/przedszkole\/wp-content\/uploads\/2025\/10\/065129cc-8798-4b13-abbb-30df1f4d4576-1.jpg 2048w\" sizes=\"auto, (max-width: 1024px) 100vw, 1024px\" \/><\/figure>\n\n\n\n<figure class=\"wp-block-image size-large\"><img loading=\"lazy\" decoding=\"async\" width=\"768\" height=\"1024\" data-id=\"11517\" src=\"https:\/\/przylep.edu.pl\/przedszkole\/wp-content\/uploads\/2025\/10\/5517c2ed-5a07-40d7-bee7-dfa23979f849-1-768x1024.jpg\" alt=\"\" class=\"wp-image-11517\" srcset=\"https:\/\/przylep.edu.pl\/przedszkole\/wp-content\/uploads\/2025\/10\/5517c2ed-5a07-40d7-bee7-dfa23979f849-1-768x1024.jpg 768w, https:\/\/przylep.edu.pl\/przedszkole\/wp-content\/uploads\/2025\/10\/5517c2ed-5a07-40d7-bee7-dfa23979f849-1-225x300.jpg 225w, https:\/\/przylep.edu.pl\/przedszkole\/wp-content\/uploads\/2025\/10\/5517c2ed-5a07-40d7-bee7-dfa23979f849-1-1152x1536.jpg 1152w, https:\/\/przylep.edu.pl\/przedszkole\/wp-content\/uploads\/2025\/10\/5517c2ed-5a07-40d7-bee7-dfa23979f849-1.jpg 1536w\" sizes=\"auto, (max-width: 768px) 100vw, 768px\" \/><\/figure>\n\n\n\n<figure class=\"wp-block-image size-large\"><img loading=\"lazy\" decoding=\"async\" width=\"768\" height=\"1024\" data-id=\"11518\" src=\"https:\/\/przylep.edu.pl\/przedszkole\/wp-content\/uploads\/2025\/10\/10f8dba4-b8e0-4f6c-a9af-f26cd68521c1-1-768x1024.jpg\" alt=\"\" class=\"wp-image-11518\" srcset=\"https:\/\/przylep.edu.pl\/przedszkole\/wp-content\/uploads\/2025\/10\/10f8dba4-b8e0-4f6c-a9af-f26cd68521c1-1-768x1024.jpg 768w, https:\/\/przylep.edu.pl\/przedszkole\/wp-content\/uploads\/2025\/10\/10f8dba4-b8e0-4f6c-a9af-f26cd68521c1-1-225x300.jpg 225w, https:\/\/przylep.edu.pl\/przedszkole\/wp-content\/uploads\/2025\/10\/10f8dba4-b8e0-4f6c-a9af-f26cd68521c1-1-1152x1536.jpg 1152w, https:\/\/przylep.edu.pl\/przedszkole\/wp-content\/uploads\/2025\/10\/10f8dba4-b8e0-4f6c-a9af-f26cd68521c1-1.jpg 1536w\" sizes=\"auto, (max-width: 768px) 100vw, 768px\" \/><\/figure>\n\n\n\n<figure class=\"wp-block-image size-large\"><img loading=\"lazy\" decoding=\"async\" width=\"768\" height=\"1024\" data-id=\"11512\" src=\"https:\/\/przylep.edu.pl\/przedszkole\/wp-content\/uploads\/2025\/10\/331f9800-6004-4cd6-8038-3a18bd62b348-1-768x1024.jpg\" alt=\"\" class=\"wp-image-11512\" srcset=\"https:\/\/przylep.edu.pl\/przedszkole\/wp-content\/uploads\/2025\/10\/331f9800-6004-4cd6-8038-3a18bd62b348-1-768x1024.jpg 768w, https:\/\/przylep.edu.pl\/przedszkole\/wp-content\/uploads\/2025\/10\/331f9800-6004-4cd6-8038-3a18bd62b348-1-225x300.jpg 225w, https:\/\/przylep.edu.pl\/przedszkole\/wp-content\/uploads\/2025\/10\/331f9800-6004-4cd6-8038-3a18bd62b348-1-1152x1536.jpg 1152w, https:\/\/przylep.edu.pl\/przedszkole\/wp-content\/uploads\/2025\/10\/331f9800-6004-4cd6-8038-3a18bd62b348-1.jpg 1536w\" sizes=\"auto, (max-width: 768px) 100vw, 768px\" \/><\/figure>\n\n\n\n<figure class=\"wp-block-image size-large\"><img loading=\"lazy\" decoding=\"async\" width=\"768\" height=\"1024\" data-id=\"11514\" src=\"https:\/\/przylep.edu.pl\/przedszkole\/wp-content\/uploads\/2025\/10\/ba22506b-6e59-44d4-8e52-ff8273fed3d1-1-768x1024.jpg\" alt=\"\" class=\"wp-image-11514\" srcset=\"https:\/\/przylep.edu.pl\/przedszkole\/wp-content\/uploads\/2025\/10\/ba22506b-6e59-44d4-8e52-ff8273fed3d1-1-768x1024.jpg 768w, https:\/\/przylep.edu.pl\/przedszkole\/wp-content\/uploads\/2025\/10\/ba22506b-6e59-44d4-8e52-ff8273fed3d1-1-225x300.jpg 225w, https:\/\/przylep.edu.pl\/przedszkole\/wp-content\/uploads\/2025\/10\/ba22506b-6e59-44d4-8e52-ff8273fed3d1-1-1152x1536.jpg 1152w, https:\/\/przylep.edu.pl\/przedszkole\/wp-content\/uploads\/2025\/10\/ba22506b-6e59-44d4-8e52-ff8273fed3d1-1.jpg 1536w\" sizes=\"auto, (max-width: 768px) 100vw, 768px\" \/><\/figure>\n\n\n\n<figure class=\"wp-block-image size-large\"><img loading=\"lazy\" decoding=\"async\" width=\"768\" height=\"1024\" data-id=\"11519\" src=\"https:\/\/przylep.edu.pl\/przedszkole\/wp-content\/uploads\/2025\/10\/16945341-155f-443a-b89b-660f56f67d8c-1-768x1024.jpg\" alt=\"\" class=\"wp-image-11519\" srcset=\"https:\/\/przylep.edu.pl\/przedszkole\/wp-content\/uploads\/2025\/10\/16945341-155f-443a-b89b-660f56f67d8c-1-768x1024.jpg 768w, https:\/\/przylep.edu.pl\/przedszkole\/wp-content\/uploads\/2025\/10\/16945341-155f-443a-b89b-660f56f67d8c-1-225x300.jpg 225w, https:\/\/przylep.edu.pl\/przedszkole\/wp-content\/uploads\/2025\/10\/16945341-155f-443a-b89b-660f56f67d8c-1-1152x1536.jpg 1152w, https:\/\/przylep.edu.pl\/przedszkole\/wp-content\/uploads\/2025\/10\/16945341-155f-443a-b89b-660f56f67d8c-1.jpg 1536w\" sizes=\"auto, (max-width: 768px) 100vw, 768px\" \/><\/figure>\n\n\n\n<figure class=\"wp-block-image size-large\"><img loading=\"lazy\" decoding=\"async\" width=\"768\" height=\"1024\" data-id=\"11521\" src=\"https:\/\/przylep.edu.pl\/przedszkole\/wp-content\/uploads\/2025\/10\/d5af6b3e-c4c2-4fba-8da5-e45ce5948f12-1-768x1024.jpg\" alt=\"\" class=\"wp-image-11521\" srcset=\"https:\/\/przylep.edu.pl\/przedszkole\/wp-content\/uploads\/2025\/10\/d5af6b3e-c4c2-4fba-8da5-e45ce5948f12-1-768x1024.jpg 768w, https:\/\/przylep.edu.pl\/przedszkole\/wp-content\/uploads\/2025\/10\/d5af6b3e-c4c2-4fba-8da5-e45ce5948f12-1-225x300.jpg 225w, https:\/\/przylep.edu.pl\/przedszkole\/wp-content\/uploads\/2025\/10\/d5af6b3e-c4c2-4fba-8da5-e45ce5948f12-1-1152x1536.jpg 1152w, https:\/\/przylep.edu.pl\/przedszkole\/wp-content\/uploads\/2025\/10\/d5af6b3e-c4c2-4fba-8da5-e45ce5948f12-1.jpg 1536w\" sizes=\"auto, (max-width: 768px) 100vw, 768px\" \/><\/figure>\n\n\n\n<figure class=\"wp-block-image size-large\"><img loading=\"lazy\" decoding=\"async\" width=\"768\" height=\"1024\" data-id=\"11516\" src=\"https:\/\/przylep.edu.pl\/przedszkole\/wp-content\/uploads\/2025\/10\/b92d1f9d-b4eb-401a-8165-b2a6991eed53-1-768x1024.jpg\" alt=\"\" class=\"wp-image-11516\" srcset=\"https:\/\/przylep.edu.pl\/przedszkole\/wp-content\/uploads\/2025\/10\/b92d1f9d-b4eb-401a-8165-b2a6991eed53-1-768x1024.jpg 768w, https:\/\/przylep.edu.pl\/przedszkole\/wp-content\/uploads\/2025\/10\/b92d1f9d-b4eb-401a-8165-b2a6991eed53-1-225x300.jpg 225w, https:\/\/przylep.edu.pl\/przedszkole\/wp-content\/uploads\/2025\/10\/b92d1f9d-b4eb-401a-8165-b2a6991eed53-1-1152x1536.jpg 1152w, https:\/\/przylep.edu.pl\/przedszkole\/wp-content\/uploads\/2025\/10\/b92d1f9d-b4eb-401a-8165-b2a6991eed53-1.jpg 1536w\" sizes=\"auto, (max-width: 768px) 100vw, 768px\" \/><\/figure>\n\n\n\n<figure class=\"wp-block-image size-large\"><img loading=\"lazy\" decoding=\"async\" width=\"768\" height=\"1024\" data-id=\"11522\" src=\"https:\/\/przylep.edu.pl\/przedszkole\/wp-content\/uploads\/2025\/10\/f98e4c6b-6e74-49a7-a9a1-379c57068af5-1-768x1024.jpg\" alt=\"\" class=\"wp-image-11522\" srcset=\"https:\/\/przylep.edu.pl\/przedszkole\/wp-content\/uploads\/2025\/10\/f98e4c6b-6e74-49a7-a9a1-379c57068af5-1-768x1024.jpg 768w, https:\/\/przylep.edu.pl\/przedszkole\/wp-content\/uploads\/2025\/10\/f98e4c6b-6e74-49a7-a9a1-379c57068af5-1-225x300.jpg 225w, https:\/\/przylep.edu.pl\/przedszkole\/wp-content\/uploads\/2025\/10\/f98e4c6b-6e74-49a7-a9a1-379c57068af5-1-1152x1536.jpg 1152w, https:\/\/przylep.edu.pl\/przedszkole\/wp-content\/uploads\/2025\/10\/f98e4c6b-6e74-49a7-a9a1-379c57068af5-1.jpg 1536w\" sizes=\"auto, (max-width: 768px) 100vw, 768px\" \/><\/figure>\n<\/figure>\n\n\n\n<figure class=\"wp-block-gallery has-nested-images columns-default is-cropped wp-block-gallery-2 is-layout-flex wp-block-gallery-is-layout-flex\">\n<figure class=\"wp-block-image size-large\"><img loading=\"lazy\" decoding=\"async\" width=\"768\" height=\"1024\" data-id=\"11523\" src=\"https:\/\/przylep.edu.pl\/przedszkole\/wp-content\/uploads\/2025\/10\/331f9800-6004-4cd6-8038-3a18bd62b348-2-768x1024.jpg\" alt=\"\" class=\"wp-image-11523\" srcset=\"https:\/\/przylep.edu.pl\/przedszkole\/wp-content\/uploads\/2025\/10\/331f9800-6004-4cd6-8038-3a18bd62b348-2-768x1024.jpg 768w, https:\/\/przylep.edu.pl\/przedszkole\/wp-content\/uploads\/2025\/10\/331f9800-6004-4cd6-8038-3a18bd62b348-2-225x300.jpg 225w, https:\/\/przylep.edu.pl\/przedszkole\/wp-content\/uploads\/2025\/10\/331f9800-6004-4cd6-8038-3a18bd62b348-2-1152x1536.jpg 1152w, https:\/\/przylep.edu.pl\/przedszkole\/wp-content\/uploads\/2025\/10\/331f9800-6004-4cd6-8038-3a18bd62b348-2.jpg 1536w\" sizes=\"auto, (max-width: 768px) 100vw, 768px\" \/><\/figure>\n\n\n\n<figure class=\"wp-block-image size-large\"><img loading=\"lazy\" decoding=\"async\" width=\"768\" height=\"1024\" data-id=\"11524\" src=\"https:\/\/przylep.edu.pl\/przedszkole\/wp-content\/uploads\/2025\/10\/235ebafc-4c26-4d50-9761-21d5349b84eb-2-768x1024.jpg\" alt=\"\" class=\"wp-image-11524\" srcset=\"https:\/\/przylep.edu.pl\/przedszkole\/wp-content\/uploads\/2025\/10\/235ebafc-4c26-4d50-9761-21d5349b84eb-2-768x1024.jpg 768w, https:\/\/przylep.edu.pl\/przedszkole\/wp-content\/uploads\/2025\/10\/235ebafc-4c26-4d50-9761-21d5349b84eb-2-225x300.jpg 225w, https:\/\/przylep.edu.pl\/przedszkole\/wp-content\/uploads\/2025\/10\/235ebafc-4c26-4d50-9761-21d5349b84eb-2-1152x1536.jpg 1152w, https:\/\/przylep.edu.pl\/przedszkole\/wp-content\/uploads\/2025\/10\/235ebafc-4c26-4d50-9761-21d5349b84eb-2.jpg 1536w\" sizes=\"auto, (max-width: 768px) 100vw, 768px\" \/><\/figure>\n\n\n\n<figure class=\"wp-block-image size-large\"><img loading=\"lazy\" decoding=\"async\" width=\"768\" height=\"1024\" data-id=\"11525\" src=\"https:\/\/przylep.edu.pl\/przedszkole\/wp-content\/uploads\/2025\/10\/3acad0a5-0e6b-48c1-b3b6-21bb8dc0fc9f-768x1024.jpg\" alt=\"\" class=\"wp-image-11525\" srcset=\"https:\/\/przylep.edu.pl\/przedszkole\/wp-content\/uploads\/2025\/10\/3acad0a5-0e6b-48c1-b3b6-21bb8dc0fc9f-768x1024.jpg 768w, https:\/\/przylep.edu.pl\/przedszkole\/wp-content\/uploads\/2025\/10\/3acad0a5-0e6b-48c1-b3b6-21bb8dc0fc9f-225x300.jpg 225w, https:\/\/przylep.edu.pl\/przedszkole\/wp-content\/uploads\/2025\/10\/3acad0a5-0e6b-48c1-b3b6-21bb8dc0fc9f-1152x1536.jpg 1152w, https:\/\/przylep.edu.pl\/przedszkole\/wp-content\/uploads\/2025\/10\/3acad0a5-0e6b-48c1-b3b6-21bb8dc0fc9f.jpg 1536w\" sizes=\"auto, (max-width: 768px) 100vw, 768px\" \/><\/figure>\n<\/figure>\n\n\n\n<figure class=\"wp-block-gallery has-nested-images columns-default is-cropped wp-block-gallery-3 is-layout-flex wp-block-gallery-is-layout-flex\">\n<figure class=\"wp-block-image size-large\"><img loading=\"lazy\" decoding=\"async\" width=\"472\" height=\"1024\" data-id=\"11537\" src=\"https:\/\/przylep.edu.pl\/przedszkole\/wp-content\/uploads\/2025\/09\/WhatsApp-Image-2025-10-27-at-14.24.37-472x1024.jpeg\" alt=\"\" class=\"wp-image-11537\" srcset=\"https:\/\/przylep.edu.pl\/przedszkole\/wp-content\/uploads\/2025\/09\/WhatsApp-Image-2025-10-27-at-14.24.37-472x1024.jpeg 472w, https:\/\/przylep.edu.pl\/przedszkole\/wp-content\/uploads\/2025\/09\/WhatsApp-Image-2025-10-27-at-14.24.37-138x300.jpeg 138w, https:\/\/przylep.edu.pl\/przedszkole\/wp-content\/uploads\/2025\/09\/WhatsApp-Image-2025-10-27-at-14.24.37-708x1536.jpeg 708w, https:\/\/przylep.edu.pl\/przedszkole\/wp-content\/uploads\/2025\/09\/WhatsApp-Image-2025-10-27-at-14.24.37.jpeg 738w\" sizes=\"auto, (max-width: 472px) 100vw, 472px\" \/><\/figure>\n\n\n\n<figure class=\"wp-block-image size-large\"><img loading=\"lazy\" decoding=\"async\" width=\"472\" height=\"1024\" data-id=\"11538\" src=\"https:\/\/przylep.edu.pl\/przedszkole\/wp-content\/uploads\/2025\/09\/WhatsApp-Image-2025-10-27-at-14.22.02-1-1-472x1024.jpeg\" alt=\"\" class=\"wp-image-11538\" srcset=\"https:\/\/przylep.edu.pl\/przedszkole\/wp-content\/uploads\/2025\/09\/WhatsApp-Image-2025-10-27-at-14.22.02-1-1-472x1024.jpeg 472w, https:\/\/przylep.edu.pl\/przedszkole\/wp-content\/uploads\/2025\/09\/WhatsApp-Image-2025-10-27-at-14.22.02-1-1-138x300.jpeg 138w, https:\/\/przylep.edu.pl\/przedszkole\/wp-content\/uploads\/2025\/09\/WhatsApp-Image-2025-10-27-at-14.22.02-1-1-708x1536.jpeg 708w, https:\/\/przylep.edu.pl\/przedszkole\/wp-content\/uploads\/2025\/09\/WhatsApp-Image-2025-10-27-at-14.22.02-1-1.jpeg 738w\" sizes=\"auto, (max-width: 472px) 100vw, 472px\" \/><\/figure>\n\n\n\n<figure class=\"wp-block-image size-large\"><img loading=\"lazy\" decoding=\"async\" width=\"1024\" height=\"472\" data-id=\"11539\" src=\"https:\/\/przylep.edu.pl\/przedszkole\/wp-content\/uploads\/2025\/09\/WhatsApp-Image-2025-10-27-at-14.22.02-2-1024x472.jpeg\" alt=\"\" class=\"wp-image-11539\" srcset=\"https:\/\/przylep.edu.pl\/przedszkole\/wp-content\/uploads\/2025\/09\/WhatsApp-Image-2025-10-27-at-14.22.02-2-1024x472.jpeg 1024w, https:\/\/przylep.edu.pl\/przedszkole\/wp-content\/uploads\/2025\/09\/WhatsApp-Image-2025-10-27-at-14.22.02-2-300x138.jpeg 300w, https:\/\/przylep.edu.pl\/przedszkole\/wp-content\/uploads\/2025\/09\/WhatsApp-Image-2025-10-27-at-14.22.02-2-768x354.jpeg 768w, https:\/\/przylep.edu.pl\/przedszkole\/wp-content\/uploads\/2025\/09\/WhatsApp-Image-2025-10-27-at-14.22.02-2-1536x708.jpeg 1536w, https:\/\/przylep.edu.pl\/przedszkole\/wp-content\/uploads\/2025\/09\/WhatsApp-Image-2025-10-27-at-14.22.02-2.jpeg 1600w\" sizes=\"auto, (max-width: 1024px) 100vw, 1024px\" \/><\/figure>\n<\/figure>\n","protected":false},"excerpt":{"rendered":"<p>15 wrze\u015bnia uczniowie klas IV\u2013VI naszej szko\u0142y wzi\u0119li udzia\u0142 w Dniu Integracyjnym Sportowym, kt\u00f3ry odby\u0142 si\u0119 na sali gimnastycznej. Celem wydarzenia by\u0142a integracja zespo\u0142\u00f3w klasowych, rozwijanie wsp\u00f3\u0142pracy i zdrowej rywalizacji, a przede wszystkim \u2013 dobra zabawa i aktywne sp\u0119dzanie czasu. Podczas zaj\u0119\u0107 uczniowie uczestniczyli w r\u00f3\u017cnorodnych konkurencjach sportowych i zabawach ruchowych. By\u0142y gry zespo\u0142owe, przeci\u0105ganie [&hellip;]<\/p>\n","protected":false},"author":2,"featured_media":11526,"comment_status":"closed","ping_status":"open","sticky":false,"template":"","format":"standard","meta":{"footnotes":""},"categories":[45,41,40],"tags":[],"class_list":["post-11498","post","type-post","status-publish","format-standard","has-post-thumbnail","hentry","category-aktualnosci","category-galerie","category-strona-glowna"],"_links":{"self":[{"href":"https:\/\/przylep.edu.pl\/przedszkole\/wp-json\/wp\/v2\/posts\/11498","targetHints":{"allow":["GET"]}}],"collection":[{"href":"https:\/\/przylep.edu.pl\/przedszkole\/wp-json\/wp\/v2\/posts"}],"about":[{"href":"https:\/\/przylep.edu.pl\/przedszkole\/wp-json\/wp\/v2\/types\/post"}],"author":[{"embeddable":true,"href":"https:\/\/przylep.edu.pl\/przedszkole\/wp-json\/wp\/v2\/users\/2"}],"replies":[{"embeddable":true,"href":"https:\/\/przylep.edu.pl\/przedszkole\/wp-json\/wp\/v2\/comments?post=11498"}],"version-history":[{"count":2,"href":"https:\/\/przylep.edu.pl\/przedszkole\/wp-json\/wp\/v2\/posts\/11498\/revisions"}],"predecessor-version":[{"id":11540,"href":"https:\/\/przylep.edu.pl\/przedszkole\/wp-json\/wp\/v2\/posts\/11498\/revisions\/11540"}],"wp:featuredmedia":[{"embeddable":true,"href":"https:\/\/przylep.edu.pl\/przedszkole\/wp-json\/wp\/v2\/media\/11526"}],"wp:attachment":[{"href":"https:\/\/przylep.edu.pl\/przedszkole\/wp-json\/wp\/v2\/media?parent=11498"}],"wp:term":[{"taxonomy":"category","embeddable":true,"href":"https:\/\/przylep.edu.pl\/przedszkole\/wp-json\/wp\/v2\/categories?post=11498"},{"taxonomy":"post_tag","embeddable":true,"href":"https:\/\/przylep.edu.pl\/przedszkole\/wp-json\/wp\/v2\/tags?post=11498"}],"curies":[{"name":"wp","href":"https:\/\/api.w.org\/{rel}","templated":true}]}}