{"id":11474,"date":"2025-04-25T12:55:00","date_gmt":"2025-04-25T10:55:00","guid":{"rendered":"https:\/\/przylep.edu.pl\/przedszkole\/?p=11474"},"modified":"2025-10-27T13:00:47","modified_gmt":"2025-10-27T12:00:47","slug":"przeglad-ozdoby-wielkanocnej","status":"publish","type":"post","link":"https:\/\/przylep.edu.pl\/przedszkole\/2025\/04\/25\/przeglad-ozdoby-wielkanocnej\/","title":{"rendered":"Przegl\u0105d ozdoby wielkanocnej"},"content":{"rendered":"\n<p>Samorz\u0105d Uczniowski zorganizowa\u0142 w kwietnia Przegl\u0105d Ozdoby Wielkanocnej. Tegoroczne wydarzenie przyci\u0105gn\u0119\u0142o wiele kreatywnych i barwnych prac, kt\u00f3re wprowadzi\u0142y do holu plac\u00f3wki \u015bwi\u0105teczny nastr\u00f3j. Uczniowie wykazali si\u0119 pomys\u0142owo\u015bci\u0105 i kreatywno\u015bci\u0105- w\u015br\u00f3d pracownik\u00f3w znalaz\u0142y si\u0119 koszyczki, figurki, stroiki, wie\u0144ce i r\u0119cznie robione pisanki. Wszyscy uczestnicy otrzymali dyplomy i upominek za udzia\u0142 w przegl\u0105dzie. Dzi\u0119kujemy serdecznie.<\/p>\n\n\n\n<figure class=\"wp-block-gallery has-nested-images columns-default is-cropped wp-block-gallery-1 is-layout-flex wp-block-gallery-is-layout-flex\">\n<figure class=\"wp-block-image size-large\"><img loading=\"lazy\" decoding=\"async\" width=\"768\" height=\"1024\" data-id=\"11475\" src=\"https:\/\/przylep.edu.pl\/przedszkole\/wp-content\/uploads\/2025\/10\/969437eb-1f8f-4565-ba41-45a85d376f8e-768x1024.jpg\" alt=\"\" class=\"wp-image-11475\" srcset=\"https:\/\/przylep.edu.pl\/przedszkole\/wp-content\/uploads\/2025\/10\/969437eb-1f8f-4565-ba41-45a85d376f8e-768x1024.jpg 768w, https:\/\/przylep.edu.pl\/przedszkole\/wp-content\/uploads\/2025\/10\/969437eb-1f8f-4565-ba41-45a85d376f8e-225x300.jpg 225w, https:\/\/przylep.edu.pl\/przedszkole\/wp-content\/uploads\/2025\/10\/969437eb-1f8f-4565-ba41-45a85d376f8e-1152x1536.jpg 1152w, https:\/\/przylep.edu.pl\/przedszkole\/wp-content\/uploads\/2025\/10\/969437eb-1f8f-4565-ba41-45a85d376f8e.jpg 1536w\" sizes=\"auto, (max-width: 768px) 100vw, 768px\" \/><\/figure>\n\n\n\n<figure class=\"wp-block-image size-large\"><img loading=\"lazy\" decoding=\"async\" width=\"1024\" height=\"768\" data-id=\"11480\" src=\"https:\/\/przylep.edu.pl\/przedszkole\/wp-content\/uploads\/2025\/10\/dab8f520-eb42-49d5-9de3-e4045f57a3e6-1024x768.jpg\" alt=\"\" class=\"wp-image-11480\" srcset=\"https:\/\/przylep.edu.pl\/przedszkole\/wp-content\/uploads\/2025\/10\/dab8f520-eb42-49d5-9de3-e4045f57a3e6-1024x768.jpg 1024w, https:\/\/przylep.edu.pl\/przedszkole\/wp-content\/uploads\/2025\/10\/dab8f520-eb42-49d5-9de3-e4045f57a3e6-300x225.jpg 300w, https:\/\/przylep.edu.pl\/przedszkole\/wp-content\/uploads\/2025\/10\/dab8f520-eb42-49d5-9de3-e4045f57a3e6-768x576.jpg 768w, https:\/\/przylep.edu.pl\/przedszkole\/wp-content\/uploads\/2025\/10\/dab8f520-eb42-49d5-9de3-e4045f57a3e6-1536x1152.jpg 1536w, https:\/\/przylep.edu.pl\/przedszkole\/wp-content\/uploads\/2025\/10\/dab8f520-eb42-49d5-9de3-e4045f57a3e6-600x450.jpg 600w, https:\/\/przylep.edu.pl\/przedszkole\/wp-content\/uploads\/2025\/10\/dab8f520-eb42-49d5-9de3-e4045f57a3e6.jpg 2048w\" sizes=\"auto, (max-width: 1024px) 100vw, 1024px\" \/><\/figure>\n\n\n\n<figure class=\"wp-block-image size-large\"><img loading=\"lazy\" decoding=\"async\" width=\"1024\" height=\"768\" data-id=\"11477\" src=\"https:\/\/przylep.edu.pl\/przedszkole\/wp-content\/uploads\/2025\/10\/7f7ee5f2-42a1-4fb6-b636-04c0226addf5-1024x768.jpg\" alt=\"\" class=\"wp-image-11477\" srcset=\"https:\/\/przylep.edu.pl\/przedszkole\/wp-content\/uploads\/2025\/10\/7f7ee5f2-42a1-4fb6-b636-04c0226addf5-1024x768.jpg 1024w, https:\/\/przylep.edu.pl\/przedszkole\/wp-content\/uploads\/2025\/10\/7f7ee5f2-42a1-4fb6-b636-04c0226addf5-300x225.jpg 300w, https:\/\/przylep.edu.pl\/przedszkole\/wp-content\/uploads\/2025\/10\/7f7ee5f2-42a1-4fb6-b636-04c0226addf5-768x576.jpg 768w, https:\/\/przylep.edu.pl\/przedszkole\/wp-content\/uploads\/2025\/10\/7f7ee5f2-42a1-4fb6-b636-04c0226addf5-1536x1152.jpg 1536w, https:\/\/przylep.edu.pl\/przedszkole\/wp-content\/uploads\/2025\/10\/7f7ee5f2-42a1-4fb6-b636-04c0226addf5-600x450.jpg 600w, https:\/\/przylep.edu.pl\/przedszkole\/wp-content\/uploads\/2025\/10\/7f7ee5f2-42a1-4fb6-b636-04c0226addf5.jpg 2048w\" sizes=\"auto, (max-width: 1024px) 100vw, 1024px\" \/><\/figure>\n\n\n\n<figure class=\"wp-block-image size-large\"><img loading=\"lazy\" decoding=\"async\" width=\"768\" height=\"1024\" data-id=\"11478\" src=\"https:\/\/przylep.edu.pl\/przedszkole\/wp-content\/uploads\/2025\/10\/f69c14e6-8927-488c-affb-59a25fdfd49d-768x1024.jpg\" alt=\"\" class=\"wp-image-11478\" srcset=\"https:\/\/przylep.edu.pl\/przedszkole\/wp-content\/uploads\/2025\/10\/f69c14e6-8927-488c-affb-59a25fdfd49d-768x1024.jpg 768w, https:\/\/przylep.edu.pl\/przedszkole\/wp-content\/uploads\/2025\/10\/f69c14e6-8927-488c-affb-59a25fdfd49d-225x300.jpg 225w, https:\/\/przylep.edu.pl\/przedszkole\/wp-content\/uploads\/2025\/10\/f69c14e6-8927-488c-affb-59a25fdfd49d-1152x1536.jpg 1152w, https:\/\/przylep.edu.pl\/przedszkole\/wp-content\/uploads\/2025\/10\/f69c14e6-8927-488c-affb-59a25fdfd49d.jpg 1536w\" sizes=\"auto, (max-width: 768px) 100vw, 768px\" \/><\/figure>\n\n\n\n<figure class=\"wp-block-image size-large\"><img loading=\"lazy\" decoding=\"async\" width=\"768\" height=\"1024\" data-id=\"11476\" src=\"https:\/\/przylep.edu.pl\/przedszkole\/wp-content\/uploads\/2025\/10\/9c7443d1-b386-41b5-a01a-fc2c136224d1-768x1024.jpg\" alt=\"\" class=\"wp-image-11476\" srcset=\"https:\/\/przylep.edu.pl\/przedszkole\/wp-content\/uploads\/2025\/10\/9c7443d1-b386-41b5-a01a-fc2c136224d1-768x1024.jpg 768w, https:\/\/przylep.edu.pl\/przedszkole\/wp-content\/uploads\/2025\/10\/9c7443d1-b386-41b5-a01a-fc2c136224d1-225x300.jpg 225w, https:\/\/przylep.edu.pl\/przedszkole\/wp-content\/uploads\/2025\/10\/9c7443d1-b386-41b5-a01a-fc2c136224d1-1152x1536.jpg 1152w, https:\/\/przylep.edu.pl\/przedszkole\/wp-content\/uploads\/2025\/10\/9c7443d1-b386-41b5-a01a-fc2c136224d1.jpg 1536w\" sizes=\"auto, (max-width: 768px) 100vw, 768px\" \/><\/figure>\n<\/figure>\n\n\n\n<p><br><br><br><br><br><\/p>\n","protected":false},"excerpt":{"rendered":"<p>Samorz\u0105d Uczniowski zorganizowa\u0142 w kwietnia Przegl\u0105d Ozdoby Wielkanocnej. Tegoroczne wydarzenie przyci\u0105gn\u0119\u0142o wiele kreatywnych i barwnych prac, kt\u00f3re wprowadzi\u0142y do holu plac\u00f3wki \u015bwi\u0105teczny nastr\u00f3j. Uczniowie wykazali si\u0119 pomys\u0142owo\u015bci\u0105 i kreatywno\u015bci\u0105- w\u015br\u00f3d pracownik\u00f3w znalaz\u0142y si\u0119 koszyczki, figurki, stroiki, wie\u0144ce i r\u0119cznie robione pisanki. Wszyscy uczestnicy otrzymali dyplomy i upominek za udzia\u0142 w przegl\u0105dzie. Dzi\u0119kujemy serdecznie.<\/p>\n","protected":false},"author":2,"featured_media":11481,"comment_status":"closed","ping_status":"open","sticky":false,"template":"","format":"standard","meta":{"footnotes":""},"categories":[45,41,40],"tags":[],"class_list":["post-11474","post","type-post","status-publish","format-standard","has-post-thumbnail","hentry","category-aktualnosci","category-galerie","category-strona-glowna"],"_links":{"self":[{"href":"https:\/\/przylep.edu.pl\/przedszkole\/wp-json\/wp\/v2\/posts\/11474","targetHints":{"allow":["GET"]}}],"collection":[{"href":"https:\/\/przylep.edu.pl\/przedszkole\/wp-json\/wp\/v2\/posts"}],"about":[{"href":"https:\/\/przylep.edu.pl\/przedszkole\/wp-json\/wp\/v2\/types\/post"}],"author":[{"embeddable":true,"href":"https:\/\/przylep.edu.pl\/przedszkole\/wp-json\/wp\/v2\/users\/2"}],"replies":[{"embeddable":true,"href":"https:\/\/przylep.edu.pl\/przedszkole\/wp-json\/wp\/v2\/comments?post=11474"}],"version-history":[{"count":1,"href":"https:\/\/przylep.edu.pl\/przedszkole\/wp-json\/wp\/v2\/posts\/11474\/revisions"}],"predecessor-version":[{"id":11482,"href":"https:\/\/przylep.edu.pl\/przedszkole\/wp-json\/wp\/v2\/posts\/11474\/revisions\/11482"}],"wp:featuredmedia":[{"embeddable":true,"href":"https:\/\/przylep.edu.pl\/przedszkole\/wp-json\/wp\/v2\/media\/11481"}],"wp:attachment":[{"href":"https:\/\/przylep.edu.pl\/przedszkole\/wp-json\/wp\/v2\/media?parent=11474"}],"wp:term":[{"taxonomy":"category","embeddable":true,"href":"https:\/\/przylep.edu.pl\/przedszkole\/wp-json\/wp\/v2\/categories?post=11474"},{"taxonomy":"post_tag","embeddable":true,"href":"https:\/\/przylep.edu.pl\/przedszkole\/wp-json\/wp\/v2\/tags?post=11474"}],"curies":[{"name":"wp","href":"https:\/\/api.w.org\/{rel}","templated":true}]}}