{"id":11465,"date":"2025-05-17T12:50:00","date_gmt":"2025-05-17T10:50:00","guid":{"rendered":"https:\/\/przylep.edu.pl\/przedszkole\/?p=11465"},"modified":"2025-10-27T12:54:59","modified_gmt":"2025-10-27T11:54:59","slug":"dzien-bez-plecaka","status":"publish","type":"post","link":"https:\/\/przylep.edu.pl\/przedszkole\/2025\/05\/17\/dzien-bez-plecaka\/","title":{"rendered":"Dzie\u0144 bez plecaka!"},"content":{"rendered":"\n<p>W czwartek, 16 maja, w naszej szkole odby\u0142a si\u0119 druga edycja &#8222;Dnia bez plecaka&#8221;. To nietypowe wydarzenie ponownie spotka\u0142o si\u0119 z du\u017cym zainteresowaniem uczni\u00f3w, kt\u00f3rzy tego dnia przynie\u015bli swoje przybory szkolne w najr\u00f3\u017cniejszych, cz\u0119sto zaskakuj\u0105cych pojemnikach i przedmiotach codziennego u\u017cytku \u2013 od walizek, przez koszyki i skrzynki na narz\u0119dzia, a\u017c po w\u00f3zki dzieci\u0119ce i odkurzacz. Celem akcji by\u0142a integracja spo\u0142eczno\u015bci szkolnej oraz pokazanie, \u017ce nauka i kreatywno\u015b\u0107 mog\u0105 i\u015b\u0107 w parze. Uczniowie wykazali si\u0119 ogromn\u0105 pomys\u0142owo\u015bci\u0105, a szko\u0142a na jeden dzie\u0144 zamieni\u0142a si\u0119 w pe\u0142n\u0105 \u015bmiechu i pozytywnej energii przestrze\u0144. Wydarzenie zosta\u0142o zorganizowane przez Samorz\u0105d Uczniowski, kt\u00f3ry zadba\u0142 r\u00f3wnie\u017c o dokumentacj\u0119 fotograficzn\u0105. &#8222;Dzie\u0144 bez plecaka&#8221; z pewno\u015bci\u0105 na d\u0142ugo pozostanie w pami\u0119ci uczestnik\u00f3w i ju\u017c teraz nie mo\u017cemy doczeka\u0107 si\u0119 kolejnej edycji!<\/p>\n\n\n\n<figure class=\"wp-block-gallery has-nested-images columns-default is-cropped wp-block-gallery-1 is-layout-flex wp-block-gallery-is-layout-flex\">\n<figure class=\"wp-block-image size-large\"><img loading=\"lazy\" decoding=\"async\" width=\"1024\" height=\"768\" data-id=\"11466\" src=\"https:\/\/przylep.edu.pl\/przedszkole\/wp-content\/uploads\/2025\/10\/6c9de930-5fa5-40a8-90f1-614ec7331465-1024x768.jpg\" alt=\"\" class=\"wp-image-11466\" srcset=\"https:\/\/przylep.edu.pl\/przedszkole\/wp-content\/uploads\/2025\/10\/6c9de930-5fa5-40a8-90f1-614ec7331465-1024x768.jpg 1024w, https:\/\/przylep.edu.pl\/przedszkole\/wp-content\/uploads\/2025\/10\/6c9de930-5fa5-40a8-90f1-614ec7331465-300x225.jpg 300w, https:\/\/przylep.edu.pl\/przedszkole\/wp-content\/uploads\/2025\/10\/6c9de930-5fa5-40a8-90f1-614ec7331465-768x576.jpg 768w, https:\/\/przylep.edu.pl\/przedszkole\/wp-content\/uploads\/2025\/10\/6c9de930-5fa5-40a8-90f1-614ec7331465-1536x1152.jpg 1536w, https:\/\/przylep.edu.pl\/przedszkole\/wp-content\/uploads\/2025\/10\/6c9de930-5fa5-40a8-90f1-614ec7331465-600x450.jpg 600w, https:\/\/przylep.edu.pl\/przedszkole\/wp-content\/uploads\/2025\/10\/6c9de930-5fa5-40a8-90f1-614ec7331465.jpg 2048w\" sizes=\"auto, (max-width: 1024px) 100vw, 1024px\" \/><\/figure>\n\n\n\n<figure class=\"wp-block-image size-large\"><img loading=\"lazy\" decoding=\"async\" width=\"768\" height=\"1024\" data-id=\"11467\" src=\"https:\/\/przylep.edu.pl\/przedszkole\/wp-content\/uploads\/2025\/10\/76b3ddff-dec6-41f3-8371-6a63d9f3dbab-768x1024.jpg\" alt=\"\" class=\"wp-image-11467\" srcset=\"https:\/\/przylep.edu.pl\/przedszkole\/wp-content\/uploads\/2025\/10\/76b3ddff-dec6-41f3-8371-6a63d9f3dbab-768x1024.jpg 768w, https:\/\/przylep.edu.pl\/przedszkole\/wp-content\/uploads\/2025\/10\/76b3ddff-dec6-41f3-8371-6a63d9f3dbab-225x300.jpg 225w, https:\/\/przylep.edu.pl\/przedszkole\/wp-content\/uploads\/2025\/10\/76b3ddff-dec6-41f3-8371-6a63d9f3dbab-1152x1536.jpg 1152w, https:\/\/przylep.edu.pl\/przedszkole\/wp-content\/uploads\/2025\/10\/76b3ddff-dec6-41f3-8371-6a63d9f3dbab.jpg 1536w\" sizes=\"auto, (max-width: 768px) 100vw, 768px\" \/><\/figure>\n\n\n\n<figure class=\"wp-block-image size-large\"><img loading=\"lazy\" decoding=\"async\" width=\"1024\" height=\"768\" data-id=\"11469\" src=\"https:\/\/przylep.edu.pl\/przedszkole\/wp-content\/uploads\/2025\/10\/7462d3ec-d1fa-4c74-b7d2-37786f8c1343-1024x768.jpg\" alt=\"\" class=\"wp-image-11469\" srcset=\"https:\/\/przylep.edu.pl\/przedszkole\/wp-content\/uploads\/2025\/10\/7462d3ec-d1fa-4c74-b7d2-37786f8c1343-1024x768.jpg 1024w, https:\/\/przylep.edu.pl\/przedszkole\/wp-content\/uploads\/2025\/10\/7462d3ec-d1fa-4c74-b7d2-37786f8c1343-300x225.jpg 300w, https:\/\/przylep.edu.pl\/przedszkole\/wp-content\/uploads\/2025\/10\/7462d3ec-d1fa-4c74-b7d2-37786f8c1343-768x576.jpg 768w, https:\/\/przylep.edu.pl\/przedszkole\/wp-content\/uploads\/2025\/10\/7462d3ec-d1fa-4c74-b7d2-37786f8c1343-1536x1152.jpg 1536w, https:\/\/przylep.edu.pl\/przedszkole\/wp-content\/uploads\/2025\/10\/7462d3ec-d1fa-4c74-b7d2-37786f8c1343-600x450.jpg 600w, https:\/\/przylep.edu.pl\/przedszkole\/wp-content\/uploads\/2025\/10\/7462d3ec-d1fa-4c74-b7d2-37786f8c1343.jpg 2048w\" sizes=\"auto, (max-width: 1024px) 100vw, 1024px\" \/><\/figure>\n\n\n\n<figure class=\"wp-block-image size-large\"><img loading=\"lazy\" decoding=\"async\" width=\"768\" height=\"1024\" data-id=\"11470\" src=\"https:\/\/przylep.edu.pl\/przedszkole\/wp-content\/uploads\/2025\/10\/eb98c041-177b-420c-a981-7b342cdf0b3f-768x1024.jpg\" alt=\"\" class=\"wp-image-11470\" srcset=\"https:\/\/przylep.edu.pl\/przedszkole\/wp-content\/uploads\/2025\/10\/eb98c041-177b-420c-a981-7b342cdf0b3f-768x1024.jpg 768w, https:\/\/przylep.edu.pl\/przedszkole\/wp-content\/uploads\/2025\/10\/eb98c041-177b-420c-a981-7b342cdf0b3f-225x300.jpg 225w, https:\/\/przylep.edu.pl\/przedszkole\/wp-content\/uploads\/2025\/10\/eb98c041-177b-420c-a981-7b342cdf0b3f-1152x1536.jpg 1152w, https:\/\/przylep.edu.pl\/przedszkole\/wp-content\/uploads\/2025\/10\/eb98c041-177b-420c-a981-7b342cdf0b3f.jpg 1536w\" sizes=\"auto, (max-width: 768px) 100vw, 768px\" \/><\/figure>\n\n\n\n<figure class=\"wp-block-image size-large\"><img loading=\"lazy\" decoding=\"async\" width=\"1024\" height=\"768\" data-id=\"11471\" src=\"https:\/\/przylep.edu.pl\/przedszkole\/wp-content\/uploads\/2025\/10\/a95ba95d-40a3-45f2-8078-6ab262369048-1024x768.jpg\" alt=\"\" class=\"wp-image-11471\" srcset=\"https:\/\/przylep.edu.pl\/przedszkole\/wp-content\/uploads\/2025\/10\/a95ba95d-40a3-45f2-8078-6ab262369048-1024x768.jpg 1024w, https:\/\/przylep.edu.pl\/przedszkole\/wp-content\/uploads\/2025\/10\/a95ba95d-40a3-45f2-8078-6ab262369048-300x225.jpg 300w, https:\/\/przylep.edu.pl\/przedszkole\/wp-content\/uploads\/2025\/10\/a95ba95d-40a3-45f2-8078-6ab262369048-768x576.jpg 768w, https:\/\/przylep.edu.pl\/przedszkole\/wp-content\/uploads\/2025\/10\/a95ba95d-40a3-45f2-8078-6ab262369048-1536x1152.jpg 1536w, https:\/\/przylep.edu.pl\/przedszkole\/wp-content\/uploads\/2025\/10\/a95ba95d-40a3-45f2-8078-6ab262369048-600x450.jpg 600w, https:\/\/przylep.edu.pl\/przedszkole\/wp-content\/uploads\/2025\/10\/a95ba95d-40a3-45f2-8078-6ab262369048.jpg 2048w\" sizes=\"auto, (max-width: 1024px) 100vw, 1024px\" \/><\/figure>\n<\/figure>\n","protected":false},"excerpt":{"rendered":"<p>W czwartek, 16 maja, w naszej szkole odby\u0142a si\u0119 druga edycja &#8222;Dnia bez plecaka&#8221;. To nietypowe wydarzenie ponownie spotka\u0142o si\u0119 z du\u017cym zainteresowaniem uczni\u00f3w, kt\u00f3rzy tego dnia przynie\u015bli swoje przybory szkolne w najr\u00f3\u017cniejszych, cz\u0119sto zaskakuj\u0105cych pojemnikach i przedmiotach codziennego u\u017cytku \u2013 od walizek, przez koszyki i skrzynki na narz\u0119dzia, a\u017c po w\u00f3zki dzieci\u0119ce i odkurzacz. [&hellip;]<\/p>\n","protected":false},"author":2,"featured_media":11472,"comment_status":"closed","ping_status":"open","sticky":false,"template":"","format":"standard","meta":{"footnotes":""},"categories":[45,41,47],"tags":[],"class_list":["post-11465","post","type-post","status-publish","format-standard","has-post-thumbnail","hentry","category-aktualnosci","category-galerie","category-jadlospis"],"_links":{"self":[{"href":"https:\/\/przylep.edu.pl\/przedszkole\/wp-json\/wp\/v2\/posts\/11465","targetHints":{"allow":["GET"]}}],"collection":[{"href":"https:\/\/przylep.edu.pl\/przedszkole\/wp-json\/wp\/v2\/posts"}],"about":[{"href":"https:\/\/przylep.edu.pl\/przedszkole\/wp-json\/wp\/v2\/types\/post"}],"author":[{"embeddable":true,"href":"https:\/\/przylep.edu.pl\/przedszkole\/wp-json\/wp\/v2\/users\/2"}],"replies":[{"embeddable":true,"href":"https:\/\/przylep.edu.pl\/przedszkole\/wp-json\/wp\/v2\/comments?post=11465"}],"version-history":[{"count":1,"href":"https:\/\/przylep.edu.pl\/przedszkole\/wp-json\/wp\/v2\/posts\/11465\/revisions"}],"predecessor-version":[{"id":11473,"href":"https:\/\/przylep.edu.pl\/przedszkole\/wp-json\/wp\/v2\/posts\/11465\/revisions\/11473"}],"wp:featuredmedia":[{"embeddable":true,"href":"https:\/\/przylep.edu.pl\/przedszkole\/wp-json\/wp\/v2\/media\/11472"}],"wp:attachment":[{"href":"https:\/\/przylep.edu.pl\/przedszkole\/wp-json\/wp\/v2\/media?parent=11465"}],"wp:term":[{"taxonomy":"category","embeddable":true,"href":"https:\/\/przylep.edu.pl\/przedszkole\/wp-json\/wp\/v2\/categories?post=11465"},{"taxonomy":"post_tag","embeddable":true,"href":"https:\/\/przylep.edu.pl\/przedszkole\/wp-json\/wp\/v2\/tags?post=11465"}],"curies":[{"name":"wp","href":"https:\/\/api.w.org\/{rel}","templated":true}]}}