{"id":11457,"date":"2025-09-27T12:42:00","date_gmt":"2025-09-27T10:42:00","guid":{"rendered":"https:\/\/przylep.edu.pl\/przedszkole\/?p=11457"},"modified":"2025-10-27T14:59:57","modified_gmt":"2025-10-27T13:59:57","slug":"wybory-do-samorzadu","status":"publish","type":"post","link":"https:\/\/przylep.edu.pl\/przedszkole\/2025\/09\/27\/wybory-do-samorzadu\/","title":{"rendered":"Wybory do Samorz\u0105du"},"content":{"rendered":"\n<p>26.09.2025 w ZSP w Przylepie odby\u0142y si\u0119 wybory do sk\u0142adu Prezydium Samorz\u0105du Uczniowskiego. Spo\u0142eczno\u015b\u0107 szkolna- uczniowie klas 3-6 wybierali Przewodnicz\u0105ca, zast\u0119pc\u0119 oraz sekretarza SU. Uprawnionych do g\u0142osowania by\u0142o 90 uczni\u00f3w. 77 odda\u0142o g\u0142os. Wygra\u0142a Karolina Horodecka z kl V tym samym zosta\u0142a Przewodnicz\u0105ca . Zast\u0119pc\u0105 zosta\u0142 Jan Adaszy\u0144ski-Skwirzy\u0144ski z kl V, sekretarzem Marcel Szyde\u0142ko z kl IV. Do SU weszli r\u00f3wnie\u017c Jan Bojko z kl V oraz Alicja Kr\u0119\u017cel z kl VI. Gratulujemy!<\/p>\n\n\n\n<figure class=\"wp-block-gallery has-nested-images columns-default is-cropped wp-block-gallery-1 is-layout-flex wp-block-gallery-is-layout-flex\">\n<figure class=\"wp-block-image size-large\"><img loading=\"lazy\" decoding=\"async\" width=\"768\" height=\"1024\" data-id=\"11458\" src=\"https:\/\/przylep.edu.pl\/przedszkole\/wp-content\/uploads\/2025\/10\/1be8af7a-4caa-4be5-8c85-2d289484e554-768x1024.jpg\" alt=\"\" class=\"wp-image-11458\" srcset=\"https:\/\/przylep.edu.pl\/przedszkole\/wp-content\/uploads\/2025\/10\/1be8af7a-4caa-4be5-8c85-2d289484e554-768x1024.jpg 768w, https:\/\/przylep.edu.pl\/przedszkole\/wp-content\/uploads\/2025\/10\/1be8af7a-4caa-4be5-8c85-2d289484e554-225x300.jpg 225w, https:\/\/przylep.edu.pl\/przedszkole\/wp-content\/uploads\/2025\/10\/1be8af7a-4caa-4be5-8c85-2d289484e554-1152x1536.jpg 1152w, https:\/\/przylep.edu.pl\/przedszkole\/wp-content\/uploads\/2025\/10\/1be8af7a-4caa-4be5-8c85-2d289484e554.jpg 1536w\" sizes=\"auto, (max-width: 768px) 100vw, 768px\" \/><\/figure>\n\n\n\n<figure class=\"wp-block-image size-large\"><img loading=\"lazy\" decoding=\"async\" width=\"768\" height=\"1024\" data-id=\"11459\" src=\"https:\/\/przylep.edu.pl\/przedszkole\/wp-content\/uploads\/2025\/10\/4e7cb3d6-1899-4b62-9d42-89cde32b9ce5-768x1024.jpg\" alt=\"\" class=\"wp-image-11459\" srcset=\"https:\/\/przylep.edu.pl\/przedszkole\/wp-content\/uploads\/2025\/10\/4e7cb3d6-1899-4b62-9d42-89cde32b9ce5-768x1024.jpg 768w, https:\/\/przylep.edu.pl\/przedszkole\/wp-content\/uploads\/2025\/10\/4e7cb3d6-1899-4b62-9d42-89cde32b9ce5-225x300.jpg 225w, https:\/\/przylep.edu.pl\/przedszkole\/wp-content\/uploads\/2025\/10\/4e7cb3d6-1899-4b62-9d42-89cde32b9ce5-1152x1536.jpg 1152w, https:\/\/przylep.edu.pl\/przedszkole\/wp-content\/uploads\/2025\/10\/4e7cb3d6-1899-4b62-9d42-89cde32b9ce5.jpg 1536w\" sizes=\"auto, (max-width: 768px) 100vw, 768px\" \/><\/figure>\n\n\n\n<figure class=\"wp-block-image size-large\"><img loading=\"lazy\" decoding=\"async\" width=\"768\" height=\"1024\" data-id=\"11460\" src=\"https:\/\/przylep.edu.pl\/przedszkole\/wp-content\/uploads\/2025\/10\/4bf87d1b-d763-4801-a759-22204b0388b0-768x1024.jpg\" alt=\"\" class=\"wp-image-11460\" srcset=\"https:\/\/przylep.edu.pl\/przedszkole\/wp-content\/uploads\/2025\/10\/4bf87d1b-d763-4801-a759-22204b0388b0-768x1024.jpg 768w, https:\/\/przylep.edu.pl\/przedszkole\/wp-content\/uploads\/2025\/10\/4bf87d1b-d763-4801-a759-22204b0388b0-225x300.jpg 225w, https:\/\/przylep.edu.pl\/przedszkole\/wp-content\/uploads\/2025\/10\/4bf87d1b-d763-4801-a759-22204b0388b0-1152x1536.jpg 1152w, https:\/\/przylep.edu.pl\/przedszkole\/wp-content\/uploads\/2025\/10\/4bf87d1b-d763-4801-a759-22204b0388b0.jpg 1536w\" sizes=\"auto, (max-width: 768px) 100vw, 768px\" \/><\/figure>\n\n\n\n<figure class=\"wp-block-image size-large\"><img loading=\"lazy\" decoding=\"async\" width=\"1024\" height=\"768\" data-id=\"11461\" src=\"https:\/\/przylep.edu.pl\/przedszkole\/wp-content\/uploads\/2025\/10\/55c0b496-def6-48f3-a05b-5ca1d9ddb4a9-1024x768.jpg\" alt=\"\" class=\"wp-image-11461\" srcset=\"https:\/\/przylep.edu.pl\/przedszkole\/wp-content\/uploads\/2025\/10\/55c0b496-def6-48f3-a05b-5ca1d9ddb4a9-1024x768.jpg 1024w, https:\/\/przylep.edu.pl\/przedszkole\/wp-content\/uploads\/2025\/10\/55c0b496-def6-48f3-a05b-5ca1d9ddb4a9-300x225.jpg 300w, https:\/\/przylep.edu.pl\/przedszkole\/wp-content\/uploads\/2025\/10\/55c0b496-def6-48f3-a05b-5ca1d9ddb4a9-768x576.jpg 768w, https:\/\/przylep.edu.pl\/przedszkole\/wp-content\/uploads\/2025\/10\/55c0b496-def6-48f3-a05b-5ca1d9ddb4a9-1536x1152.jpg 1536w, https:\/\/przylep.edu.pl\/przedszkole\/wp-content\/uploads\/2025\/10\/55c0b496-def6-48f3-a05b-5ca1d9ddb4a9-600x450.jpg 600w, https:\/\/przylep.edu.pl\/przedszkole\/wp-content\/uploads\/2025\/10\/55c0b496-def6-48f3-a05b-5ca1d9ddb4a9.jpg 2048w\" sizes=\"auto, (max-width: 1024px) 100vw, 1024px\" \/><\/figure>\n<\/figure>\n","protected":false},"excerpt":{"rendered":"<p>26.09.2025 w ZSP w Przylepie odby\u0142y si\u0119 wybory do sk\u0142adu Prezydium Samorz\u0105du Uczniowskiego. Spo\u0142eczno\u015b\u0107 szkolna- uczniowie klas 3-6 wybierali Przewodnicz\u0105ca, zast\u0119pc\u0119 oraz sekretarza SU. Uprawnionych do g\u0142osowania by\u0142o 90 uczni\u00f3w. 77 odda\u0142o g\u0142os. Wygra\u0142a Karolina Horodecka z kl V tym samym zosta\u0142a Przewodnicz\u0105ca . Zast\u0119pc\u0105 zosta\u0142 Jan Adaszy\u0144ski-Skwirzy\u0144ski z kl V, sekretarzem Marcel Szyde\u0142ko z [&hellip;]<\/p>\n","protected":false},"author":2,"featured_media":11463,"comment_status":"closed","ping_status":"open","sticky":false,"template":"","format":"standard","meta":{"footnotes":""},"categories":[45,41,40],"tags":[],"class_list":["post-11457","post","type-post","status-publish","format-standard","has-post-thumbnail","hentry","category-aktualnosci","category-galerie","category-strona-glowna"],"_links":{"self":[{"href":"https:\/\/przylep.edu.pl\/przedszkole\/wp-json\/wp\/v2\/posts\/11457","targetHints":{"allow":["GET"]}}],"collection":[{"href":"https:\/\/przylep.edu.pl\/przedszkole\/wp-json\/wp\/v2\/posts"}],"about":[{"href":"https:\/\/przylep.edu.pl\/przedszkole\/wp-json\/wp\/v2\/types\/post"}],"author":[{"embeddable":true,"href":"https:\/\/przylep.edu.pl\/przedszkole\/wp-json\/wp\/v2\/users\/2"}],"replies":[{"embeddable":true,"href":"https:\/\/przylep.edu.pl\/przedszkole\/wp-json\/wp\/v2\/comments?post=11457"}],"version-history":[{"count":1,"href":"https:\/\/przylep.edu.pl\/przedszkole\/wp-json\/wp\/v2\/posts\/11457\/revisions"}],"predecessor-version":[{"id":11464,"href":"https:\/\/przylep.edu.pl\/przedszkole\/wp-json\/wp\/v2\/posts\/11457\/revisions\/11464"}],"wp:featuredmedia":[{"embeddable":true,"href":"https:\/\/przylep.edu.pl\/przedszkole\/wp-json\/wp\/v2\/media\/11463"}],"wp:attachment":[{"href":"https:\/\/przylep.edu.pl\/przedszkole\/wp-json\/wp\/v2\/media?parent=11457"}],"wp:term":[{"taxonomy":"category","embeddable":true,"href":"https:\/\/przylep.edu.pl\/przedszkole\/wp-json\/wp\/v2\/categories?post=11457"},{"taxonomy":"post_tag","embeddable":true,"href":"https:\/\/przylep.edu.pl\/przedszkole\/wp-json\/wp\/v2\/tags?post=11457"}],"curies":[{"name":"wp","href":"https:\/\/api.w.org\/{rel}","templated":true}]}}