{"id":11436,"date":"2025-03-11T12:23:00","date_gmt":"2025-03-11T11:23:00","guid":{"rendered":"https:\/\/przylep.edu.pl\/przedszkole\/?p=11436"},"modified":"2025-10-27T12:30:22","modified_gmt":"2025-10-27T11:30:22","slug":"dzien-kobiet-w-kl-1a","status":"publish","type":"post","link":"https:\/\/przylep.edu.pl\/przedszkole\/2025\/03\/11\/dzien-kobiet-w-kl-1a\/","title":{"rendered":"Dzie\u0144 kobiet w kl 1a"},"content":{"rendered":"\n<p>Z okazji Dnia Kobiet ch\u0142opcy z klasy 1a przygotowali dla swoich kole\u017canek wyj\u0105tkow\u0105 niespodziank\u0119. Wraz z wychowawczyni\u0105, przed lekcjami, udali si\u0119 do sklepu, gdzie wybierali sk\u0142adniki na zdrowe soki. Po powrocie do szko\u0142y ch\u0142opcy przyst\u0105pili do przygotowa\u0144 \u2013 obierali owoce, myli je i kroili, aby ka\u017cdy m\u00f3g\u0142 skomponowa\u0107 sok wed\u0142ug w\u0142asnych preferencji. Ca\u0142a klasa, pe\u0142na entuzjazmu, bawi\u0142a si\u0119 przy tworzeniu pysznych, zdrowych napoj\u00f3w, kt\u00f3re umili\u0142y ten szczeg\u00f3lny dzie\u0144. To by\u0142a niezapomniana chwila pe\u0142na rado\u015bci i wsp\u00f3\u0142pracy!<\/p>\n\n\n\n<figure class=\"wp-block-gallery has-nested-images columns-default is-cropped wp-block-gallery-1 is-layout-flex wp-block-gallery-is-layout-flex\">\n<figure class=\"wp-block-image size-large\"><img loading=\"lazy\" decoding=\"async\" width=\"1024\" height=\"768\" data-id=\"11437\" src=\"https:\/\/przylep.edu.pl\/przedszkole\/wp-content\/uploads\/2025\/10\/5440537b-7ba4-491b-89b6-a9e062ade522-1024x768.jpg\" alt=\"\" class=\"wp-image-11437\" srcset=\"https:\/\/przylep.edu.pl\/przedszkole\/wp-content\/uploads\/2025\/10\/5440537b-7ba4-491b-89b6-a9e062ade522-1024x768.jpg 1024w, https:\/\/przylep.edu.pl\/przedszkole\/wp-content\/uploads\/2025\/10\/5440537b-7ba4-491b-89b6-a9e062ade522-300x225.jpg 300w, https:\/\/przylep.edu.pl\/przedszkole\/wp-content\/uploads\/2025\/10\/5440537b-7ba4-491b-89b6-a9e062ade522-768x576.jpg 768w, https:\/\/przylep.edu.pl\/przedszkole\/wp-content\/uploads\/2025\/10\/5440537b-7ba4-491b-89b6-a9e062ade522-1536x1152.jpg 1536w, https:\/\/przylep.edu.pl\/przedszkole\/wp-content\/uploads\/2025\/10\/5440537b-7ba4-491b-89b6-a9e062ade522-600x450.jpg 600w, https:\/\/przylep.edu.pl\/przedszkole\/wp-content\/uploads\/2025\/10\/5440537b-7ba4-491b-89b6-a9e062ade522.jpg 2048w\" sizes=\"auto, (max-width: 1024px) 100vw, 1024px\" \/><\/figure>\n\n\n\n<figure class=\"wp-block-image size-large\"><img loading=\"lazy\" decoding=\"async\" width=\"1024\" height=\"768\" data-id=\"11440\" src=\"https:\/\/przylep.edu.pl\/przedszkole\/wp-content\/uploads\/2025\/10\/d879364b-2191-4b00-8ddf-48042e4040a2-1024x768.jpg\" alt=\"\" class=\"wp-image-11440\" srcset=\"https:\/\/przylep.edu.pl\/przedszkole\/wp-content\/uploads\/2025\/10\/d879364b-2191-4b00-8ddf-48042e4040a2-1024x768.jpg 1024w, https:\/\/przylep.edu.pl\/przedszkole\/wp-content\/uploads\/2025\/10\/d879364b-2191-4b00-8ddf-48042e4040a2-300x225.jpg 300w, https:\/\/przylep.edu.pl\/przedszkole\/wp-content\/uploads\/2025\/10\/d879364b-2191-4b00-8ddf-48042e4040a2-768x576.jpg 768w, https:\/\/przylep.edu.pl\/przedszkole\/wp-content\/uploads\/2025\/10\/d879364b-2191-4b00-8ddf-48042e4040a2-1536x1152.jpg 1536w, https:\/\/przylep.edu.pl\/przedszkole\/wp-content\/uploads\/2025\/10\/d879364b-2191-4b00-8ddf-48042e4040a2-600x450.jpg 600w, https:\/\/przylep.edu.pl\/przedszkole\/wp-content\/uploads\/2025\/10\/d879364b-2191-4b00-8ddf-48042e4040a2.jpg 2048w\" sizes=\"auto, (max-width: 1024px) 100vw, 1024px\" \/><\/figure>\n\n\n\n<figure class=\"wp-block-image size-large\"><img loading=\"lazy\" decoding=\"async\" width=\"1024\" height=\"768\" data-id=\"11438\" src=\"https:\/\/przylep.edu.pl\/przedszkole\/wp-content\/uploads\/2025\/10\/f0852b8e-d383-4cd0-8759-242144288a2e-1024x768.jpg\" alt=\"\" class=\"wp-image-11438\" srcset=\"https:\/\/przylep.edu.pl\/przedszkole\/wp-content\/uploads\/2025\/10\/f0852b8e-d383-4cd0-8759-242144288a2e-1024x768.jpg 1024w, https:\/\/przylep.edu.pl\/przedszkole\/wp-content\/uploads\/2025\/10\/f0852b8e-d383-4cd0-8759-242144288a2e-300x225.jpg 300w, https:\/\/przylep.edu.pl\/przedszkole\/wp-content\/uploads\/2025\/10\/f0852b8e-d383-4cd0-8759-242144288a2e-768x576.jpg 768w, https:\/\/przylep.edu.pl\/przedszkole\/wp-content\/uploads\/2025\/10\/f0852b8e-d383-4cd0-8759-242144288a2e-1536x1152.jpg 1536w, https:\/\/przylep.edu.pl\/przedszkole\/wp-content\/uploads\/2025\/10\/f0852b8e-d383-4cd0-8759-242144288a2e-600x450.jpg 600w, https:\/\/przylep.edu.pl\/przedszkole\/wp-content\/uploads\/2025\/10\/f0852b8e-d383-4cd0-8759-242144288a2e.jpg 2048w\" sizes=\"auto, (max-width: 1024px) 100vw, 1024px\" \/><\/figure>\n\n\n\n<figure class=\"wp-block-image size-large\"><img loading=\"lazy\" decoding=\"async\" width=\"1024\" height=\"768\" data-id=\"11439\" src=\"https:\/\/przylep.edu.pl\/przedszkole\/wp-content\/uploads\/2025\/10\/fc74696d-ebfb-4d76-93a4-913dd46899b8-1024x768.jpg\" alt=\"\" class=\"wp-image-11439\" srcset=\"https:\/\/przylep.edu.pl\/przedszkole\/wp-content\/uploads\/2025\/10\/fc74696d-ebfb-4d76-93a4-913dd46899b8-1024x768.jpg 1024w, https:\/\/przylep.edu.pl\/przedszkole\/wp-content\/uploads\/2025\/10\/fc74696d-ebfb-4d76-93a4-913dd46899b8-300x225.jpg 300w, https:\/\/przylep.edu.pl\/przedszkole\/wp-content\/uploads\/2025\/10\/fc74696d-ebfb-4d76-93a4-913dd46899b8-768x576.jpg 768w, https:\/\/przylep.edu.pl\/przedszkole\/wp-content\/uploads\/2025\/10\/fc74696d-ebfb-4d76-93a4-913dd46899b8-1536x1152.jpg 1536w, https:\/\/przylep.edu.pl\/przedszkole\/wp-content\/uploads\/2025\/10\/fc74696d-ebfb-4d76-93a4-913dd46899b8-600x450.jpg 600w, https:\/\/przylep.edu.pl\/przedszkole\/wp-content\/uploads\/2025\/10\/fc74696d-ebfb-4d76-93a4-913dd46899b8.jpg 2048w\" sizes=\"auto, (max-width: 1024px) 100vw, 1024px\" \/><\/figure>\n<\/figure>\n","protected":false},"excerpt":{"rendered":"<p>Z okazji Dnia Kobiet ch\u0142opcy z klasy 1a przygotowali dla swoich kole\u017canek wyj\u0105tkow\u0105 niespodziank\u0119. Wraz z wychowawczyni\u0105, przed lekcjami, udali si\u0119 do sklepu, gdzie wybierali sk\u0142adniki na zdrowe soki. Po powrocie do szko\u0142y ch\u0142opcy przyst\u0105pili do przygotowa\u0144 \u2013 obierali owoce, myli je i kroili, aby ka\u017cdy m\u00f3g\u0142 skomponowa\u0107 sok wed\u0142ug w\u0142asnych preferencji. Ca\u0142a klasa, pe\u0142na [&hellip;]<\/p>\n","protected":false},"author":2,"featured_media":11441,"comment_status":"closed","ping_status":"open","sticky":false,"template":"","format":"standard","meta":{"footnotes":""},"categories":[45,41,40],"tags":[],"class_list":["post-11436","post","type-post","status-publish","format-standard","has-post-thumbnail","hentry","category-aktualnosci","category-galerie","category-strona-glowna"],"_links":{"self":[{"href":"https:\/\/przylep.edu.pl\/przedszkole\/wp-json\/wp\/v2\/posts\/11436","targetHints":{"allow":["GET"]}}],"collection":[{"href":"https:\/\/przylep.edu.pl\/przedszkole\/wp-json\/wp\/v2\/posts"}],"about":[{"href":"https:\/\/przylep.edu.pl\/przedszkole\/wp-json\/wp\/v2\/types\/post"}],"author":[{"embeddable":true,"href":"https:\/\/przylep.edu.pl\/przedszkole\/wp-json\/wp\/v2\/users\/2"}],"replies":[{"embeddable":true,"href":"https:\/\/przylep.edu.pl\/przedszkole\/wp-json\/wp\/v2\/comments?post=11436"}],"version-history":[{"count":1,"href":"https:\/\/przylep.edu.pl\/przedszkole\/wp-json\/wp\/v2\/posts\/11436\/revisions"}],"predecessor-version":[{"id":11442,"href":"https:\/\/przylep.edu.pl\/przedszkole\/wp-json\/wp\/v2\/posts\/11436\/revisions\/11442"}],"wp:featuredmedia":[{"embeddable":true,"href":"https:\/\/przylep.edu.pl\/przedszkole\/wp-json\/wp\/v2\/media\/11441"}],"wp:attachment":[{"href":"https:\/\/przylep.edu.pl\/przedszkole\/wp-json\/wp\/v2\/media?parent=11436"}],"wp:term":[{"taxonomy":"category","embeddable":true,"href":"https:\/\/przylep.edu.pl\/przedszkole\/wp-json\/wp\/v2\/categories?post=11436"},{"taxonomy":"post_tag","embeddable":true,"href":"https:\/\/przylep.edu.pl\/przedszkole\/wp-json\/wp\/v2\/tags?post=11436"}],"curies":[{"name":"wp","href":"https:\/\/api.w.org\/{rel}","templated":true}]}}