{"id":11410,"date":"2025-10-01T12:03:38","date_gmt":"2025-10-01T10:03:38","guid":{"rendered":"https:\/\/przylep.edu.pl\/przedszkole\/?p=11410"},"modified":"2025-10-27T12:14:42","modified_gmt":"2025-10-27T11:14:42","slug":"wizyta-uczniow-klas-iv-vi-na-wystawie-immersyjnej-poswieconej-tworczosci-vincenta-van-gogha","status":"publish","type":"post","link":"https:\/\/przylep.edu.pl\/przedszkole\/2025\/10\/01\/wizyta-uczniow-klas-iv-vi-na-wystawie-immersyjnej-poswieconej-tworczosci-vincenta-van-gogha\/","title":{"rendered":"Wizyta uczni\u00f3w klas IV\u2013VI na wystawie immersyjnej po\u015bwi\u0119conej tw\u00f3rczo\u015bci Vincenta van Gogha"},"content":{"rendered":"\n<p>W ubieg\u0142ym tygodniu z okazji Dnia Ch\u0142opaka uczniowie klas IV\u2013VI naszej szko\u0142y uczestniczyli w wyj\u0105tkowej wystawie immersyjnej po\u015bwi\u0119conej tw\u00f3rczo\u015bci <strong>Vincenta van Gogha<\/strong>. Dzi\u0119ki wykorzystaniu nowoczesnych technologii multimedialnych mogli oni w niezwykle sugestywny spos\u00f3b pozna\u0107 \u017cycie i dzie\u0142a jednego z najwybitniejszych malarzy postimpresjonizmu.<br>Podczas pokazu uczniowie mieli okazj\u0119 dos\u0142ownie <strong>zanurzy\u0107 si\u0119 w \u015bwiecie obraz\u00f3w<\/strong>, obserwuj\u0105c, jak s\u0142ynne p\u0142\u00f3tna artysty o\u017cywaj\u0105 dzi\u0119ki \u015bwiat\u0142u, kolorom i muzyce.<\/p>\n\n\n\n<p>W ramach przygotowa\u0144 do wyj\u015bcia na wystaw\u0119, podczas zaj\u0119\u0107 plastyki zosta\u0142y przeprowadzone <strong>lekcje tematyczne po\u015bwi\u0119cone tw\u00f3rczo\u015bci Van Gogha<\/strong>. Uczniowie poznali charakterystyczne cechy jego stylu i samodzielnie wykonali prace inspirowane jego malarstwem.<\/p>\n\n\n\n<p>Wizyta by\u0142a niezwykle warto\u015bciowym do\u015bwiadczeniem edukacyjnym, \u0142\u0105cz\u0105cym nauk\u0119 o sztuce z nowoczesnymi formami jej odbioru. Dla wielu uczni\u00f3w by\u0142a to inspiruj\u0105ca lekcja wra\u017cliwo\u015bci i wyobra\u017ani.<\/p>\n\n\n\n<figure class=\"wp-block-gallery has-nested-images columns-default is-cropped wp-block-gallery-1 is-layout-flex wp-block-gallery-is-layout-flex\">\n<figure class=\"wp-block-image size-large\"><img loading=\"lazy\" decoding=\"async\" width=\"1024\" height=\"1024\" data-id=\"11411\" src=\"https:\/\/przylep.edu.pl\/przedszkole\/wp-content\/uploads\/2025\/10\/WhatsApp-Image-2025-10-27-at-12.07.02-1024x1024.jpeg\" alt=\"\" class=\"wp-image-11411\" srcset=\"https:\/\/przylep.edu.pl\/przedszkole\/wp-content\/uploads\/2025\/10\/WhatsApp-Image-2025-10-27-at-12.07.02-1024x1024.jpeg 1024w, https:\/\/przylep.edu.pl\/przedszkole\/wp-content\/uploads\/2025\/10\/WhatsApp-Image-2025-10-27-at-12.07.02-300x300.jpeg 300w, https:\/\/przylep.edu.pl\/przedszkole\/wp-content\/uploads\/2025\/10\/WhatsApp-Image-2025-10-27-at-12.07.02-150x150.jpeg 150w, https:\/\/przylep.edu.pl\/przedszkole\/wp-content\/uploads\/2025\/10\/WhatsApp-Image-2025-10-27-at-12.07.02-768x768.jpeg 768w, https:\/\/przylep.edu.pl\/przedszkole\/wp-content\/uploads\/2025\/10\/WhatsApp-Image-2025-10-27-at-12.07.02-600x600.jpeg 600w, https:\/\/przylep.edu.pl\/przedszkole\/wp-content\/uploads\/2025\/10\/WhatsApp-Image-2025-10-27-at-12.07.02.jpeg 1496w\" sizes=\"auto, (max-width: 1024px) 100vw, 1024px\" \/><\/figure>\n\n\n\n<figure class=\"wp-block-image size-large\"><img loading=\"lazy\" decoding=\"async\" width=\"1024\" height=\"1024\" data-id=\"11414\" src=\"https:\/\/przylep.edu.pl\/przedszkole\/wp-content\/uploads\/2025\/10\/WhatsApp-Image-2025-10-27-at-12.07.03-1024x1024.jpeg\" alt=\"\" class=\"wp-image-11414\" srcset=\"https:\/\/przylep.edu.pl\/przedszkole\/wp-content\/uploads\/2025\/10\/WhatsApp-Image-2025-10-27-at-12.07.03-1024x1024.jpeg 1024w, https:\/\/przylep.edu.pl\/przedszkole\/wp-content\/uploads\/2025\/10\/WhatsApp-Image-2025-10-27-at-12.07.03-300x300.jpeg 300w, https:\/\/przylep.edu.pl\/przedszkole\/wp-content\/uploads\/2025\/10\/WhatsApp-Image-2025-10-27-at-12.07.03-150x150.jpeg 150w, https:\/\/przylep.edu.pl\/przedszkole\/wp-content\/uploads\/2025\/10\/WhatsApp-Image-2025-10-27-at-12.07.03-768x768.jpeg 768w, https:\/\/przylep.edu.pl\/przedszkole\/wp-content\/uploads\/2025\/10\/WhatsApp-Image-2025-10-27-at-12.07.03-600x600.jpeg 600w, https:\/\/przylep.edu.pl\/przedszkole\/wp-content\/uploads\/2025\/10\/WhatsApp-Image-2025-10-27-at-12.07.03.jpeg 1496w\" sizes=\"auto, (max-width: 1024px) 100vw, 1024px\" \/><\/figure>\n\n\n\n<figure class=\"wp-block-image size-large\"><img loading=\"lazy\" decoding=\"async\" width=\"1024\" height=\"1024\" data-id=\"11425\" src=\"https:\/\/przylep.edu.pl\/przedszkole\/wp-content\/uploads\/2025\/10\/WhatsApp-Image-2025-10-27-at-12.07.17-1-1024x1024.jpeg\" alt=\"\" class=\"wp-image-11425\" srcset=\"https:\/\/przylep.edu.pl\/przedszkole\/wp-content\/uploads\/2025\/10\/WhatsApp-Image-2025-10-27-at-12.07.17-1-1024x1024.jpeg 1024w, https:\/\/przylep.edu.pl\/przedszkole\/wp-content\/uploads\/2025\/10\/WhatsApp-Image-2025-10-27-at-12.07.17-1-300x300.jpeg 300w, https:\/\/przylep.edu.pl\/przedszkole\/wp-content\/uploads\/2025\/10\/WhatsApp-Image-2025-10-27-at-12.07.17-1-150x150.jpeg 150w, https:\/\/przylep.edu.pl\/przedszkole\/wp-content\/uploads\/2025\/10\/WhatsApp-Image-2025-10-27-at-12.07.17-1-768x768.jpeg 768w, https:\/\/przylep.edu.pl\/przedszkole\/wp-content\/uploads\/2025\/10\/WhatsApp-Image-2025-10-27-at-12.07.17-1-600x600.jpeg 600w, https:\/\/przylep.edu.pl\/przedszkole\/wp-content\/uploads\/2025\/10\/WhatsApp-Image-2025-10-27-at-12.07.17-1.jpeg 1496w\" sizes=\"auto, (max-width: 1024px) 100vw, 1024px\" \/><\/figure>\n\n\n\n<figure class=\"wp-block-image size-large\"><img loading=\"lazy\" decoding=\"async\" width=\"1024\" height=\"1024\" data-id=\"11415\" src=\"https:\/\/przylep.edu.pl\/przedszkole\/wp-content\/uploads\/2025\/10\/WhatsApp-Image-2025-10-27-at-12.07.17-2-1024x1024.jpeg\" alt=\"\" class=\"wp-image-11415\" srcset=\"https:\/\/przylep.edu.pl\/przedszkole\/wp-content\/uploads\/2025\/10\/WhatsApp-Image-2025-10-27-at-12.07.17-2-1024x1024.jpeg 1024w, https:\/\/przylep.edu.pl\/przedszkole\/wp-content\/uploads\/2025\/10\/WhatsApp-Image-2025-10-27-at-12.07.17-2-300x300.jpeg 300w, https:\/\/przylep.edu.pl\/przedszkole\/wp-content\/uploads\/2025\/10\/WhatsApp-Image-2025-10-27-at-12.07.17-2-150x150.jpeg 150w, https:\/\/przylep.edu.pl\/przedszkole\/wp-content\/uploads\/2025\/10\/WhatsApp-Image-2025-10-27-at-12.07.17-2-768x768.jpeg 768w, https:\/\/przylep.edu.pl\/przedszkole\/wp-content\/uploads\/2025\/10\/WhatsApp-Image-2025-10-27-at-12.07.17-2-600x600.jpeg 600w, https:\/\/przylep.edu.pl\/przedszkole\/wp-content\/uploads\/2025\/10\/WhatsApp-Image-2025-10-27-at-12.07.17-2.jpeg 1496w\" sizes=\"auto, (max-width: 1024px) 100vw, 1024px\" \/><\/figure>\n\n\n\n<figure class=\"wp-block-image size-large\"><img loading=\"lazy\" decoding=\"async\" width=\"1024\" height=\"768\" data-id=\"11431\" src=\"https:\/\/przylep.edu.pl\/przedszkole\/wp-content\/uploads\/2025\/10\/WhatsApp-Image-2025-10-27-at-12.07.19-1-1024x768.jpeg\" alt=\"\" class=\"wp-image-11431\" srcset=\"https:\/\/przylep.edu.pl\/przedszkole\/wp-content\/uploads\/2025\/10\/WhatsApp-Image-2025-10-27-at-12.07.19-1-1024x768.jpeg 1024w, https:\/\/przylep.edu.pl\/przedszkole\/wp-content\/uploads\/2025\/10\/WhatsApp-Image-2025-10-27-at-12.07.19-1-300x225.jpeg 300w, https:\/\/przylep.edu.pl\/przedszkole\/wp-content\/uploads\/2025\/10\/WhatsApp-Image-2025-10-27-at-12.07.19-1-768x576.jpeg 768w, https:\/\/przylep.edu.pl\/przedszkole\/wp-content\/uploads\/2025\/10\/WhatsApp-Image-2025-10-27-at-12.07.19-1-1536x1152.jpeg 1536w, https:\/\/przylep.edu.pl\/przedszkole\/wp-content\/uploads\/2025\/10\/WhatsApp-Image-2025-10-27-at-12.07.19-1-600x450.jpeg 600w, https:\/\/przylep.edu.pl\/przedszkole\/wp-content\/uploads\/2025\/10\/WhatsApp-Image-2025-10-27-at-12.07.19-1.jpeg 2000w\" sizes=\"auto, (max-width: 1024px) 100vw, 1024px\" \/><\/figure>\n\n\n\n<figure class=\"wp-block-image size-large\"><img loading=\"lazy\" decoding=\"async\" width=\"1024\" height=\"1024\" data-id=\"11417\" src=\"https:\/\/przylep.edu.pl\/przedszkole\/wp-content\/uploads\/2025\/10\/WhatsApp-Image-2025-10-27-at-12.07.19-1024x1024.jpeg\" alt=\"\" class=\"wp-image-11417\" srcset=\"https:\/\/przylep.edu.pl\/przedszkole\/wp-content\/uploads\/2025\/10\/WhatsApp-Image-2025-10-27-at-12.07.19-1024x1024.jpeg 1024w, https:\/\/przylep.edu.pl\/przedszkole\/wp-content\/uploads\/2025\/10\/WhatsApp-Image-2025-10-27-at-12.07.19-300x300.jpeg 300w, https:\/\/przylep.edu.pl\/przedszkole\/wp-content\/uploads\/2025\/10\/WhatsApp-Image-2025-10-27-at-12.07.19-150x150.jpeg 150w, https:\/\/przylep.edu.pl\/przedszkole\/wp-content\/uploads\/2025\/10\/WhatsApp-Image-2025-10-27-at-12.07.19-768x768.jpeg 768w, https:\/\/przylep.edu.pl\/przedszkole\/wp-content\/uploads\/2025\/10\/WhatsApp-Image-2025-10-27-at-12.07.19-600x600.jpeg 600w, https:\/\/przylep.edu.pl\/przedszkole\/wp-content\/uploads\/2025\/10\/WhatsApp-Image-2025-10-27-at-12.07.19.jpeg 1496w\" sizes=\"auto, (max-width: 1024px) 100vw, 1024px\" \/><\/figure>\n\n\n\n<figure class=\"wp-block-image size-large\"><img loading=\"lazy\" decoding=\"async\" width=\"1024\" height=\"768\" data-id=\"11430\" src=\"https:\/\/przylep.edu.pl\/przedszkole\/wp-content\/uploads\/2025\/10\/WhatsApp-Image-2025-10-27-at-12.07.20-1-1024x768.jpeg\" alt=\"\" class=\"wp-image-11430\" srcset=\"https:\/\/przylep.edu.pl\/przedszkole\/wp-content\/uploads\/2025\/10\/WhatsApp-Image-2025-10-27-at-12.07.20-1-1024x768.jpeg 1024w, https:\/\/przylep.edu.pl\/przedszkole\/wp-content\/uploads\/2025\/10\/WhatsApp-Image-2025-10-27-at-12.07.20-1-300x225.jpeg 300w, https:\/\/przylep.edu.pl\/przedszkole\/wp-content\/uploads\/2025\/10\/WhatsApp-Image-2025-10-27-at-12.07.20-1-768x576.jpeg 768w, https:\/\/przylep.edu.pl\/przedszkole\/wp-content\/uploads\/2025\/10\/WhatsApp-Image-2025-10-27-at-12.07.20-1-1536x1152.jpeg 1536w, https:\/\/przylep.edu.pl\/przedszkole\/wp-content\/uploads\/2025\/10\/WhatsApp-Image-2025-10-27-at-12.07.20-1-600x450.jpeg 600w, https:\/\/przylep.edu.pl\/przedszkole\/wp-content\/uploads\/2025\/10\/WhatsApp-Image-2025-10-27-at-12.07.20-1.jpeg 2000w\" sizes=\"auto, (max-width: 1024px) 100vw, 1024px\" \/><\/figure>\n\n\n\n<figure class=\"wp-block-image size-large\"><img loading=\"lazy\" decoding=\"async\" width=\"1024\" height=\"768\" data-id=\"11429\" src=\"https:\/\/przylep.edu.pl\/przedszkole\/wp-content\/uploads\/2025\/10\/WhatsApp-Image-2025-10-27-at-12.07.21-1024x768.jpeg\" alt=\"\" class=\"wp-image-11429\" srcset=\"https:\/\/przylep.edu.pl\/przedszkole\/wp-content\/uploads\/2025\/10\/WhatsApp-Image-2025-10-27-at-12.07.21-1024x768.jpeg 1024w, https:\/\/przylep.edu.pl\/przedszkole\/wp-content\/uploads\/2025\/10\/WhatsApp-Image-2025-10-27-at-12.07.21-300x225.jpeg 300w, https:\/\/przylep.edu.pl\/przedszkole\/wp-content\/uploads\/2025\/10\/WhatsApp-Image-2025-10-27-at-12.07.21-768x576.jpeg 768w, https:\/\/przylep.edu.pl\/przedszkole\/wp-content\/uploads\/2025\/10\/WhatsApp-Image-2025-10-27-at-12.07.21-1536x1152.jpeg 1536w, https:\/\/przylep.edu.pl\/przedszkole\/wp-content\/uploads\/2025\/10\/WhatsApp-Image-2025-10-27-at-12.07.21-600x450.jpeg 600w, https:\/\/przylep.edu.pl\/przedszkole\/wp-content\/uploads\/2025\/10\/WhatsApp-Image-2025-10-27-at-12.07.21.jpeg 2000w\" sizes=\"auto, (max-width: 1024px) 100vw, 1024px\" \/><\/figure>\n\n\n\n<figure class=\"wp-block-image size-large\"><img loading=\"lazy\" decoding=\"async\" width=\"1024\" height=\"768\" data-id=\"11432\" src=\"https:\/\/przylep.edu.pl\/przedszkole\/wp-content\/uploads\/2025\/10\/WhatsApp-Image-2025-10-27-at-12.07.22-1024x768.jpeg\" alt=\"\" class=\"wp-image-11432\" srcset=\"https:\/\/przylep.edu.pl\/przedszkole\/wp-content\/uploads\/2025\/10\/WhatsApp-Image-2025-10-27-at-12.07.22-1024x768.jpeg 1024w, https:\/\/przylep.edu.pl\/przedszkole\/wp-content\/uploads\/2025\/10\/WhatsApp-Image-2025-10-27-at-12.07.22-300x225.jpeg 300w, https:\/\/przylep.edu.pl\/przedszkole\/wp-content\/uploads\/2025\/10\/WhatsApp-Image-2025-10-27-at-12.07.22-768x576.jpeg 768w, https:\/\/przylep.edu.pl\/przedszkole\/wp-content\/uploads\/2025\/10\/WhatsApp-Image-2025-10-27-at-12.07.22-1536x1152.jpeg 1536w, https:\/\/przylep.edu.pl\/przedszkole\/wp-content\/uploads\/2025\/10\/WhatsApp-Image-2025-10-27-at-12.07.22-600x450.jpeg 600w, https:\/\/przylep.edu.pl\/przedszkole\/wp-content\/uploads\/2025\/10\/WhatsApp-Image-2025-10-27-at-12.07.22.jpeg 2000w\" sizes=\"auto, (max-width: 1024px) 100vw, 1024px\" \/><\/figure>\n\n\n\n<figure class=\"wp-block-image size-large\"><img loading=\"lazy\" decoding=\"async\" width=\"768\" height=\"1024\" data-id=\"11418\" src=\"https:\/\/przylep.edu.pl\/przedszkole\/wp-content\/uploads\/2025\/10\/WhatsApp-Image-2025-10-27-at-12.07.23-768x1024.jpeg\" alt=\"\" class=\"wp-image-11418\" srcset=\"https:\/\/przylep.edu.pl\/przedszkole\/wp-content\/uploads\/2025\/10\/WhatsApp-Image-2025-10-27-at-12.07.23-768x1024.jpeg 768w, https:\/\/przylep.edu.pl\/przedszkole\/wp-content\/uploads\/2025\/10\/WhatsApp-Image-2025-10-27-at-12.07.23-225x300.jpeg 225w, https:\/\/przylep.edu.pl\/przedszkole\/wp-content\/uploads\/2025\/10\/WhatsApp-Image-2025-10-27-at-12.07.23-1152x1536.jpeg 1152w, https:\/\/przylep.edu.pl\/przedszkole\/wp-content\/uploads\/2025\/10\/WhatsApp-Image-2025-10-27-at-12.07.23.jpeg 1200w\" sizes=\"auto, (max-width: 768px) 100vw, 768px\" \/><\/figure>\n\n\n\n<figure class=\"wp-block-image size-large\"><img loading=\"lazy\" decoding=\"async\" width=\"768\" height=\"1024\" data-id=\"11423\" src=\"https:\/\/przylep.edu.pl\/przedszkole\/wp-content\/uploads\/2025\/10\/WhatsApp-Image-2025-10-27-at-12.07.24-1-768x1024.jpeg\" alt=\"\" class=\"wp-image-11423\" srcset=\"https:\/\/przylep.edu.pl\/przedszkole\/wp-content\/uploads\/2025\/10\/WhatsApp-Image-2025-10-27-at-12.07.24-1-768x1024.jpeg 768w, https:\/\/przylep.edu.pl\/przedszkole\/wp-content\/uploads\/2025\/10\/WhatsApp-Image-2025-10-27-at-12.07.24-1-225x300.jpeg 225w, https:\/\/przylep.edu.pl\/przedszkole\/wp-content\/uploads\/2025\/10\/WhatsApp-Image-2025-10-27-at-12.07.24-1-1152x1536.jpeg 1152w, https:\/\/przylep.edu.pl\/przedszkole\/wp-content\/uploads\/2025\/10\/WhatsApp-Image-2025-10-27-at-12.07.24-1.jpeg 1200w\" sizes=\"auto, (max-width: 768px) 100vw, 768px\" \/><\/figure>\n\n\n\n<figure class=\"wp-block-image size-large\"><img loading=\"lazy\" decoding=\"async\" width=\"768\" height=\"1024\" data-id=\"11421\" src=\"https:\/\/przylep.edu.pl\/przedszkole\/wp-content\/uploads\/2025\/10\/WhatsApp-Image-2025-10-27-at-12.07.24-768x1024.jpeg\" alt=\"\" class=\"wp-image-11421\" srcset=\"https:\/\/przylep.edu.pl\/przedszkole\/wp-content\/uploads\/2025\/10\/WhatsApp-Image-2025-10-27-at-12.07.24-768x1024.jpeg 768w, https:\/\/przylep.edu.pl\/przedszkole\/wp-content\/uploads\/2025\/10\/WhatsApp-Image-2025-10-27-at-12.07.24-225x300.jpeg 225w, https:\/\/przylep.edu.pl\/przedszkole\/wp-content\/uploads\/2025\/10\/WhatsApp-Image-2025-10-27-at-12.07.24-1152x1536.jpeg 1152w, https:\/\/przylep.edu.pl\/przedszkole\/wp-content\/uploads\/2025\/10\/WhatsApp-Image-2025-10-27-at-12.07.24.jpeg 1200w\" sizes=\"auto, (max-width: 768px) 100vw, 768px\" \/><\/figure>\n\n\n\n<figure class=\"wp-block-image size-large\"><img loading=\"lazy\" decoding=\"async\" width=\"768\" height=\"1024\" data-id=\"11416\" src=\"https:\/\/przylep.edu.pl\/przedszkole\/wp-content\/uploads\/2025\/10\/WhatsApp-Image-2025-10-27-at-12.07.25-1-768x1024.jpeg\" alt=\"\" class=\"wp-image-11416\" srcset=\"https:\/\/przylep.edu.pl\/przedszkole\/wp-content\/uploads\/2025\/10\/WhatsApp-Image-2025-10-27-at-12.07.25-1-768x1024.jpeg 768w, https:\/\/przylep.edu.pl\/przedszkole\/wp-content\/uploads\/2025\/10\/WhatsApp-Image-2025-10-27-at-12.07.25-1-225x300.jpeg 225w, https:\/\/przylep.edu.pl\/przedszkole\/wp-content\/uploads\/2025\/10\/WhatsApp-Image-2025-10-27-at-12.07.25-1-1152x1536.jpeg 1152w, https:\/\/przylep.edu.pl\/przedszkole\/wp-content\/uploads\/2025\/10\/WhatsApp-Image-2025-10-27-at-12.07.25-1.jpeg 1200w\" sizes=\"auto, (max-width: 768px) 100vw, 768px\" \/><\/figure>\n\n\n\n<figure class=\"wp-block-image size-large\"><img loading=\"lazy\" decoding=\"async\" width=\"768\" height=\"1024\" data-id=\"11412\" src=\"https:\/\/przylep.edu.pl\/przedszkole\/wp-content\/uploads\/2025\/10\/WhatsApp-Image-2025-10-27-at-12.07.25-2-768x1024.jpeg\" alt=\"\" class=\"wp-image-11412\" srcset=\"https:\/\/przylep.edu.pl\/przedszkole\/wp-content\/uploads\/2025\/10\/WhatsApp-Image-2025-10-27-at-12.07.25-2-768x1024.jpeg 768w, https:\/\/przylep.edu.pl\/przedszkole\/wp-content\/uploads\/2025\/10\/WhatsApp-Image-2025-10-27-at-12.07.25-2-225x300.jpeg 225w, https:\/\/przylep.edu.pl\/przedszkole\/wp-content\/uploads\/2025\/10\/WhatsApp-Image-2025-10-27-at-12.07.25-2-1152x1536.jpeg 1152w, https:\/\/przylep.edu.pl\/przedszkole\/wp-content\/uploads\/2025\/10\/WhatsApp-Image-2025-10-27-at-12.07.25-2.jpeg 1200w\" sizes=\"auto, (max-width: 768px) 100vw, 768px\" \/><\/figure>\n\n\n\n<figure class=\"wp-block-image size-large\"><img loading=\"lazy\" decoding=\"async\" width=\"768\" height=\"1024\" data-id=\"11413\" src=\"https:\/\/przylep.edu.pl\/przedszkole\/wp-content\/uploads\/2025\/10\/WhatsApp-Image-2025-10-27-at-12.07.25-768x1024.jpeg\" alt=\"\" class=\"wp-image-11413\" srcset=\"https:\/\/przylep.edu.pl\/przedszkole\/wp-content\/uploads\/2025\/10\/WhatsApp-Image-2025-10-27-at-12.07.25-768x1024.jpeg 768w, https:\/\/przylep.edu.pl\/przedszkole\/wp-content\/uploads\/2025\/10\/WhatsApp-Image-2025-10-27-at-12.07.25-225x300.jpeg 225w, https:\/\/przylep.edu.pl\/przedszkole\/wp-content\/uploads\/2025\/10\/WhatsApp-Image-2025-10-27-at-12.07.25-1152x1536.jpeg 1152w, https:\/\/przylep.edu.pl\/przedszkole\/wp-content\/uploads\/2025\/10\/WhatsApp-Image-2025-10-27-at-12.07.25.jpeg 1200w\" sizes=\"auto, (max-width: 768px) 100vw, 768px\" \/><\/figure>\n\n\n\n<figure class=\"wp-block-image size-large\"><img loading=\"lazy\" decoding=\"async\" width=\"1024\" height=\"768\" data-id=\"11420\" src=\"https:\/\/przylep.edu.pl\/przedszkole\/wp-content\/uploads\/2025\/10\/WhatsApp-Image-2025-10-27-at-12.07.26-1-1024x768.jpeg\" alt=\"\" class=\"wp-image-11420\" srcset=\"https:\/\/przylep.edu.pl\/przedszkole\/wp-content\/uploads\/2025\/10\/WhatsApp-Image-2025-10-27-at-12.07.26-1-1024x768.jpeg 1024w, https:\/\/przylep.edu.pl\/przedszkole\/wp-content\/uploads\/2025\/10\/WhatsApp-Image-2025-10-27-at-12.07.26-1-300x225.jpeg 300w, https:\/\/przylep.edu.pl\/przedszkole\/wp-content\/uploads\/2025\/10\/WhatsApp-Image-2025-10-27-at-12.07.26-1-768x576.jpeg 768w, https:\/\/przylep.edu.pl\/przedszkole\/wp-content\/uploads\/2025\/10\/WhatsApp-Image-2025-10-27-at-12.07.26-1-1536x1152.jpeg 1536w, https:\/\/przylep.edu.pl\/przedszkole\/wp-content\/uploads\/2025\/10\/WhatsApp-Image-2025-10-27-at-12.07.26-1-600x450.jpeg 600w, https:\/\/przylep.edu.pl\/przedszkole\/wp-content\/uploads\/2025\/10\/WhatsApp-Image-2025-10-27-at-12.07.26-1.jpeg 1600w\" sizes=\"auto, (max-width: 1024px) 100vw, 1024px\" \/><\/figure>\n<\/figure>\n","protected":false},"excerpt":{"rendered":"<p>W ubieg\u0142ym tygodniu z okazji Dnia Ch\u0142opaka uczniowie klas IV\u2013VI naszej szko\u0142y uczestniczyli w wyj\u0105tkowej wystawie immersyjnej po\u015bwi\u0119conej tw\u00f3rczo\u015bci Vincenta van Gogha. Dzi\u0119ki wykorzystaniu nowoczesnych technologii multimedialnych mogli oni w niezwykle sugestywny spos\u00f3b pozna\u0107 \u017cycie i dzie\u0142a jednego z najwybitniejszych malarzy postimpresjonizmu.Podczas pokazu uczniowie mieli okazj\u0119 dos\u0142ownie zanurzy\u0107 si\u0119 w \u015bwiecie obraz\u00f3w, obserwuj\u0105c, jak s\u0142ynne [&hellip;]<\/p>\n","protected":false},"author":2,"featured_media":11433,"comment_status":"closed","ping_status":"open","sticky":false,"template":"","format":"standard","meta":{"footnotes":""},"categories":[45,41,40],"tags":[],"class_list":["post-11410","post","type-post","status-publish","format-standard","has-post-thumbnail","hentry","category-aktualnosci","category-galerie","category-strona-glowna"],"_links":{"self":[{"href":"https:\/\/przylep.edu.pl\/przedszkole\/wp-json\/wp\/v2\/posts\/11410","targetHints":{"allow":["GET"]}}],"collection":[{"href":"https:\/\/przylep.edu.pl\/przedszkole\/wp-json\/wp\/v2\/posts"}],"about":[{"href":"https:\/\/przylep.edu.pl\/przedszkole\/wp-json\/wp\/v2\/types\/post"}],"author":[{"embeddable":true,"href":"https:\/\/przylep.edu.pl\/przedszkole\/wp-json\/wp\/v2\/users\/2"}],"replies":[{"embeddable":true,"href":"https:\/\/przylep.edu.pl\/przedszkole\/wp-json\/wp\/v2\/comments?post=11410"}],"version-history":[{"count":1,"href":"https:\/\/przylep.edu.pl\/przedszkole\/wp-json\/wp\/v2\/posts\/11410\/revisions"}],"predecessor-version":[{"id":11434,"href":"https:\/\/przylep.edu.pl\/przedszkole\/wp-json\/wp\/v2\/posts\/11410\/revisions\/11434"}],"wp:featuredmedia":[{"embeddable":true,"href":"https:\/\/przylep.edu.pl\/przedszkole\/wp-json\/wp\/v2\/media\/11433"}],"wp:attachment":[{"href":"https:\/\/przylep.edu.pl\/przedszkole\/wp-json\/wp\/v2\/media?parent=11410"}],"wp:term":[{"taxonomy":"category","embeddable":true,"href":"https:\/\/przylep.edu.pl\/przedszkole\/wp-json\/wp\/v2\/categories?post=11410"},{"taxonomy":"post_tag","embeddable":true,"href":"https:\/\/przylep.edu.pl\/przedszkole\/wp-json\/wp\/v2\/tags?post=11410"}],"curies":[{"name":"wp","href":"https:\/\/api.w.org\/{rel}","templated":true}]}}