{"id":11387,"date":"2025-03-16T07:14:00","date_gmt":"2025-03-16T06:14:00","guid":{"rendered":"https:\/\/przylep.edu.pl\/przedszkole\/?p=11387"},"modified":"2025-10-27T07:21:55","modified_gmt":"2025-10-27T06:21:55","slug":"dzien-matematyki-2","status":"publish","type":"post","link":"https:\/\/przylep.edu.pl\/przedszkole\/2025\/03\/16\/dzien-matematyki-2\/","title":{"rendered":"Dzie\u0144 Matematyki"},"content":{"rendered":"\n<p>\ud83d\udcc5 <strong>Dzie\u0144 Matematyki w naszej szkole!<\/strong><\/p>\n\n\n\n<p><strong>14 marca 2025 r.<\/strong><\/p>\n\n\n\n<p>W czwartek, 14 marca, uczniowie klas IV i V \u015bwi\u0119towali <strong>Dzie\u0144 Matematyki<\/strong>! By\u0142a to doskona\u0142a okazja, aby przekona\u0107 si\u0119, \u017ce matematyka to nie tylko liczby i wzory, ale r\u00f3wnie\u017c fascynuj\u0105ca przygoda.<\/p>\n\n\n\n<p>Podczas zaj\u0119\u0107 uczniowie dowiedzieli si\u0119, jak powstawa\u0142a i ewoluowa\u0142a matematyka na przestrzeni wiek\u00f3w. Poznali te\u017c wiele ciekawostek zwi\u0105zanych ze s\u0142ynn\u0105 liczb\u0105 <strong>\u03c0 (pi)<\/strong>, kt\u00f3rej \u015bwi\u0119to przypada w\u0142a\u015bnie 14 marca.<\/p>\n\n\n\n<p>Dzieci z zaanga\u017cowaniem bra\u0142y udzia\u0142 w r\u00f3\u017cnorodnych aktywno\u015bciach: \ud83d\udd39 rozwi\u0105zywa\u0142y matematyczne quizy i \u0142amig\u0142\u00f3wki,<\/p>\n\n\n\n<p>\ud83d\udd39 tworzy\u0142y kolorowe i pomys\u0142owe plakaty,<\/p>\n\n\n\n<p>\ud83d\udd39 poznawa\u0142y ciekawostki o zastosowaniu matematyki w codziennym \u017cyciu.<\/p>\n\n\n\n<p>By\u0142 to dzie\u0144 pe\u0142en dobrej zabawy, a jednocze\u015bnie nauki! Dzi\u0119kujemy wszystkim uczniom za aktywno\u015b\u0107 i kreatywno\u015b\u0107!<\/p>\n\n\n\n<figure class=\"wp-block-gallery has-nested-images columns-default is-cropped wp-block-gallery-1 is-layout-flex wp-block-gallery-is-layout-flex\">\n<figure class=\"wp-block-image size-large\"><img loading=\"lazy\" decoding=\"async\" width=\"1024\" height=\"1024\" data-id=\"11393\" src=\"https:\/\/przylep.edu.pl\/przedszkole\/wp-content\/uploads\/2025\/10\/20250314_105327-1024x1024.jpg\" alt=\"\" class=\"wp-image-11393\" srcset=\"https:\/\/przylep.edu.pl\/przedszkole\/wp-content\/uploads\/2025\/10\/20250314_105327-1024x1024.jpg 1024w, https:\/\/przylep.edu.pl\/przedszkole\/wp-content\/uploads\/2025\/10\/20250314_105327-300x300.jpg 300w, https:\/\/przylep.edu.pl\/przedszkole\/wp-content\/uploads\/2025\/10\/20250314_105327-150x150.jpg 150w, https:\/\/przylep.edu.pl\/przedszkole\/wp-content\/uploads\/2025\/10\/20250314_105327-768x768.jpg 768w, https:\/\/przylep.edu.pl\/przedszkole\/wp-content\/uploads\/2025\/10\/20250314_105327-1536x1536.jpg 1536w, https:\/\/przylep.edu.pl\/przedszkole\/wp-content\/uploads\/2025\/10\/20250314_105327-2048x2048.jpg 2048w, https:\/\/przylep.edu.pl\/przedszkole\/wp-content\/uploads\/2025\/10\/20250314_105327-600x600.jpg 600w\" sizes=\"auto, (max-width: 1024px) 100vw, 1024px\" \/><\/figure>\n\n\n\n<figure class=\"wp-block-image size-large\"><img loading=\"lazy\" decoding=\"async\" width=\"768\" height=\"1024\" data-id=\"11388\" src=\"https:\/\/przylep.edu.pl\/przedszkole\/wp-content\/uploads\/2025\/10\/IMG-20250314-WA0026-768x1024.jpg\" alt=\"\" class=\"wp-image-11388\" srcset=\"https:\/\/przylep.edu.pl\/przedszkole\/wp-content\/uploads\/2025\/10\/IMG-20250314-WA0026-768x1024.jpg 768w, https:\/\/przylep.edu.pl\/przedszkole\/wp-content\/uploads\/2025\/10\/IMG-20250314-WA0026-225x300.jpg 225w, https:\/\/przylep.edu.pl\/przedszkole\/wp-content\/uploads\/2025\/10\/IMG-20250314-WA0026-1152x1536.jpg 1152w, https:\/\/przylep.edu.pl\/przedszkole\/wp-content\/uploads\/2025\/10\/IMG-20250314-WA0026.jpg 1200w\" sizes=\"auto, (max-width: 768px) 100vw, 768px\" \/><\/figure>\n\n\n\n<figure class=\"wp-block-image size-large\"><img loading=\"lazy\" decoding=\"async\" width=\"768\" height=\"1024\" data-id=\"11389\" src=\"https:\/\/przylep.edu.pl\/przedszkole\/wp-content\/uploads\/2025\/10\/IMG-20250314-WA0034-768x1024.jpg\" alt=\"\" class=\"wp-image-11389\" srcset=\"https:\/\/przylep.edu.pl\/przedszkole\/wp-content\/uploads\/2025\/10\/IMG-20250314-WA0034-768x1024.jpg 768w, https:\/\/przylep.edu.pl\/przedszkole\/wp-content\/uploads\/2025\/10\/IMG-20250314-WA0034-225x300.jpg 225w, https:\/\/przylep.edu.pl\/przedszkole\/wp-content\/uploads\/2025\/10\/IMG-20250314-WA0034-1152x1536.jpg 1152w, https:\/\/przylep.edu.pl\/przedszkole\/wp-content\/uploads\/2025\/10\/IMG-20250314-WA0034.jpg 1200w\" sizes=\"auto, (max-width: 768px) 100vw, 768px\" \/><\/figure>\n\n\n\n<figure class=\"wp-block-image size-large\"><img loading=\"lazy\" decoding=\"async\" width=\"768\" height=\"1024\" data-id=\"11390\" src=\"https:\/\/przylep.edu.pl\/przedszkole\/wp-content\/uploads\/2025\/10\/IMG-20250321-WA0003-768x1024.jpg\" alt=\"\" class=\"wp-image-11390\" srcset=\"https:\/\/przylep.edu.pl\/przedszkole\/wp-content\/uploads\/2025\/10\/IMG-20250321-WA0003-768x1024.jpg 768w, https:\/\/przylep.edu.pl\/przedszkole\/wp-content\/uploads\/2025\/10\/IMG-20250321-WA0003-225x300.jpg 225w, https:\/\/przylep.edu.pl\/przedszkole\/wp-content\/uploads\/2025\/10\/IMG-20250321-WA0003-1152x1536.jpg 1152w, https:\/\/przylep.edu.pl\/przedszkole\/wp-content\/uploads\/2025\/10\/IMG-20250321-WA0003.jpg 1200w\" sizes=\"auto, (max-width: 768px) 100vw, 768px\" \/><\/figure>\n\n\n\n<figure class=\"wp-block-image size-large\"><img loading=\"lazy\" decoding=\"async\" width=\"768\" height=\"1024\" data-id=\"11392\" src=\"https:\/\/przylep.edu.pl\/przedszkole\/wp-content\/uploads\/2025\/10\/IMG-20250321-WA0032-768x1024.jpg\" alt=\"\" class=\"wp-image-11392\" srcset=\"https:\/\/przylep.edu.pl\/przedszkole\/wp-content\/uploads\/2025\/10\/IMG-20250321-WA0032-768x1024.jpg 768w, https:\/\/przylep.edu.pl\/przedszkole\/wp-content\/uploads\/2025\/10\/IMG-20250321-WA0032-225x300.jpg 225w, https:\/\/przylep.edu.pl\/przedszkole\/wp-content\/uploads\/2025\/10\/IMG-20250321-WA0032-1152x1536.jpg 1152w, https:\/\/przylep.edu.pl\/przedszkole\/wp-content\/uploads\/2025\/10\/IMG-20250321-WA0032.jpg 1200w\" sizes=\"auto, (max-width: 768px) 100vw, 768px\" \/><\/figure>\n\n\n\n<figure class=\"wp-block-image size-large\"><img loading=\"lazy\" decoding=\"async\" width=\"1024\" height=\"768\" data-id=\"11391\" src=\"https:\/\/przylep.edu.pl\/przedszkole\/wp-content\/uploads\/2025\/10\/IMG-20250321-WA0035-1024x768.jpg\" alt=\"\" class=\"wp-image-11391\" srcset=\"https:\/\/przylep.edu.pl\/przedszkole\/wp-content\/uploads\/2025\/10\/IMG-20250321-WA0035-1024x768.jpg 1024w, https:\/\/przylep.edu.pl\/przedszkole\/wp-content\/uploads\/2025\/10\/IMG-20250321-WA0035-300x225.jpg 300w, https:\/\/przylep.edu.pl\/przedszkole\/wp-content\/uploads\/2025\/10\/IMG-20250321-WA0035-768x576.jpg 768w, https:\/\/przylep.edu.pl\/przedszkole\/wp-content\/uploads\/2025\/10\/IMG-20250321-WA0035-1536x1152.jpg 1536w, https:\/\/przylep.edu.pl\/przedszkole\/wp-content\/uploads\/2025\/10\/IMG-20250321-WA0035-600x450.jpg 600w, https:\/\/przylep.edu.pl\/przedszkole\/wp-content\/uploads\/2025\/10\/IMG-20250321-WA0035.jpg 1600w\" sizes=\"auto, (max-width: 1024px) 100vw, 1024px\" \/><\/figure>\n<\/figure>\n","protected":false},"excerpt":{"rendered":"<p>\ud83d\udcc5 Dzie\u0144 Matematyki w naszej szkole! 14 marca 2025 r. W czwartek, 14 marca, uczniowie klas IV i V \u015bwi\u0119towali Dzie\u0144 Matematyki! By\u0142a to doskona\u0142a okazja, aby przekona\u0107 si\u0119, \u017ce matematyka to nie tylko liczby i wzory, ale r\u00f3wnie\u017c fascynuj\u0105ca przygoda. Podczas zaj\u0119\u0107 uczniowie dowiedzieli si\u0119, jak powstawa\u0142a i ewoluowa\u0142a matematyka na przestrzeni wiek\u00f3w. Poznali [&hellip;]<\/p>\n","protected":false},"author":2,"featured_media":11394,"comment_status":"closed","ping_status":"open","sticky":false,"template":"","format":"standard","meta":{"footnotes":""},"categories":[45],"tags":[],"class_list":["post-11387","post","type-post","status-publish","format-standard","has-post-thumbnail","hentry","category-aktualnosci"],"_links":{"self":[{"href":"https:\/\/przylep.edu.pl\/przedszkole\/wp-json\/wp\/v2\/posts\/11387","targetHints":{"allow":["GET"]}}],"collection":[{"href":"https:\/\/przylep.edu.pl\/przedszkole\/wp-json\/wp\/v2\/posts"}],"about":[{"href":"https:\/\/przylep.edu.pl\/przedszkole\/wp-json\/wp\/v2\/types\/post"}],"author":[{"embeddable":true,"href":"https:\/\/przylep.edu.pl\/przedszkole\/wp-json\/wp\/v2\/users\/2"}],"replies":[{"embeddable":true,"href":"https:\/\/przylep.edu.pl\/przedszkole\/wp-json\/wp\/v2\/comments?post=11387"}],"version-history":[{"count":1,"href":"https:\/\/przylep.edu.pl\/przedszkole\/wp-json\/wp\/v2\/posts\/11387\/revisions"}],"predecessor-version":[{"id":11395,"href":"https:\/\/przylep.edu.pl\/przedszkole\/wp-json\/wp\/v2\/posts\/11387\/revisions\/11395"}],"wp:featuredmedia":[{"embeddable":true,"href":"https:\/\/przylep.edu.pl\/przedszkole\/wp-json\/wp\/v2\/media\/11394"}],"wp:attachment":[{"href":"https:\/\/przylep.edu.pl\/przedszkole\/wp-json\/wp\/v2\/media?parent=11387"}],"wp:term":[{"taxonomy":"category","embeddable":true,"href":"https:\/\/przylep.edu.pl\/przedszkole\/wp-json\/wp\/v2\/categories?post=11387"},{"taxonomy":"post_tag","embeddable":true,"href":"https:\/\/przylep.edu.pl\/przedszkole\/wp-json\/wp\/v2\/tags?post=11387"}],"curies":[{"name":"wp","href":"https:\/\/api.w.org\/{rel}","templated":true}]}}