{"id":11384,"date":"2025-10-14T07:11:36","date_gmt":"2025-10-14T05:11:36","guid":{"rendered":"https:\/\/przylep.edu.pl\/przedszkole\/?p=11384"},"modified":"2025-10-27T07:12:55","modified_gmt":"2025-10-27T06:12:55","slug":"pasowanie-na-ucznia-2","status":"publish","type":"post","link":"https:\/\/przylep.edu.pl\/przedszkole\/2025\/10\/14\/pasowanie-na-ucznia-2\/","title":{"rendered":"Pasowanie na ucznia"},"content":{"rendered":"\n<p>13 pa\u017adziernika, w przeddzie\u0144 \u015awi\u0119ta Komisji Edukacji Narodowej odby\u0142a si\u0119 wyj\u0105tkowa uroczysto\u015b\u0107 \u2013 Pasowanie na Ucznia.<\/p>\n\n\n\n<p>51 uczni\u00f3w z klas 1a, 1b i 1c zosta\u0142o uroczy\u015bcie przyj\u0119tych do grona spo\u0142eczno\u015bci szkolnej. Zanim jednak z\u0142o\u017cyli \u015blubowanie, musieli przej\u015b\u0107 przez szereg zabawnych i kreatywnych pr\u00f3b. Wszystkie zadania zosta\u0142y wykonane znakomicie, a jury \u2013 w sk\u0142adzie: w\u00f3jt gminy Ko\u0142baskowo Ma\u0142gorzata Schwarz, dyrektor Iwona Wierzbicka, wicedyrektor Urszula Biskupska oraz przewodnicz\u0105ca rady rodzic\u00f3w p. Barbara Romankiewicz \u2013 jednog\u0142o\u015bnie potwierdzi\u0142o gotowo\u015b\u0107 dzieci do rozpocz\u0119cia szkolnej przygody.<\/p>\n\n\n\n<p>Kulminacyjnym momentem pr\u00f3b by\u0142a \u201ePr\u00f3ba u\u015bmiechu\u201d, podczas kt\u00f3rej uczniowie otrzymali plasterek cytryny i musieli zachowa\u0107 pogodn\u0105 min\u0119. Efekty by\u0142y rozmaite \u2013 od szerokich u\u015bmiech\u00f3w po zabawne grymasy.<\/p>\n\n\n\n<p>Po zako\u0144czeniu zada\u0144 dzieci wraz z rodzicami za\u015bpiewali piosenk\u0119 \u201eBo gdzie jeszcze dzieciom tak dobrze jak tu? Tylko w Przylepie\u201d, na melodi\u0119 znanego utworu \u201eTylko we Lwowie\u201d. Nast\u0119pnie odby\u0142o si\u0119 uroczyste \u015blubowanie pierwszoklasist\u00f3w oraz ich rodzic\u00f3w.<\/p>\n\n\n\n<p>Na zako\u0144czenie ka\u017cdy ucze\u0144 posadzi\u0142 przed szko\u0142\u0105 w\u0142asn\u0105 ro\u015blin\u0119.&nbsp;<\/p>\n\n\n\n<p>To by\u0142 dzie\u0144 pe\u0142en emocji, rado\u015bci i wzrusze\u0144 \u2013 prawdziwe \u015bwi\u0119to pocz\u0105tku szkolnej drogi!<\/p>\n","protected":false},"excerpt":{"rendered":"<p>13 pa\u017adziernika, w przeddzie\u0144 \u015awi\u0119ta Komisji Edukacji Narodowej odby\u0142a si\u0119 wyj\u0105tkowa uroczysto\u015b\u0107 \u2013 Pasowanie na Ucznia. 51 uczni\u00f3w z klas 1a, 1b i 1c zosta\u0142o uroczy\u015bcie przyj\u0119tych do grona spo\u0142eczno\u015bci szkolnej. Zanim jednak z\u0142o\u017cyli \u015blubowanie, musieli przej\u015b\u0107 przez szereg zabawnych i kreatywnych pr\u00f3b. Wszystkie zadania zosta\u0142y wykonane znakomicie, a jury \u2013 w sk\u0142adzie: w\u00f3jt gminy [&hellip;]<\/p>\n","protected":false},"author":2,"featured_media":11385,"comment_status":"closed","ping_status":"open","sticky":false,"template":"","format":"standard","meta":{"footnotes":""},"categories":[45],"tags":[],"class_list":["post-11384","post","type-post","status-publish","format-standard","has-post-thumbnail","hentry","category-aktualnosci"],"_links":{"self":[{"href":"https:\/\/przylep.edu.pl\/przedszkole\/wp-json\/wp\/v2\/posts\/11384","targetHints":{"allow":["GET"]}}],"collection":[{"href":"https:\/\/przylep.edu.pl\/przedszkole\/wp-json\/wp\/v2\/posts"}],"about":[{"href":"https:\/\/przylep.edu.pl\/przedszkole\/wp-json\/wp\/v2\/types\/post"}],"author":[{"embeddable":true,"href":"https:\/\/przylep.edu.pl\/przedszkole\/wp-json\/wp\/v2\/users\/2"}],"replies":[{"embeddable":true,"href":"https:\/\/przylep.edu.pl\/przedszkole\/wp-json\/wp\/v2\/comments?post=11384"}],"version-history":[{"count":1,"href":"https:\/\/przylep.edu.pl\/przedszkole\/wp-json\/wp\/v2\/posts\/11384\/revisions"}],"predecessor-version":[{"id":11386,"href":"https:\/\/przylep.edu.pl\/przedszkole\/wp-json\/wp\/v2\/posts\/11384\/revisions\/11386"}],"wp:featuredmedia":[{"embeddable":true,"href":"https:\/\/przylep.edu.pl\/przedszkole\/wp-json\/wp\/v2\/media\/11385"}],"wp:attachment":[{"href":"https:\/\/przylep.edu.pl\/przedszkole\/wp-json\/wp\/v2\/media?parent=11384"}],"wp:term":[{"taxonomy":"category","embeddable":true,"href":"https:\/\/przylep.edu.pl\/przedszkole\/wp-json\/wp\/v2\/categories?post=11384"},{"taxonomy":"post_tag","embeddable":true,"href":"https:\/\/przylep.edu.pl\/przedszkole\/wp-json\/wp\/v2\/tags?post=11384"}],"curies":[{"name":"wp","href":"https:\/\/api.w.org\/{rel}","templated":true}]}}