{"id":11381,"date":"2025-09-30T07:08:00","date_gmt":"2025-09-30T05:08:00","guid":{"rendered":"https:\/\/przylep.edu.pl\/przedszkole\/?p=11381"},"modified":"2025-10-28T15:47:22","modified_gmt":"2025-10-28T14:47:22","slug":"ogolnopolski-dzien-glosnego-czytania","status":"publish","type":"post","link":"https:\/\/przylep.edu.pl\/przedszkole\/2025\/09\/30\/ogolnopolski-dzien-glosnego-czytania\/","title":{"rendered":"Og\u00f3lnopolski Dzie\u0144 G\u0142o\u015bnego Czytania w klasach 1-3"},"content":{"rendered":"\n<p class=\"has-text-align-left\">Og\u00f3lnopolski Dzie\u0144 G\u0142o\u015bnego Czytania &#8211; 29 wrze\u015bnia<br><strong>Og\u00f3lnopolski Dzie\u0144 G\u0142o\u015bnego Czytania<\/strong> klasy I\u2013III rozpocz\u0119\u0142y od spotkania w salach lekcyjnych, podczas kt\u00f3rego ich starsi koledzy i kole\u017canki czytali fragmenty wybranych ksi\u0105\u017cek.<br>Nast\u0119pnie w holu szko\u0142y odby\u0142o si\u0119 spotkanie z autork\u0105 ksi\u0105\u017cek dla dzieci, <strong>pani\u0105 Agat\u0105 Cieszy\u0144sk\u0105<\/strong>, nasz\u0105 s\u0105siadk\u0105, kt\u00f3ra przeczyta\u0142a swoje opowiadanie pt. <em>\u201eCzaronadziejka i pobyt w hotelu\u201d<\/em> oraz odpowiada\u0142a na pytania uczni\u00f3w.<\/p>\n\n\n\n<p class=\"has-text-align-left\">Dzieci mia\u0142y r\u00f3wnie\u017c okazj\u0119 pozna\u0107 kolejne etapy powstawania ksi\u0105\u017cki. Na zako\u0144czenie ka\u017cdy m\u00f3g\u0142 narysowa\u0107 w\u0142asn\u0105 ilustracj\u0119 inspirowan\u0105 wys\u0142uchan\u0105 opowie\u015bci\u0105.<br>To by\u0142 niezwykle ciekawy i inspiruj\u0105cy dzie\u0144!<\/p>\n","protected":false},"excerpt":{"rendered":"<p>Og\u00f3lnopolski Dzie\u0144 G\u0142o\u015bnego Czytania &#8211; 29 wrze\u015bniaOg\u00f3lnopolski Dzie\u0144 G\u0142o\u015bnego Czytania klasy I\u2013III rozpocz\u0119\u0142y od spotkania w salach lekcyjnych, podczas kt\u00f3rego ich starsi koledzy i kole\u017canki czytali fragmenty wybranych ksi\u0105\u017cek.Nast\u0119pnie w holu szko\u0142y odby\u0142o si\u0119 spotkanie z autork\u0105 ksi\u0105\u017cek dla dzieci, pani\u0105 Agat\u0105 Cieszy\u0144sk\u0105, nasz\u0105 s\u0105siadk\u0105, kt\u00f3ra przeczyta\u0142a swoje opowiadanie pt. \u201eCzaronadziejka i pobyt w hotelu\u201d [&hellip;]<\/p>\n","protected":false},"author":2,"featured_media":11528,"comment_status":"closed","ping_status":"open","sticky":false,"template":"","format":"standard","meta":{"footnotes":""},"categories":[45],"tags":[],"class_list":["post-11381","post","type-post","status-publish","format-standard","has-post-thumbnail","hentry","category-aktualnosci"],"_links":{"self":[{"href":"https:\/\/przylep.edu.pl\/przedszkole\/wp-json\/wp\/v2\/posts\/11381","targetHints":{"allow":["GET"]}}],"collection":[{"href":"https:\/\/przylep.edu.pl\/przedszkole\/wp-json\/wp\/v2\/posts"}],"about":[{"href":"https:\/\/przylep.edu.pl\/przedszkole\/wp-json\/wp\/v2\/types\/post"}],"author":[{"embeddable":true,"href":"https:\/\/przylep.edu.pl\/przedszkole\/wp-json\/wp\/v2\/users\/2"}],"replies":[{"embeddable":true,"href":"https:\/\/przylep.edu.pl\/przedszkole\/wp-json\/wp\/v2\/comments?post=11381"}],"version-history":[{"count":3,"href":"https:\/\/przylep.edu.pl\/przedszkole\/wp-json\/wp\/v2\/posts\/11381\/revisions"}],"predecessor-version":[{"id":11859,"href":"https:\/\/przylep.edu.pl\/przedszkole\/wp-json\/wp\/v2\/posts\/11381\/revisions\/11859"}],"wp:featuredmedia":[{"embeddable":true,"href":"https:\/\/przylep.edu.pl\/przedszkole\/wp-json\/wp\/v2\/media\/11528"}],"wp:attachment":[{"href":"https:\/\/przylep.edu.pl\/przedszkole\/wp-json\/wp\/v2\/media?parent=11381"}],"wp:term":[{"taxonomy":"category","embeddable":true,"href":"https:\/\/przylep.edu.pl\/przedszkole\/wp-json\/wp\/v2\/categories?post=11381"},{"taxonomy":"post_tag","embeddable":true,"href":"https:\/\/przylep.edu.pl\/przedszkole\/wp-json\/wp\/v2\/tags?post=11381"}],"curies":[{"name":"wp","href":"https:\/\/api.w.org\/{rel}","templated":true}]}}