{"id":11358,"date":"2025-07-21T15:02:57","date_gmt":"2025-07-21T13:02:57","guid":{"rendered":"https:\/\/przylep.edu.pl\/przedszkole\/?p=11358"},"modified":"2025-08-20T15:06:07","modified_gmt":"2025-08-20T13:06:07","slug":"wyprawka-dla-klasy-1","status":"publish","type":"post","link":"https:\/\/przylep.edu.pl\/przedszkole\/2025\/07\/21\/wyprawka-dla-klasy-1\/","title":{"rendered":"Wyprawka dla klasy 1"},"content":{"rendered":"\n<p>Szanowni Pa\u0144stwo, spotkanie z wychowawczyniami trzech klas pierwszych nast\u0105pi w pierwszym tygodniu wrze\u015bnia tj. 4 wrze\u015bnia 2025 o godzinie 17.00. Bardzo prosz\u0119 o przybycie na to wa\u017cne zebranie tylko os\u00f3b doros\u0142ych- rodzic\u00f3w lub opiekun\u00f3w prawnych.<\/p>\n\n\n\n<p>W za\u0142\u0105czniku znajduje si\u0119 wyprawka dla klasy 1. Prosz\u0119 pami\u0119ta\u0107, by tornister, nie by\u0142 ci\u0119\u017cki.<\/p>\n\n\n\n<div class=\"wp-block-file\"><a id=\"wp-block-file--media-19363605-3147-4261-8fba-f7125598ef1a\" href=\"https:\/\/przylep.edu.pl\/przedszkole\/wp-content\/uploads\/2025\/08\/Wyprawka_klasa_pierwsza-.docx\">Wyprawka_klasa_pierwsza +<\/a><a href=\"https:\/\/przylep.edu.pl\/przedszkole\/wp-content\/uploads\/2025\/08\/Wyprawka_klasa_pierwsza-.docx\" class=\"wp-block-file__button wp-element-button\" download aria-describedby=\"wp-block-file--media-19363605-3147-4261-8fba-f7125598ef1a\">Pobierz<\/a><\/div>\n","protected":false},"excerpt":{"rendered":"<p>Szanowni Pa\u0144stwo, spotkanie z wychowawczyniami trzech klas pierwszych nast\u0105pi w pierwszym tygodniu wrze\u015bnia tj. 4 wrze\u015bnia 2025 o godzinie 17.00. Bardzo prosz\u0119 o przybycie na to wa\u017cne zebranie tylko os\u00f3b doros\u0142ych- rodzic\u00f3w lub opiekun\u00f3w prawnych. W za\u0142\u0105czniku znajduje si\u0119 wyprawka dla klasy 1. Prosz\u0119 pami\u0119ta\u0107, by tornister, nie by\u0142 ci\u0119\u017cki.<\/p>\n","protected":false},"author":2,"featured_media":10935,"comment_status":"closed","ping_status":"open","sticky":false,"template":"","format":"standard","meta":{"footnotes":""},"categories":[45],"tags":[],"class_list":["post-11358","post","type-post","status-publish","format-standard","has-post-thumbnail","hentry","category-aktualnosci"],"_links":{"self":[{"href":"https:\/\/przylep.edu.pl\/przedszkole\/wp-json\/wp\/v2\/posts\/11358","targetHints":{"allow":["GET"]}}],"collection":[{"href":"https:\/\/przylep.edu.pl\/przedszkole\/wp-json\/wp\/v2\/posts"}],"about":[{"href":"https:\/\/przylep.edu.pl\/przedszkole\/wp-json\/wp\/v2\/types\/post"}],"author":[{"embeddable":true,"href":"https:\/\/przylep.edu.pl\/przedszkole\/wp-json\/wp\/v2\/users\/2"}],"replies":[{"embeddable":true,"href":"https:\/\/przylep.edu.pl\/przedszkole\/wp-json\/wp\/v2\/comments?post=11358"}],"version-history":[{"count":2,"href":"https:\/\/przylep.edu.pl\/przedszkole\/wp-json\/wp\/v2\/posts\/11358\/revisions"}],"predecessor-version":[{"id":11361,"href":"https:\/\/przylep.edu.pl\/przedszkole\/wp-json\/wp\/v2\/posts\/11358\/revisions\/11361"}],"wp:featuredmedia":[{"embeddable":true,"href":"https:\/\/przylep.edu.pl\/przedszkole\/wp-json\/wp\/v2\/media\/10935"}],"wp:attachment":[{"href":"https:\/\/przylep.edu.pl\/przedszkole\/wp-json\/wp\/v2\/media?parent=11358"}],"wp:term":[{"taxonomy":"category","embeddable":true,"href":"https:\/\/przylep.edu.pl\/przedszkole\/wp-json\/wp\/v2\/categories?post=11358"},{"taxonomy":"post_tag","embeddable":true,"href":"https:\/\/przylep.edu.pl\/przedszkole\/wp-json\/wp\/v2\/tags?post=11358"}],"curies":[{"name":"wp","href":"https:\/\/api.w.org\/{rel}","templated":true}]}}