{"id":11349,"date":"2025-08-20T14:36:51","date_gmt":"2025-08-20T12:36:51","guid":{"rendered":"https:\/\/przylep.edu.pl\/przedszkole\/?p=11349"},"modified":"2025-08-20T14:36:51","modified_gmt":"2025-08-20T12:36:51","slug":"rozpoczecie-roku-szkolnego","status":"publish","type":"post","link":"https:\/\/przylep.edu.pl\/przedszkole\/2025\/08\/20\/rozpoczecie-roku-szkolnego\/","title":{"rendered":"Rozpocz\u0119cie roku szkolnego"},"content":{"rendered":"\n<p>Szanowni Pa\u0144stwo, Drodzy Uczniowie!<\/p>\n\n\n\n<p>1 wrze\u015bnia 2025 roku w naszej szkole odb\u0119dzie si\u0119 rozpocz\u0119cie roku szkolnego wed\u0142ug nast\u0119puj\u0105cego porz\u0105dku:. <\/p>\n\n\n\n<p><strong>Klasy 2-6 <\/strong><\/p>\n\n\n\n<p>8.00-spotkanie z wychowawcami w salach, rozdanie plan\u00f3w lekcji, mierzenie dzieci.<\/p>\n\n\n\n<p><strong>klasy 1<\/strong><\/p>\n\n\n\n<p>8.30- spotkanie z wychowawczyniami w salach, rozdanie plan\u00f3w lekcji, informacje dotycz\u0105ce organizacji pierwszych dni, mierzenie dzieci. <\/p>\n\n\n\n<p>Czekamy na ten nowy rok szkolny,  kolejn\u0105 przygod\u0119 z Wami w roli g\u0142\u00f3wnej!<\/p>\n","protected":false},"excerpt":{"rendered":"<p>Szanowni Pa\u0144stwo, Drodzy Uczniowie! 1 wrze\u015bnia 2025 roku w naszej szkole odb\u0119dzie si\u0119 rozpocz\u0119cie roku szkolnego wed\u0142ug nast\u0119puj\u0105cego porz\u0105dku:. Klasy 2-6 8.00-spotkanie z wychowawcami w salach, rozdanie plan\u00f3w lekcji, mierzenie dzieci. klasy 1 8.30- spotkanie z wychowawczyniami w salach, rozdanie plan\u00f3w lekcji, informacje dotycz\u0105ce organizacji pierwszych dni, mierzenie dzieci. Czekamy na ten nowy rok szkolny, [&hellip;]<\/p>\n","protected":false},"author":2,"featured_media":10574,"comment_status":"closed","ping_status":"open","sticky":false,"template":"","format":"standard","meta":{"footnotes":""},"categories":[45,40],"tags":[],"class_list":["post-11349","post","type-post","status-publish","format-standard","has-post-thumbnail","hentry","category-aktualnosci","category-strona-glowna"],"_links":{"self":[{"href":"https:\/\/przylep.edu.pl\/przedszkole\/wp-json\/wp\/v2\/posts\/11349","targetHints":{"allow":["GET"]}}],"collection":[{"href":"https:\/\/przylep.edu.pl\/przedszkole\/wp-json\/wp\/v2\/posts"}],"about":[{"href":"https:\/\/przylep.edu.pl\/przedszkole\/wp-json\/wp\/v2\/types\/post"}],"author":[{"embeddable":true,"href":"https:\/\/przylep.edu.pl\/przedszkole\/wp-json\/wp\/v2\/users\/2"}],"replies":[{"embeddable":true,"href":"https:\/\/przylep.edu.pl\/przedszkole\/wp-json\/wp\/v2\/comments?post=11349"}],"version-history":[{"count":1,"href":"https:\/\/przylep.edu.pl\/przedszkole\/wp-json\/wp\/v2\/posts\/11349\/revisions"}],"predecessor-version":[{"id":11350,"href":"https:\/\/przylep.edu.pl\/przedszkole\/wp-json\/wp\/v2\/posts\/11349\/revisions\/11350"}],"wp:featuredmedia":[{"embeddable":true,"href":"https:\/\/przylep.edu.pl\/przedszkole\/wp-json\/wp\/v2\/media\/10574"}],"wp:attachment":[{"href":"https:\/\/przylep.edu.pl\/przedszkole\/wp-json\/wp\/v2\/media?parent=11349"}],"wp:term":[{"taxonomy":"category","embeddable":true,"href":"https:\/\/przylep.edu.pl\/przedszkole\/wp-json\/wp\/v2\/categories?post=11349"},{"taxonomy":"post_tag","embeddable":true,"href":"https:\/\/przylep.edu.pl\/przedszkole\/wp-json\/wp\/v2\/tags?post=11349"}],"curies":[{"name":"wp","href":"https:\/\/api.w.org\/{rel}","templated":true}]}}