{"id":11347,"date":"2025-08-20T14:14:36","date_gmt":"2025-08-20T12:14:36","guid":{"rendered":"https:\/\/przylep.edu.pl\/przedszkole\/?p=11347"},"modified":"2025-08-20T14:43:33","modified_gmt":"2025-08-20T12:43:33","slug":"mundurki-link-do-sklepu","status":"publish","type":"post","link":"https:\/\/przylep.edu.pl\/przedszkole\/2025\/08\/20\/mundurki-link-do-sklepu\/","title":{"rendered":"Mundurki- link do sklepu"},"content":{"rendered":"\n<p><a href=\"https:\/\/t-shirt.pl\/pl\/menu\/uczelnie-wyzsze-i-szkoly\/zespol-szkolno-przedszkolny-w-przylepie-1436.html\">Zesp\u00f3\u0142 Szkolno &#8211; Przedszkolny w Przylepie &#8211; T-shirt.pl<\/a><\/p>\n\n\n\n<p>Szanowni Pa\u0144stwo, powy\u017cej znajduje si\u0119 link do zam\u00f3wienia mundurk\u00f3w. <\/p>\n\n\n\n<p>W plac\u00f3wce obowi\u0105zuj\u0105 na co dzie\u0144 T-shirt b\u0142\u0119kitne oraz szare bluzy z logo. <\/p>\n\n\n\n<p>Str\u00f3j galowy, to bia\u0142a koszulka polo z logo- d\u00f3\u0142 czarna sp\u00f3dnica lub czarne spodnie.<\/p>\n\n\n\n<p>Czas oczekiwania na dostaw\u0119 wynosi 3 tygodnie. <\/p>\n\n\n\n<p>W razie pyta\u0144, prosz\u0119 o telefon 725338335<\/p>\n","protected":false},"excerpt":{"rendered":"<p>Zesp\u00f3\u0142 Szkolno &#8211; Przedszkolny w Przylepie &#8211; T-shirt.pl Szanowni Pa\u0144stwo, powy\u017cej znajduje si\u0119 link do zam\u00f3wienia mundurk\u00f3w. W plac\u00f3wce obowi\u0105zuj\u0105 na co dzie\u0144 T-shirt b\u0142\u0119kitne oraz szare bluzy z logo. Str\u00f3j galowy, to bia\u0142a koszulka polo z logo- d\u00f3\u0142 czarna sp\u00f3dnica lub czarne spodnie. Czas oczekiwania na dostaw\u0119 wynosi 3 tygodnie. W razie pyta\u0144, prosz\u0119 [&hellip;]<\/p>\n","protected":false},"author":2,"featured_media":11352,"comment_status":"closed","ping_status":"open","sticky":false,"template":"","format":"standard","meta":{"footnotes":""},"categories":[45,40],"tags":[],"class_list":["post-11347","post","type-post","status-publish","format-standard","has-post-thumbnail","hentry","category-aktualnosci","category-strona-glowna"],"_links":{"self":[{"href":"https:\/\/przylep.edu.pl\/przedszkole\/wp-json\/wp\/v2\/posts\/11347","targetHints":{"allow":["GET"]}}],"collection":[{"href":"https:\/\/przylep.edu.pl\/przedszkole\/wp-json\/wp\/v2\/posts"}],"about":[{"href":"https:\/\/przylep.edu.pl\/przedszkole\/wp-json\/wp\/v2\/types\/post"}],"author":[{"embeddable":true,"href":"https:\/\/przylep.edu.pl\/przedszkole\/wp-json\/wp\/v2\/users\/2"}],"replies":[{"embeddable":true,"href":"https:\/\/przylep.edu.pl\/przedszkole\/wp-json\/wp\/v2\/comments?post=11347"}],"version-history":[{"count":2,"href":"https:\/\/przylep.edu.pl\/przedszkole\/wp-json\/wp\/v2\/posts\/11347\/revisions"}],"predecessor-version":[{"id":11353,"href":"https:\/\/przylep.edu.pl\/przedszkole\/wp-json\/wp\/v2\/posts\/11347\/revisions\/11353"}],"wp:featuredmedia":[{"embeddable":true,"href":"https:\/\/przylep.edu.pl\/przedszkole\/wp-json\/wp\/v2\/media\/11352"}],"wp:attachment":[{"href":"https:\/\/przylep.edu.pl\/przedszkole\/wp-json\/wp\/v2\/media?parent=11347"}],"wp:term":[{"taxonomy":"category","embeddable":true,"href":"https:\/\/przylep.edu.pl\/przedszkole\/wp-json\/wp\/v2\/categories?post=11347"},{"taxonomy":"post_tag","embeddable":true,"href":"https:\/\/przylep.edu.pl\/przedszkole\/wp-json\/wp\/v2\/tags?post=11347"}],"curies":[{"name":"wp","href":"https:\/\/api.w.org\/{rel}","templated":true}]}}