{"id":11283,"date":"2025-04-29T14:35:56","date_gmt":"2025-04-29T12:35:56","guid":{"rendered":"https:\/\/przylep.edu.pl\/przedszkole\/?p=11283"},"modified":"2025-05-18T20:21:09","modified_gmt":"2025-05-18T18:21:09","slug":"zdrowi-i-silni-w-pracy-profilaktyka-i-wsparcie-zdrowotne-dla-pracownikow","status":"publish","type":"post","link":"https:\/\/przylep.edu.pl\/przedszkole\/2025\/04\/29\/zdrowi-i-silni-w-pracy-profilaktyka-i-wsparcie-zdrowotne-dla-pracownikow\/","title":{"rendered":"Zdrowi i Silni w Pracy:                                          &#8222;Profilaktyka i Wsparcie Zdrowotne                                dla pracownik\u00f3w                                                            Zespo\u0142u Szkolno-Przedszkolnego                      w Przylepie&#8221;"},"content":{"rendered":"\n<figure class=\"wp-block-image size-large\"><img loading=\"lazy\" decoding=\"async\" width=\"1024\" height=\"75\" src=\"https:\/\/przylep.edu.pl\/przedszkole\/wp-content\/uploads\/2025\/04\/Ciag_znakow-do-projektow-1024x75.jpg\" alt=\"\" class=\"wp-image-11285\" srcset=\"https:\/\/przylep.edu.pl\/przedszkole\/wp-content\/uploads\/2025\/04\/Ciag_znakow-do-projektow-1024x75.jpg 1024w, https:\/\/przylep.edu.pl\/przedszkole\/wp-content\/uploads\/2025\/04\/Ciag_znakow-do-projektow-300x22.jpg 300w, https:\/\/przylep.edu.pl\/przedszkole\/wp-content\/uploads\/2025\/04\/Ciag_znakow-do-projektow-768x56.jpg 768w, https:\/\/przylep.edu.pl\/przedszkole\/wp-content\/uploads\/2025\/04\/Ciag_znakow-do-projektow-1536x113.jpg 1536w, https:\/\/przylep.edu.pl\/przedszkole\/wp-content\/uploads\/2025\/04\/Ciag_znakow-do-projektow-2048x151.jpg 2048w\" sizes=\"auto, (max-width: 1024px) 100vw, 1024px\" \/><\/figure>\n\n\n\n<p class=\"has-very-light-gray-to-cyan-bluish-gray-gradient-background has-background\">Nasza plac\u00f3wka dosta\u0142a dofinansowanie ze \u015brodk\u00f3w Europejskiego Funduszu Spo\u0142ecznego Plus w ramach Programu Fundusze Europejskie dla Pomorza Zachodniego 2021-2027 na realizacj\u0119 projektu: Zdrowi i Silni w Pracy: Profilaktyka i Wsparcie Zdrowotne dla pracownik\u00f3w Zespo\u0142u Szkolno-Przedszkolnego w Przylepie.<\/p>\n\n\n\n<p>Tytu\u0142 projektu: Zdrowi i Silni w Pracy: Profilaktyka i Wsparcie Zdrowotne dla pracownik\u00f3w<br>Zespo\u0142u Szkolno-Przedszkolnego w Przylepie<br>G\u0142\u00f3wnym celem projektu jest poprawa zdrowia i dobrostanu pracownik\u00f3w Zespo\u0142u Szkolno &#8211;<br>Przedszkolnego w Przylepie poprzez dzia\u0142ania profilaktyczne, edukacyjne oraz adaptacyjne,<br>wspieraj\u0105ce aktywne i zdrowe starzenie si\u0119, a tak\u017ce dostosowanie warunk\u00f3w pracy do<br>potrzeb starzej\u0105cej si\u0119 kadry pracowniczej, w spos\u00f3b zapewniaj\u0105cy r\u00f3wno\u015b\u0107 szans i<br>przeciwdzia\u0142aj\u0105cy zagro\u017ceniom zdrowotnym.<br>W ramach projektu zostan\u0105 zrealizowane nast\u0119puj\u0105ce dzia\u0142ania:<\/p>\n\n\n\n<ol class=\"wp-block-list\">\n<li>zakup 22 szt. sprz\u0119tu oraz wyposa\u017cenia dla 12 pracownik\u00f3w maj\u0105ce na celu profilaktyk\u0119<br>chor\u00f3b zwi\u0105zanych z miejscem pracy,<\/li>\n\n\n\n<li>grupowe spotkanie edukacyjne i grupowy warsztat z fizjoterapeut\u0105 dla 43 pracownik\u00f3w<br>oraz spotkania indywidualne z fizjoterapeut\u0105 dla 15 pracownik\u00f3w maj\u0105ce na celu<br>poszerzanie wiedzy nt. zdrowotnych czynnik\u00f3w ryzyka w miejscu pracy oraz dzia\u0142ania<br>prewencyjne i naprawcze w zakresie czynnik\u00f3w szkodliwych i uci\u0105\u017cliwych wyst\u0119puj\u0105cych w<br>miejscu pracy;<\/li>\n\n\n\n<li>dwudniowy warsztat w zakresie radzenia sobie ze stresem i przeciwdzia\u0142aniu wypalenia<br>zawodowego dla 43 pracownik\u00f3w;<\/li>\n\n\n\n<li>zrealizowanie \u0142\u0105cznie 157 bada\u0144 przesiewowych dla 44 pracownik\u00f3w maj\u0105ce na celu<br>wczesne wykrywanie problem\u00f3w zdrowotnych u pracownik\u00f3w<\/li>\n<\/ol>\n\n\n\n<p>Do g\u0142\u00f3wnych rezultat\u00f3w projektu mo\u017cna zaliczy\u0107:<br>-popraw\u0119 ergonomii i komfortu pracy;<br>-zwi\u0119kszenie \u015bwiadomo\u015bci zdrowotnej pracownik\u00f3w;<br>-redukcj\u0119 poziomu stresu i przeciwdzia\u0142anie wypaleniu zawodowemu;<br>-wczesne wykrywanie problem\u00f3w zdrowotnych;<br>-wsparcie aktywnego starzenia si\u0119.<br>Warto\u015b\u0107 projektu: 197 874,25 PLN<br>Wysoko\u015b\u0107 wk\u0142adu Funduszy Europejskich: 168 193,11<br><br>#FunduszeUE<br>#FunduszeEuropejskie<\/p>\n\n\n\n<p><\/p>\n\n\n\n<details class=\"wp-block-details is-layout-flow wp-block-details-is-layout-flow\"><summary><\/summary>\n<p><\/p>\n<\/details>\n\n\n\n<div data-wp-interactive=\"core\/file\" class=\"wp-block-file\"><object data-wp-bind--hidden=\"!state.hasPdfPreview\" hidden class=\"wp-block-file__embed\" data=\"https:\/\/przylep.edu.pl\/przedszkole\/wp-content\/uploads\/2025\/04\/Regulamin-projektu_.pdf\" type=\"application\/pdf\" style=\"width:100%;height:600px\" aria-label=\"Osadzone z Regulamin projektu_.\"><\/object><a id=\"wp-block-file--media-e438658d-062f-4572-b323-df446873f66e\" href=\"https:\/\/przylep.edu.pl\/przedszkole\/wp-content\/uploads\/2025\/04\/Regulamin-projektu_.pdf\">Regulamin projektu_<\/a><a href=\"https:\/\/przylep.edu.pl\/przedszkole\/wp-content\/uploads\/2025\/04\/Regulamin-projektu_.pdf\" class=\"wp-block-file__button wp-element-button\" download aria-describedby=\"wp-block-file--media-e438658d-062f-4572-b323-df446873f66e\">Pobierz<\/a><\/div>\n\n\n\n<div data-wp-interactive=\"core\/file\" class=\"wp-block-file\"><object data-wp-bind--hidden=\"!state.hasPdfPreview\" hidden class=\"wp-block-file__embed\" data=\"https:\/\/przylep.edu.pl\/przedszkole\/wp-content\/uploads\/2025\/04\/Zal._2_harmonogram_udzielania_wsparcia.pdf\" type=\"application\/pdf\" style=\"width:100%;height:600px\" aria-label=\"Osadzone z Za\u0142._2_harmonogram_udzielania_wsparcia.\"><\/object><a id=\"wp-block-file--media-1eba4a5e-6ad2-401f-9d73-03713d900db0\" href=\"https:\/\/przylep.edu.pl\/przedszkole\/wp-content\/uploads\/2025\/04\/Zal._2_harmonogram_udzielania_wsparcia.pdf\">Za\u0142._2_harmonogram_udzielania_wsparcia<\/a><a href=\"https:\/\/przylep.edu.pl\/przedszkole\/wp-content\/uploads\/2025\/04\/Zal._2_harmonogram_udzielania_wsparcia.pdf\" class=\"wp-block-file__button wp-element-button\" download aria-describedby=\"wp-block-file--media-1eba4a5e-6ad2-401f-9d73-03713d900db0\">Pobierz<\/a><\/div>\n","protected":false},"excerpt":{"rendered":"<p>Nasza plac\u00f3wka dosta\u0142a dofinansowanie ze \u015brodk\u00f3w Europejskiego Funduszu Spo\u0142ecznego Plus w ramach Programu Fundusze Europejskie dla Pomorza Zachodniego 2021-2027 na realizacj\u0119 projektu: Zdrowi i Silni w Pracy: Profilaktyka i Wsparcie Zdrowotne dla pracownik\u00f3w Zespo\u0142u Szkolno-Przedszkolnego w Przylepie. Tytu\u0142 projektu: Zdrowi i Silni w Pracy: Profilaktyka i Wsparcie Zdrowotne dla pracownik\u00f3wZespo\u0142u Szkolno-Przedszkolnego w PrzylepieG\u0142\u00f3wnym celem projektu [&hellip;]<\/p>\n","protected":false},"author":2,"featured_media":0,"comment_status":"closed","ping_status":"open","sticky":false,"template":"","format":"standard","meta":{"footnotes":""},"categories":[45],"tags":[],"class_list":["post-11283","post","type-post","status-publish","format-standard","hentry","category-aktualnosci"],"_links":{"self":[{"href":"https:\/\/przylep.edu.pl\/przedszkole\/wp-json\/wp\/v2\/posts\/11283","targetHints":{"allow":["GET"]}}],"collection":[{"href":"https:\/\/przylep.edu.pl\/przedszkole\/wp-json\/wp\/v2\/posts"}],"about":[{"href":"https:\/\/przylep.edu.pl\/przedszkole\/wp-json\/wp\/v2\/types\/post"}],"author":[{"embeddable":true,"href":"https:\/\/przylep.edu.pl\/przedszkole\/wp-json\/wp\/v2\/users\/2"}],"replies":[{"embeddable":true,"href":"https:\/\/przylep.edu.pl\/przedszkole\/wp-json\/wp\/v2\/comments?post=11283"}],"version-history":[{"count":5,"href":"https:\/\/przylep.edu.pl\/przedszkole\/wp-json\/wp\/v2\/posts\/11283\/revisions"}],"predecessor-version":[{"id":11319,"href":"https:\/\/przylep.edu.pl\/przedszkole\/wp-json\/wp\/v2\/posts\/11283\/revisions\/11319"}],"wp:attachment":[{"href":"https:\/\/przylep.edu.pl\/przedszkole\/wp-json\/wp\/v2\/media?parent=11283"}],"wp:term":[{"taxonomy":"category","embeddable":true,"href":"https:\/\/przylep.edu.pl\/przedszkole\/wp-json\/wp\/v2\/categories?post=11283"},{"taxonomy":"post_tag","embeddable":true,"href":"https:\/\/przylep.edu.pl\/przedszkole\/wp-json\/wp\/v2\/tags?post=11283"}],"curies":[{"name":"wp","href":"https:\/\/api.w.org\/{rel}","templated":true}]}}