{"id":11238,"date":"2025-04-01T19:36:35","date_gmt":"2025-04-01T17:36:35","guid":{"rendered":"https:\/\/przylep.edu.pl\/przedszkole\/?p=11238"},"modified":"2025-04-01T19:36:37","modified_gmt":"2025-04-01T17:36:37","slug":"pierwszy-dzien-wiosny-2","status":"publish","type":"post","link":"https:\/\/przylep.edu.pl\/przedszkole\/2025\/04\/01\/pierwszy-dzien-wiosny-2\/","title":{"rendered":"Pierwszy Dzie\u0144 Wiosny"},"content":{"rendered":"\n<p>W pi\u0105tek 21 marca wszystkie dzieci z przedszkola \u015bwi\u0119towa\u0142y pierwszy dzie\u0144 wiosny. Uroczysto\u015bci rozpocz\u0119\u0142y si\u0119 od pochodu wiosennego, kt\u00f3ry jest Nasz\u0105 tradycj\u0105. Przy wiosennej muzyce, z kwiatami w r\u0119kach dzieci wita\u0142y wiosn\u0119. Kolejno by\u0142a gra terenowa, dzi\u0119ki kt\u00f3rej dzieci utrwali\u0142y sobie  wiedz\u0119 dotycz\u0105c\u0105 zwiastun\u00f3w wiosny. Dzieci rozwi\u0105zywa\u0142y zagadki, uk\u0142ada\u0142y historyjki, a po ci\u0119\u017ckiej pracy przyszed\u0142 czas na pieczenie kie\u0142basek. Tego dnia pogoda by\u0142a i\u015bcie wiosenna!!<\/p>\n\n\n\n<figure class=\"wp-block-gallery has-nested-images columns-default is-cropped wp-block-gallery-1 is-layout-flex wp-block-gallery-is-layout-flex\">\n<figure class=\"wp-block-image size-large\"><img loading=\"lazy\" decoding=\"async\" width=\"768\" height=\"1024\" data-id=\"11240\" src=\"https:\/\/przylep.edu.pl\/przedszkole\/wp-content\/uploads\/2025\/04\/c2e7481d-0677-4593-810a-0507066827e9-768x1024.jpg\" alt=\"\" class=\"wp-image-11240\" srcset=\"https:\/\/przylep.edu.pl\/przedszkole\/wp-content\/uploads\/2025\/04\/c2e7481d-0677-4593-810a-0507066827e9-768x1024.jpg 768w, https:\/\/przylep.edu.pl\/przedszkole\/wp-content\/uploads\/2025\/04\/c2e7481d-0677-4593-810a-0507066827e9-225x300.jpg 225w, https:\/\/przylep.edu.pl\/przedszkole\/wp-content\/uploads\/2025\/04\/c2e7481d-0677-4593-810a-0507066827e9-1152x1536.jpg 1152w, https:\/\/przylep.edu.pl\/przedszkole\/wp-content\/uploads\/2025\/04\/c2e7481d-0677-4593-810a-0507066827e9.jpg 1536w\" sizes=\"auto, (max-width: 768px) 100vw, 768px\" \/><\/figure>\n\n\n\n<figure class=\"wp-block-image size-large\"><img loading=\"lazy\" decoding=\"async\" width=\"768\" height=\"1024\" data-id=\"11239\" src=\"https:\/\/przylep.edu.pl\/przedszkole\/wp-content\/uploads\/2025\/04\/e3e92ec6-7d74-4306-abbf-97342eb20bdc-768x1024.jpg\" alt=\"\" class=\"wp-image-11239\" srcset=\"https:\/\/przylep.edu.pl\/przedszkole\/wp-content\/uploads\/2025\/04\/e3e92ec6-7d74-4306-abbf-97342eb20bdc-768x1024.jpg 768w, https:\/\/przylep.edu.pl\/przedszkole\/wp-content\/uploads\/2025\/04\/e3e92ec6-7d74-4306-abbf-97342eb20bdc-225x300.jpg 225w, https:\/\/przylep.edu.pl\/przedszkole\/wp-content\/uploads\/2025\/04\/e3e92ec6-7d74-4306-abbf-97342eb20bdc-1152x1536.jpg 1152w, https:\/\/przylep.edu.pl\/przedszkole\/wp-content\/uploads\/2025\/04\/e3e92ec6-7d74-4306-abbf-97342eb20bdc.jpg 1536w\" sizes=\"auto, (max-width: 768px) 100vw, 768px\" \/><\/figure>\n<\/figure>\n\n\n\n<figure class=\"wp-block-gallery has-nested-images columns-default is-cropped wp-block-gallery-2 is-layout-flex wp-block-gallery-is-layout-flex\">\n<figure class=\"wp-block-image size-large\"><img loading=\"lazy\" decoding=\"async\" width=\"1024\" height=\"768\" data-id=\"11241\" src=\"https:\/\/przylep.edu.pl\/przedszkole\/wp-content\/uploads\/2025\/04\/95592c6d-ca74-407c-b63e-739ca39347ae-1024x768.jpg\" alt=\"\" class=\"wp-image-11241\" srcset=\"https:\/\/przylep.edu.pl\/przedszkole\/wp-content\/uploads\/2025\/04\/95592c6d-ca74-407c-b63e-739ca39347ae-1024x768.jpg 1024w, https:\/\/przylep.edu.pl\/przedszkole\/wp-content\/uploads\/2025\/04\/95592c6d-ca74-407c-b63e-739ca39347ae-300x225.jpg 300w, https:\/\/przylep.edu.pl\/przedszkole\/wp-content\/uploads\/2025\/04\/95592c6d-ca74-407c-b63e-739ca39347ae-768x576.jpg 768w, https:\/\/przylep.edu.pl\/przedszkole\/wp-content\/uploads\/2025\/04\/95592c6d-ca74-407c-b63e-739ca39347ae-1536x1152.jpg 1536w, https:\/\/przylep.edu.pl\/przedszkole\/wp-content\/uploads\/2025\/04\/95592c6d-ca74-407c-b63e-739ca39347ae-600x450.jpg 600w, https:\/\/przylep.edu.pl\/przedszkole\/wp-content\/uploads\/2025\/04\/95592c6d-ca74-407c-b63e-739ca39347ae.jpg 2048w\" sizes=\"auto, (max-width: 1024px) 100vw, 1024px\" \/><\/figure>\n<\/figure>\n\n\n\n<figure class=\"wp-block-gallery has-nested-images columns-default is-cropped wp-block-gallery-3 is-layout-flex wp-block-gallery-is-layout-flex\">\n<figure class=\"wp-block-image size-large\"><img loading=\"lazy\" decoding=\"async\" width=\"768\" height=\"1024\" data-id=\"11243\" src=\"https:\/\/przylep.edu.pl\/przedszkole\/wp-content\/uploads\/2025\/04\/486748454_9439963496051914_1886273851385161804_n-768x1024.jpg\" alt=\"\" class=\"wp-image-11243\" srcset=\"https:\/\/przylep.edu.pl\/przedszkole\/wp-content\/uploads\/2025\/04\/486748454_9439963496051914_1886273851385161804_n-768x1024.jpg 768w, https:\/\/przylep.edu.pl\/przedszkole\/wp-content\/uploads\/2025\/04\/486748454_9439963496051914_1886273851385161804_n-225x300.jpg 225w, https:\/\/przylep.edu.pl\/przedszkole\/wp-content\/uploads\/2025\/04\/486748454_9439963496051914_1886273851385161804_n-1152x1536.jpg 1152w, https:\/\/przylep.edu.pl\/przedszkole\/wp-content\/uploads\/2025\/04\/486748454_9439963496051914_1886273851385161804_n.jpg 1536w\" sizes=\"auto, (max-width: 768px) 100vw, 768px\" \/><\/figure>\n\n\n\n<figure class=\"wp-block-image size-large\"><img loading=\"lazy\" decoding=\"async\" width=\"766\" height=\"1024\" data-id=\"11242\" src=\"https:\/\/przylep.edu.pl\/przedszkole\/wp-content\/uploads\/2025\/04\/486819882_9439893626058901_923787344114460783_n-766x1024.jpg\" alt=\"\" class=\"wp-image-11242\" srcset=\"https:\/\/przylep.edu.pl\/przedszkole\/wp-content\/uploads\/2025\/04\/486819882_9439893626058901_923787344114460783_n-766x1024.jpg 766w, https:\/\/przylep.edu.pl\/przedszkole\/wp-content\/uploads\/2025\/04\/486819882_9439893626058901_923787344114460783_n-224x300.jpg 224w, https:\/\/przylep.edu.pl\/przedszkole\/wp-content\/uploads\/2025\/04\/486819882_9439893626058901_923787344114460783_n.jpg 768w\" sizes=\"auto, (max-width: 766px) 100vw, 766px\" \/><\/figure>\n<\/figure>\n\n\n\n<figure class=\"wp-block-gallery has-nested-images columns-default is-cropped wp-block-gallery-4 is-layout-flex wp-block-gallery-is-layout-flex\">\n<figure class=\"wp-block-image size-large\"><img loading=\"lazy\" decoding=\"async\" width=\"1024\" height=\"462\" data-id=\"11244\" src=\"https:\/\/przylep.edu.pl\/przedszkole\/wp-content\/uploads\/2025\/04\/abbb96a2-f139-41e0-8354-e7b90beb2d11-1024x462.jpg\" alt=\"\" class=\"wp-image-11244\" srcset=\"https:\/\/przylep.edu.pl\/przedszkole\/wp-content\/uploads\/2025\/04\/abbb96a2-f139-41e0-8354-e7b90beb2d11-1024x462.jpg 1024w, https:\/\/przylep.edu.pl\/przedszkole\/wp-content\/uploads\/2025\/04\/abbb96a2-f139-41e0-8354-e7b90beb2d11-300x135.jpg 300w, https:\/\/przylep.edu.pl\/przedszkole\/wp-content\/uploads\/2025\/04\/abbb96a2-f139-41e0-8354-e7b90beb2d11-768x346.jpg 768w, https:\/\/przylep.edu.pl\/przedszkole\/wp-content\/uploads\/2025\/04\/abbb96a2-f139-41e0-8354-e7b90beb2d11-1536x692.jpg 1536w, https:\/\/przylep.edu.pl\/przedszkole\/wp-content\/uploads\/2025\/04\/abbb96a2-f139-41e0-8354-e7b90beb2d11.jpg 2048w\" sizes=\"auto, (max-width: 1024px) 100vw, 1024px\" \/><\/figure>\n<\/figure>\n","protected":false},"excerpt":{"rendered":"<p>W pi\u0105tek 21 marca wszystkie dzieci z przedszkola \u015bwi\u0119towa\u0142y pierwszy dzie\u0144 wiosny. Uroczysto\u015bci rozpocz\u0119\u0142y si\u0119 od pochodu wiosennego, kt\u00f3ry jest Nasz\u0105 tradycj\u0105. Przy wiosennej muzyce, z kwiatami w r\u0119kach dzieci wita\u0142y wiosn\u0119. Kolejno by\u0142a gra terenowa, dzi\u0119ki kt\u00f3rej dzieci utrwali\u0142y sobie wiedz\u0119 dotycz\u0105c\u0105 zwiastun\u00f3w wiosny. Dzieci rozwi\u0105zywa\u0142y zagadki, uk\u0142ada\u0142y historyjki, a po ci\u0119\u017ckiej pracy przyszed\u0142 [&hellip;]<\/p>\n","protected":false},"author":2,"featured_media":11245,"comment_status":"closed","ping_status":"open","sticky":false,"template":"","format":"standard","meta":{"footnotes":""},"categories":[45,41,40],"tags":[],"class_list":["post-11238","post","type-post","status-publish","format-standard","has-post-thumbnail","hentry","category-aktualnosci","category-galerie","category-strona-glowna"],"_links":{"self":[{"href":"https:\/\/przylep.edu.pl\/przedszkole\/wp-json\/wp\/v2\/posts\/11238","targetHints":{"allow":["GET"]}}],"collection":[{"href":"https:\/\/przylep.edu.pl\/przedszkole\/wp-json\/wp\/v2\/posts"}],"about":[{"href":"https:\/\/przylep.edu.pl\/przedszkole\/wp-json\/wp\/v2\/types\/post"}],"author":[{"embeddable":true,"href":"https:\/\/przylep.edu.pl\/przedszkole\/wp-json\/wp\/v2\/users\/2"}],"replies":[{"embeddable":true,"href":"https:\/\/przylep.edu.pl\/przedszkole\/wp-json\/wp\/v2\/comments?post=11238"}],"version-history":[{"count":1,"href":"https:\/\/przylep.edu.pl\/przedszkole\/wp-json\/wp\/v2\/posts\/11238\/revisions"}],"predecessor-version":[{"id":11246,"href":"https:\/\/przylep.edu.pl\/przedszkole\/wp-json\/wp\/v2\/posts\/11238\/revisions\/11246"}],"wp:featuredmedia":[{"embeddable":true,"href":"https:\/\/przylep.edu.pl\/przedszkole\/wp-json\/wp\/v2\/media\/11245"}],"wp:attachment":[{"href":"https:\/\/przylep.edu.pl\/przedszkole\/wp-json\/wp\/v2\/media?parent=11238"}],"wp:term":[{"taxonomy":"category","embeddable":true,"href":"https:\/\/przylep.edu.pl\/przedszkole\/wp-json\/wp\/v2\/categories?post=11238"},{"taxonomy":"post_tag","embeddable":true,"href":"https:\/\/przylep.edu.pl\/przedszkole\/wp-json\/wp\/v2\/tags?post=11238"}],"curies":[{"name":"wp","href":"https:\/\/api.w.org\/{rel}","templated":true}]}}