{"id":11231,"date":"2025-03-09T17:58:56","date_gmt":"2025-03-09T16:58:56","guid":{"rendered":"https:\/\/przylep.edu.pl\/przedszkole\/?p=11231"},"modified":"2025-03-16T18:07:44","modified_gmt":"2025-03-16T17:07:44","slug":"dzien-kobiet-w-przedszkolu-3","status":"publish","type":"post","link":"https:\/\/przylep.edu.pl\/przedszkole\/2025\/03\/09\/dzien-kobiet-w-przedszkolu-3\/","title":{"rendered":"Dzie\u0144 Kobiet w Przedszkolu"},"content":{"rendered":"\n<p>Dzie\u0144 Kobiet w Przedszkolu to wyj\u0105tkowe \u015bwi\u0119to, podczas kt\u00f3rego ch\u0142opcy sk\u0142adali \u017cyczenia  swoim kole\u017cankom oraz Paniom pracuj\u0105cym w plac\u00f3wce. <\/p>\n\n\n\n<p>By\u0142 to radosny dzie\u0144, pe\u0142en u\u015bmiechu i \u017cyczliwo\u015bci, kt\u00f3ry uczy dzieci szacunku i doceniania bliskich os\u00f3b. <\/p>\n\n\n\n<figure class=\"wp-block-gallery has-nested-images columns-default is-cropped wp-block-gallery-1 is-layout-flex wp-block-gallery-is-layout-flex\">\n<figure class=\"wp-block-image size-large\"><img loading=\"lazy\" decoding=\"async\" width=\"768\" height=\"1024\" data-id=\"11232\" src=\"https:\/\/przylep.edu.pl\/przedszkole\/wp-content\/uploads\/2025\/03\/482051673_9339814936066771_1824071338064401950_n-768x1024.jpg\" alt=\"\" class=\"wp-image-11232\" srcset=\"https:\/\/przylep.edu.pl\/przedszkole\/wp-content\/uploads\/2025\/03\/482051673_9339814936066771_1824071338064401950_n-768x1024.jpg 768w, https:\/\/przylep.edu.pl\/przedszkole\/wp-content\/uploads\/2025\/03\/482051673_9339814936066771_1824071338064401950_n-225x300.jpg 225w, https:\/\/przylep.edu.pl\/przedszkole\/wp-content\/uploads\/2025\/03\/482051673_9339814936066771_1824071338064401950_n-1152x1536.jpg 1152w, https:\/\/przylep.edu.pl\/przedszkole\/wp-content\/uploads\/2025\/03\/482051673_9339814936066771_1824071338064401950_n.jpg 1536w\" sizes=\"auto, (max-width: 768px) 100vw, 768px\" \/><\/figure>\n\n\n\n<figure class=\"wp-block-image size-large\"><img loading=\"lazy\" decoding=\"async\" width=\"768\" height=\"1024\" data-id=\"11234\" src=\"https:\/\/przylep.edu.pl\/przedszkole\/wp-content\/uploads\/2025\/03\/482212787_9339817216066543_2924397323071514520_n-768x1024.jpg\" alt=\"\" class=\"wp-image-11234\" srcset=\"https:\/\/przylep.edu.pl\/przedszkole\/wp-content\/uploads\/2025\/03\/482212787_9339817216066543_2924397323071514520_n-768x1024.jpg 768w, https:\/\/przylep.edu.pl\/przedszkole\/wp-content\/uploads\/2025\/03\/482212787_9339817216066543_2924397323071514520_n-225x300.jpg 225w, https:\/\/przylep.edu.pl\/przedszkole\/wp-content\/uploads\/2025\/03\/482212787_9339817216066543_2924397323071514520_n-1152x1536.jpg 1152w, https:\/\/przylep.edu.pl\/przedszkole\/wp-content\/uploads\/2025\/03\/482212787_9339817216066543_2924397323071514520_n.jpg 1536w\" sizes=\"auto, (max-width: 768px) 100vw, 768px\" \/><\/figure>\n<\/figure>\n\n\n\n<figure class=\"wp-block-gallery has-nested-images columns-default is-cropped wp-block-gallery-2 is-layout-flex wp-block-gallery-is-layout-flex\">\n<figure class=\"wp-block-image size-large\"><img loading=\"lazy\" decoding=\"async\" width=\"1024\" height=\"768\" data-id=\"11235\" src=\"https:\/\/przylep.edu.pl\/przedszkole\/wp-content\/uploads\/2025\/03\/482215359_9340176042697327_1874618740144101448_n-1024x768.jpg\" alt=\"\" class=\"wp-image-11235\" srcset=\"https:\/\/przylep.edu.pl\/przedszkole\/wp-content\/uploads\/2025\/03\/482215359_9340176042697327_1874618740144101448_n-1024x768.jpg 1024w, https:\/\/przylep.edu.pl\/przedszkole\/wp-content\/uploads\/2025\/03\/482215359_9340176042697327_1874618740144101448_n-300x225.jpg 300w, https:\/\/przylep.edu.pl\/przedszkole\/wp-content\/uploads\/2025\/03\/482215359_9340176042697327_1874618740144101448_n-768x576.jpg 768w, https:\/\/przylep.edu.pl\/przedszkole\/wp-content\/uploads\/2025\/03\/482215359_9340176042697327_1874618740144101448_n-1536x1152.jpg 1536w, https:\/\/przylep.edu.pl\/przedszkole\/wp-content\/uploads\/2025\/03\/482215359_9340176042697327_1874618740144101448_n-600x450.jpg 600w, https:\/\/przylep.edu.pl\/przedszkole\/wp-content\/uploads\/2025\/03\/482215359_9340176042697327_1874618740144101448_n.jpg 2048w\" sizes=\"auto, (max-width: 1024px) 100vw, 1024px\" \/><\/figure>\n<\/figure>\n\n\n\n<figure class=\"wp-block-image size-large\"><img loading=\"lazy\" decoding=\"async\" width=\"1024\" height=\"768\" src=\"https:\/\/przylep.edu.pl\/przedszkole\/wp-content\/uploads\/2025\/03\/482302396_9339242606124004_2660030706369111317_n-1024x768.jpg\" alt=\"\" class=\"wp-image-11233\" srcset=\"https:\/\/przylep.edu.pl\/przedszkole\/wp-content\/uploads\/2025\/03\/482302396_9339242606124004_2660030706369111317_n-1024x768.jpg 1024w, https:\/\/przylep.edu.pl\/przedszkole\/wp-content\/uploads\/2025\/03\/482302396_9339242606124004_2660030706369111317_n-300x225.jpg 300w, https:\/\/przylep.edu.pl\/przedszkole\/wp-content\/uploads\/2025\/03\/482302396_9339242606124004_2660030706369111317_n-768x576.jpg 768w, https:\/\/przylep.edu.pl\/przedszkole\/wp-content\/uploads\/2025\/03\/482302396_9339242606124004_2660030706369111317_n-600x450.jpg 600w, https:\/\/przylep.edu.pl\/przedszkole\/wp-content\/uploads\/2025\/03\/482302396_9339242606124004_2660030706369111317_n.jpg 1027w\" sizes=\"auto, (max-width: 1024px) 100vw, 1024px\" \/><\/figure>\n","protected":false},"excerpt":{"rendered":"<p>Dzie\u0144 Kobiet w Przedszkolu to wyj\u0105tkowe \u015bwi\u0119to, podczas kt\u00f3rego ch\u0142opcy sk\u0142adali \u017cyczenia swoim kole\u017cankom oraz Paniom pracuj\u0105cym w plac\u00f3wce. By\u0142 to radosny dzie\u0144, pe\u0142en u\u015bmiechu i \u017cyczliwo\u015bci, kt\u00f3ry uczy dzieci szacunku i doceniania bliskich os\u00f3b.<\/p>\n","protected":false},"author":2,"featured_media":11236,"comment_status":"closed","ping_status":"open","sticky":false,"template":"","format":"standard","meta":{"footnotes":""},"categories":[45,41,40],"tags":[],"class_list":["post-11231","post","type-post","status-publish","format-standard","has-post-thumbnail","hentry","category-aktualnosci","category-galerie","category-strona-glowna"],"_links":{"self":[{"href":"https:\/\/przylep.edu.pl\/przedszkole\/wp-json\/wp\/v2\/posts\/11231","targetHints":{"allow":["GET"]}}],"collection":[{"href":"https:\/\/przylep.edu.pl\/przedszkole\/wp-json\/wp\/v2\/posts"}],"about":[{"href":"https:\/\/przylep.edu.pl\/przedszkole\/wp-json\/wp\/v2\/types\/post"}],"author":[{"embeddable":true,"href":"https:\/\/przylep.edu.pl\/przedszkole\/wp-json\/wp\/v2\/users\/2"}],"replies":[{"embeddable":true,"href":"https:\/\/przylep.edu.pl\/przedszkole\/wp-json\/wp\/v2\/comments?post=11231"}],"version-history":[{"count":1,"href":"https:\/\/przylep.edu.pl\/przedszkole\/wp-json\/wp\/v2\/posts\/11231\/revisions"}],"predecessor-version":[{"id":11237,"href":"https:\/\/przylep.edu.pl\/przedszkole\/wp-json\/wp\/v2\/posts\/11231\/revisions\/11237"}],"wp:featuredmedia":[{"embeddable":true,"href":"https:\/\/przylep.edu.pl\/przedszkole\/wp-json\/wp\/v2\/media\/11236"}],"wp:attachment":[{"href":"https:\/\/przylep.edu.pl\/przedszkole\/wp-json\/wp\/v2\/media?parent=11231"}],"wp:term":[{"taxonomy":"category","embeddable":true,"href":"https:\/\/przylep.edu.pl\/przedszkole\/wp-json\/wp\/v2\/categories?post=11231"},{"taxonomy":"post_tag","embeddable":true,"href":"https:\/\/przylep.edu.pl\/przedszkole\/wp-json\/wp\/v2\/tags?post=11231"}],"curies":[{"name":"wp","href":"https:\/\/api.w.org\/{rel}","templated":true}]}}