{"id":11221,"date":"2025-03-05T17:38:22","date_gmt":"2025-03-05T16:38:22","guid":{"rendered":"https:\/\/przylep.edu.pl\/przedszkole\/?p=11221"},"modified":"2025-03-16T17:54:50","modified_gmt":"2025-03-16T16:54:50","slug":"dzien-dentysty-w-przedszkolu","status":"publish","type":"post","link":"https:\/\/przylep.edu.pl\/przedszkole\/2025\/03\/05\/dzien-dentysty-w-przedszkolu\/","title":{"rendered":"Dzie\u0144 Dentysty w Przedszkolu"},"content":{"rendered":"\n<p>5 marca obchodzili\u015bmy Dzie\u0144 Dentysty. Nasze Przedszkolaki dowiedzia\u0142y si\u0119 jak prawid\u0142owo my\u0107 z\u0119by i dlaczego nale\u017cy robi\u0107 to regularnie, a tak\u017ce  jak wygl\u0105da wizyta u stomatologa. <\/p>\n\n\n\n<figure class=\"wp-block-gallery has-nested-images columns-default is-cropped wp-block-gallery-1 is-layout-flex wp-block-gallery-is-layout-flex\">\n<figure class=\"wp-block-image size-large\"><img loading=\"lazy\" decoding=\"async\" width=\"768\" height=\"1024\" data-id=\"11223\" src=\"https:\/\/przylep.edu.pl\/przedszkole\/wp-content\/uploads\/2025\/03\/3ad8d13c-296b-4f4f-ade7-230cdcfa0319-768x1024.jpg\" alt=\"\" class=\"wp-image-11223\" srcset=\"https:\/\/przylep.edu.pl\/przedszkole\/wp-content\/uploads\/2025\/03\/3ad8d13c-296b-4f4f-ade7-230cdcfa0319-768x1024.jpg 768w, https:\/\/przylep.edu.pl\/przedszkole\/wp-content\/uploads\/2025\/03\/3ad8d13c-296b-4f4f-ade7-230cdcfa0319-225x300.jpg 225w, https:\/\/przylep.edu.pl\/przedszkole\/wp-content\/uploads\/2025\/03\/3ad8d13c-296b-4f4f-ade7-230cdcfa0319-1152x1536.jpg 1152w, https:\/\/przylep.edu.pl\/przedszkole\/wp-content\/uploads\/2025\/03\/3ad8d13c-296b-4f4f-ade7-230cdcfa0319.jpg 1536w\" sizes=\"auto, (max-width: 768px) 100vw, 768px\" \/><\/figure>\n\n\n\n<figure class=\"wp-block-image size-large\"><img loading=\"lazy\" decoding=\"async\" width=\"462\" height=\"1024\" data-id=\"11222\" src=\"https:\/\/przylep.edu.pl\/przedszkole\/wp-content\/uploads\/2025\/03\/6cdf3e84-9f39-4eb6-ae62-98ddd129c55e-462x1024.jpg\" alt=\"\" class=\"wp-image-11222\" srcset=\"https:\/\/przylep.edu.pl\/przedszkole\/wp-content\/uploads\/2025\/03\/6cdf3e84-9f39-4eb6-ae62-98ddd129c55e-462x1024.jpg 462w, https:\/\/przylep.edu.pl\/przedszkole\/wp-content\/uploads\/2025\/03\/6cdf3e84-9f39-4eb6-ae62-98ddd129c55e-135x300.jpg 135w, https:\/\/przylep.edu.pl\/przedszkole\/wp-content\/uploads\/2025\/03\/6cdf3e84-9f39-4eb6-ae62-98ddd129c55e-768x1704.jpg 768w, https:\/\/przylep.edu.pl\/przedszkole\/wp-content\/uploads\/2025\/03\/6cdf3e84-9f39-4eb6-ae62-98ddd129c55e-692x1536.jpg 692w, https:\/\/przylep.edu.pl\/przedszkole\/wp-content\/uploads\/2025\/03\/6cdf3e84-9f39-4eb6-ae62-98ddd129c55e.jpg 923w\" sizes=\"auto, (max-width: 462px) 100vw, 462px\" \/><\/figure>\n<\/figure>\n\n\n\n<figure class=\"wp-block-gallery has-nested-images columns-default is-cropped wp-block-gallery-2 is-layout-flex wp-block-gallery-is-layout-flex\">\n<figure class=\"wp-block-image size-large\"><img loading=\"lazy\" decoding=\"async\" width=\"462\" height=\"1024\" data-id=\"11226\" src=\"https:\/\/przylep.edu.pl\/przedszkole\/wp-content\/uploads\/2025\/03\/9a0956d2-1def-4281-b4cb-856c9a952496-1-462x1024.jpg\" alt=\"\" class=\"wp-image-11226\" srcset=\"https:\/\/przylep.edu.pl\/przedszkole\/wp-content\/uploads\/2025\/03\/9a0956d2-1def-4281-b4cb-856c9a952496-1-462x1024.jpg 462w, https:\/\/przylep.edu.pl\/przedszkole\/wp-content\/uploads\/2025\/03\/9a0956d2-1def-4281-b4cb-856c9a952496-1-135x300.jpg 135w, https:\/\/przylep.edu.pl\/przedszkole\/wp-content\/uploads\/2025\/03\/9a0956d2-1def-4281-b4cb-856c9a952496-1-768x1704.jpg 768w, https:\/\/przylep.edu.pl\/przedszkole\/wp-content\/uploads\/2025\/03\/9a0956d2-1def-4281-b4cb-856c9a952496-1-692x1536.jpg 692w, https:\/\/przylep.edu.pl\/przedszkole\/wp-content\/uploads\/2025\/03\/9a0956d2-1def-4281-b4cb-856c9a952496-1.jpg 923w\" sizes=\"auto, (max-width: 462px) 100vw, 462px\" \/><\/figure>\n\n\n\n<figure class=\"wp-block-image size-large\"><img loading=\"lazy\" decoding=\"async\" width=\"768\" height=\"1024\" data-id=\"11227\" src=\"https:\/\/przylep.edu.pl\/przedszkole\/wp-content\/uploads\/2025\/03\/641cc1a0-cee1-46df-8b50-c54292fd994f-768x1024.jpg\" alt=\"\" class=\"wp-image-11227\" srcset=\"https:\/\/przylep.edu.pl\/przedszkole\/wp-content\/uploads\/2025\/03\/641cc1a0-cee1-46df-8b50-c54292fd994f-768x1024.jpg 768w, https:\/\/przylep.edu.pl\/przedszkole\/wp-content\/uploads\/2025\/03\/641cc1a0-cee1-46df-8b50-c54292fd994f-225x300.jpg 225w, https:\/\/przylep.edu.pl\/przedszkole\/wp-content\/uploads\/2025\/03\/641cc1a0-cee1-46df-8b50-c54292fd994f-1152x1536.jpg 1152w, https:\/\/przylep.edu.pl\/przedszkole\/wp-content\/uploads\/2025\/03\/641cc1a0-cee1-46df-8b50-c54292fd994f.jpg 1536w\" sizes=\"auto, (max-width: 768px) 100vw, 768px\" \/><\/figure>\n<\/figure>\n\n\n\n<figure class=\"wp-block-image size-large\"><img loading=\"lazy\" decoding=\"async\" width=\"1024\" height=\"461\" src=\"https:\/\/przylep.edu.pl\/przedszkole\/wp-content\/uploads\/2025\/03\/ecf32638-1ad2-4c35-9893-7e1489dd2c0a-1024x461.jpg\" alt=\"\" class=\"wp-image-11228\" srcset=\"https:\/\/przylep.edu.pl\/przedszkole\/wp-content\/uploads\/2025\/03\/ecf32638-1ad2-4c35-9893-7e1489dd2c0a-1024x461.jpg 1024w, https:\/\/przylep.edu.pl\/przedszkole\/wp-content\/uploads\/2025\/03\/ecf32638-1ad2-4c35-9893-7e1489dd2c0a-300x135.jpg 300w, https:\/\/przylep.edu.pl\/przedszkole\/wp-content\/uploads\/2025\/03\/ecf32638-1ad2-4c35-9893-7e1489dd2c0a-768x345.jpg 768w, https:\/\/przylep.edu.pl\/przedszkole\/wp-content\/uploads\/2025\/03\/ecf32638-1ad2-4c35-9893-7e1489dd2c0a-1536x691.jpg 1536w, https:\/\/przylep.edu.pl\/przedszkole\/wp-content\/uploads\/2025\/03\/ecf32638-1ad2-4c35-9893-7e1489dd2c0a.jpg 2048w\" sizes=\"auto, (max-width: 1024px) 100vw, 1024px\" \/><\/figure>\n","protected":false},"excerpt":{"rendered":"<p>5 marca obchodzili\u015bmy Dzie\u0144 Dentysty. Nasze Przedszkolaki dowiedzia\u0142y si\u0119 jak prawid\u0142owo my\u0107 z\u0119by i dlaczego nale\u017cy robi\u0107 to regularnie, a tak\u017ce jak wygl\u0105da wizyta u stomatologa.<\/p>\n","protected":false},"author":2,"featured_media":11229,"comment_status":"closed","ping_status":"open","sticky":false,"template":"","format":"standard","meta":{"footnotes":""},"categories":[45,41,40],"tags":[],"class_list":["post-11221","post","type-post","status-publish","format-standard","has-post-thumbnail","hentry","category-aktualnosci","category-galerie","category-strona-glowna"],"_links":{"self":[{"href":"https:\/\/przylep.edu.pl\/przedszkole\/wp-json\/wp\/v2\/posts\/11221","targetHints":{"allow":["GET"]}}],"collection":[{"href":"https:\/\/przylep.edu.pl\/przedszkole\/wp-json\/wp\/v2\/posts"}],"about":[{"href":"https:\/\/przylep.edu.pl\/przedszkole\/wp-json\/wp\/v2\/types\/post"}],"author":[{"embeddable":true,"href":"https:\/\/przylep.edu.pl\/przedszkole\/wp-json\/wp\/v2\/users\/2"}],"replies":[{"embeddable":true,"href":"https:\/\/przylep.edu.pl\/przedszkole\/wp-json\/wp\/v2\/comments?post=11221"}],"version-history":[{"count":1,"href":"https:\/\/przylep.edu.pl\/przedszkole\/wp-json\/wp\/v2\/posts\/11221\/revisions"}],"predecessor-version":[{"id":11230,"href":"https:\/\/przylep.edu.pl\/przedszkole\/wp-json\/wp\/v2\/posts\/11221\/revisions\/11230"}],"wp:featuredmedia":[{"embeddable":true,"href":"https:\/\/przylep.edu.pl\/przedszkole\/wp-json\/wp\/v2\/media\/11229"}],"wp:attachment":[{"href":"https:\/\/przylep.edu.pl\/przedszkole\/wp-json\/wp\/v2\/media?parent=11221"}],"wp:term":[{"taxonomy":"category","embeddable":true,"href":"https:\/\/przylep.edu.pl\/przedszkole\/wp-json\/wp\/v2\/categories?post=11221"},{"taxonomy":"post_tag","embeddable":true,"href":"https:\/\/przylep.edu.pl\/przedszkole\/wp-json\/wp\/v2\/tags?post=11221"}],"curies":[{"name":"wp","href":"https:\/\/api.w.org\/{rel}","templated":true}]}}