{"id":11202,"date":"2025-03-09T20:56:39","date_gmt":"2025-03-09T19:56:39","guid":{"rendered":"https:\/\/przylep.edu.pl\/przedszkole\/?p=11202"},"modified":"2025-03-09T20:56:40","modified_gmt":"2025-03-09T19:56:40","slug":"walentynkowy-dzien-pizzy","status":"publish","type":"post","link":"https:\/\/przylep.edu.pl\/przedszkole\/2025\/03\/09\/walentynkowy-dzien-pizzy\/","title":{"rendered":"Walentynkowy Dzie\u0144 Pizzy"},"content":{"rendered":"\n<p> Charakter tegorocznych Walentynek nawi\u0105zywa\u0142 do pras\u0142owia\u0144skiej etymologii s\u0142owa &#8222;mi\u0142o\u015b\u0107&#8221;, czyli &#8222;serdecznego, \u017cyczliwego stosunku do kogo\u015b&#8221;. Wychowankowie \u015bwi\u0119towali, a\u017c kilka dni, bo bycie mi\u0142ym w naszym przedszkolu jest warte celebracji. Zacz\u0119\u0142o si\u0119 od wsp\u00f3lnego wypiekania pizzy, gdy\u017c nie od dzi\u015b wiadomo, \u017ce &#8222;przez \u017co\u0142\u0105dek do serca&#8221; . Nie mog\u0142o zabrakn\u0105\u0107 te\u017c tradycyjnych wr\u00f3\u017cb i zabaw walentynkowych. Na zako\u0144czenie dzieci otrzyma\u0142y dowody sympatii w postaci kart walentynkowych. Nie jedno serce zabi\u0142o szybciej, bo cho\u0107 &#8222;mi\u0142o\u015b\u0107 sama w sobie jest nie do poj\u0119cia, ale to dzi\u0119ki mi\u0142o\u015bci mo\u017cemy poj\u0105\u0107 wszystko&#8221;.<\/p>\n\n\n\n<figure class=\"wp-block-gallery has-nested-images columns-default is-cropped wp-block-gallery-1 is-layout-flex wp-block-gallery-is-layout-flex\">\n<figure class=\"wp-block-image size-large\"><img loading=\"lazy\" decoding=\"async\" width=\"768\" height=\"1024\" data-id=\"11204\" src=\"https:\/\/przylep.edu.pl\/przedszkole\/wp-content\/uploads\/2025\/03\/0bc6b189-a08d-455d-bfb5-0db27f241a0a-768x1024.jpg\" alt=\"\" class=\"wp-image-11204\" srcset=\"https:\/\/przylep.edu.pl\/przedszkole\/wp-content\/uploads\/2025\/03\/0bc6b189-a08d-455d-bfb5-0db27f241a0a-768x1024.jpg 768w, https:\/\/przylep.edu.pl\/przedszkole\/wp-content\/uploads\/2025\/03\/0bc6b189-a08d-455d-bfb5-0db27f241a0a-225x300.jpg 225w, https:\/\/przylep.edu.pl\/przedszkole\/wp-content\/uploads\/2025\/03\/0bc6b189-a08d-455d-bfb5-0db27f241a0a-1152x1536.jpg 1152w, https:\/\/przylep.edu.pl\/przedszkole\/wp-content\/uploads\/2025\/03\/0bc6b189-a08d-455d-bfb5-0db27f241a0a.jpg 1200w\" sizes=\"auto, (max-width: 768px) 100vw, 768px\" \/><\/figure>\n\n\n\n<figure class=\"wp-block-image size-large\"><img loading=\"lazy\" decoding=\"async\" width=\"768\" height=\"1024\" data-id=\"11203\" src=\"https:\/\/przylep.edu.pl\/przedszkole\/wp-content\/uploads\/2025\/03\/1d58a641-5714-4ca1-a366-da43cb22aab3-768x1024.jpg\" alt=\"\" class=\"wp-image-11203\" srcset=\"https:\/\/przylep.edu.pl\/przedszkole\/wp-content\/uploads\/2025\/03\/1d58a641-5714-4ca1-a366-da43cb22aab3-768x1024.jpg 768w, https:\/\/przylep.edu.pl\/przedszkole\/wp-content\/uploads\/2025\/03\/1d58a641-5714-4ca1-a366-da43cb22aab3-225x300.jpg 225w, https:\/\/przylep.edu.pl\/przedszkole\/wp-content\/uploads\/2025\/03\/1d58a641-5714-4ca1-a366-da43cb22aab3-1152x1536.jpg 1152w, https:\/\/przylep.edu.pl\/przedszkole\/wp-content\/uploads\/2025\/03\/1d58a641-5714-4ca1-a366-da43cb22aab3.jpg 1200w\" sizes=\"auto, (max-width: 768px) 100vw, 768px\" \/><\/figure>\n<\/figure>\n\n\n\n<figure class=\"wp-block-image size-large\"><img loading=\"lazy\" decoding=\"async\" width=\"1024\" height=\"768\" src=\"https:\/\/przylep.edu.pl\/przedszkole\/wp-content\/uploads\/2025\/03\/2d9e6914-127c-45d2-bbbb-b970e6032d14-1024x768.jpg\" alt=\"\" class=\"wp-image-11205\" srcset=\"https:\/\/przylep.edu.pl\/przedszkole\/wp-content\/uploads\/2025\/03\/2d9e6914-127c-45d2-bbbb-b970e6032d14-1024x768.jpg 1024w, https:\/\/przylep.edu.pl\/przedszkole\/wp-content\/uploads\/2025\/03\/2d9e6914-127c-45d2-bbbb-b970e6032d14-300x225.jpg 300w, https:\/\/przylep.edu.pl\/przedszkole\/wp-content\/uploads\/2025\/03\/2d9e6914-127c-45d2-bbbb-b970e6032d14-768x576.jpg 768w, https:\/\/przylep.edu.pl\/przedszkole\/wp-content\/uploads\/2025\/03\/2d9e6914-127c-45d2-bbbb-b970e6032d14-1536x1152.jpg 1536w, https:\/\/przylep.edu.pl\/przedszkole\/wp-content\/uploads\/2025\/03\/2d9e6914-127c-45d2-bbbb-b970e6032d14-600x450.jpg 600w, https:\/\/przylep.edu.pl\/przedszkole\/wp-content\/uploads\/2025\/03\/2d9e6914-127c-45d2-bbbb-b970e6032d14.jpg 2048w\" sizes=\"auto, (max-width: 1024px) 100vw, 1024px\" \/><\/figure>\n\n\n\n<figure class=\"wp-block-gallery has-nested-images columns-default is-cropped wp-block-gallery-2 is-layout-flex wp-block-gallery-is-layout-flex\">\n<figure class=\"wp-block-image size-large\"><img loading=\"lazy\" decoding=\"async\" width=\"766\" height=\"1024\" data-id=\"11206\" src=\"https:\/\/przylep.edu.pl\/przedszkole\/wp-content\/uploads\/2025\/03\/86f29082-8193-4fc9-8dd4-21710f959f53-766x1024.jpg\" alt=\"\" class=\"wp-image-11206\" srcset=\"https:\/\/przylep.edu.pl\/przedszkole\/wp-content\/uploads\/2025\/03\/86f29082-8193-4fc9-8dd4-21710f959f53-766x1024.jpg 766w, https:\/\/przylep.edu.pl\/przedszkole\/wp-content\/uploads\/2025\/03\/86f29082-8193-4fc9-8dd4-21710f959f53-224x300.jpg 224w, https:\/\/przylep.edu.pl\/przedszkole\/wp-content\/uploads\/2025\/03\/86f29082-8193-4fc9-8dd4-21710f959f53-768x1027.jpg 768w, https:\/\/przylep.edu.pl\/przedszkole\/wp-content\/uploads\/2025\/03\/86f29082-8193-4fc9-8dd4-21710f959f53-1148x1536.jpg 1148w, https:\/\/przylep.edu.pl\/przedszkole\/wp-content\/uploads\/2025\/03\/86f29082-8193-4fc9-8dd4-21710f959f53.jpg 1531w\" sizes=\"auto, (max-width: 766px) 100vw, 766px\" \/><\/figure>\n\n\n\n<figure class=\"wp-block-image size-large\"><img loading=\"lazy\" decoding=\"async\" width=\"768\" height=\"1024\" data-id=\"11207\" src=\"https:\/\/przylep.edu.pl\/przedszkole\/wp-content\/uploads\/2025\/03\/479915922_2398690987148379_2955773780300697124_n-768x1024.jpg\" alt=\"\" class=\"wp-image-11207\" srcset=\"https:\/\/przylep.edu.pl\/przedszkole\/wp-content\/uploads\/2025\/03\/479915922_2398690987148379_2955773780300697124_n-768x1024.jpg 768w, https:\/\/przylep.edu.pl\/przedszkole\/wp-content\/uploads\/2025\/03\/479915922_2398690987148379_2955773780300697124_n-225x300.jpg 225w, https:\/\/przylep.edu.pl\/przedszkole\/wp-content\/uploads\/2025\/03\/479915922_2398690987148379_2955773780300697124_n-1152x1536.jpg 1152w, https:\/\/przylep.edu.pl\/przedszkole\/wp-content\/uploads\/2025\/03\/479915922_2398690987148379_2955773780300697124_n.jpg 1536w\" sizes=\"auto, (max-width: 768px) 100vw, 768px\" \/><\/figure>\n<\/figure>\n\n\n\n<figure class=\"wp-block-image size-large\"><img loading=\"lazy\" decoding=\"async\" width=\"1024\" height=\"768\" src=\"https:\/\/przylep.edu.pl\/przedszkole\/wp-content\/uploads\/2025\/03\/480048028_2398691023815042_6199638929770827454_n-1024x768.jpg\" alt=\"\" class=\"wp-image-11208\" srcset=\"https:\/\/przylep.edu.pl\/przedszkole\/wp-content\/uploads\/2025\/03\/480048028_2398691023815042_6199638929770827454_n-1024x768.jpg 1024w, https:\/\/przylep.edu.pl\/przedszkole\/wp-content\/uploads\/2025\/03\/480048028_2398691023815042_6199638929770827454_n-300x225.jpg 300w, https:\/\/przylep.edu.pl\/przedszkole\/wp-content\/uploads\/2025\/03\/480048028_2398691023815042_6199638929770827454_n-768x576.jpg 768w, https:\/\/przylep.edu.pl\/przedszkole\/wp-content\/uploads\/2025\/03\/480048028_2398691023815042_6199638929770827454_n-1536x1152.jpg 1536w, https:\/\/przylep.edu.pl\/przedszkole\/wp-content\/uploads\/2025\/03\/480048028_2398691023815042_6199638929770827454_n-600x450.jpg 600w, https:\/\/przylep.edu.pl\/przedszkole\/wp-content\/uploads\/2025\/03\/480048028_2398691023815042_6199638929770827454_n.jpg 2048w\" sizes=\"auto, (max-width: 1024px) 100vw, 1024px\" \/><\/figure>\n\n\n\n<figure class=\"wp-block-gallery has-nested-images columns-default is-cropped wp-block-gallery-3 is-layout-flex wp-block-gallery-is-layout-flex\">\n<figure class=\"wp-block-image size-large\"><img loading=\"lazy\" decoding=\"async\" width=\"768\" height=\"1024\" data-id=\"11210\" src=\"https:\/\/przylep.edu.pl\/przedszkole\/wp-content\/uploads\/2025\/03\/480118697_9218138218234444_185815256814252873_n-768x1024.jpg\" alt=\"\" class=\"wp-image-11210\" srcset=\"https:\/\/przylep.edu.pl\/przedszkole\/wp-content\/uploads\/2025\/03\/480118697_9218138218234444_185815256814252873_n-768x1024.jpg 768w, https:\/\/przylep.edu.pl\/przedszkole\/wp-content\/uploads\/2025\/03\/480118697_9218138218234444_185815256814252873_n-225x300.jpg 225w, https:\/\/przylep.edu.pl\/przedszkole\/wp-content\/uploads\/2025\/03\/480118697_9218138218234444_185815256814252873_n-1152x1536.jpg 1152w, https:\/\/przylep.edu.pl\/przedszkole\/wp-content\/uploads\/2025\/03\/480118697_9218138218234444_185815256814252873_n.jpg 1200w\" sizes=\"auto, (max-width: 768px) 100vw, 768px\" \/><\/figure>\n\n\n\n<figure class=\"wp-block-image size-large\"><img loading=\"lazy\" decoding=\"async\" width=\"450\" height=\"600\" data-id=\"11209\" src=\"https:\/\/przylep.edu.pl\/przedszkole\/wp-content\/uploads\/2025\/03\/480446146_9218145078233758_7055778425872455448_n.jpg\" alt=\"\" class=\"wp-image-11209\" srcset=\"https:\/\/przylep.edu.pl\/przedszkole\/wp-content\/uploads\/2025\/03\/480446146_9218145078233758_7055778425872455448_n.jpg 450w, https:\/\/przylep.edu.pl\/przedszkole\/wp-content\/uploads\/2025\/03\/480446146_9218145078233758_7055778425872455448_n-225x300.jpg 225w\" sizes=\"auto, (max-width: 450px) 100vw, 450px\" \/><\/figure>\n<\/figure>\n\n\n\n<figure class=\"wp-block-image size-large\"><img loading=\"lazy\" decoding=\"async\" width=\"1024\" height=\"768\" src=\"https:\/\/przylep.edu.pl\/przedszkole\/wp-content\/uploads\/2025\/03\/f3a074b3-824c-4310-9354-756be76caeb5-1024x768.jpg\" alt=\"\" class=\"wp-image-11211\" srcset=\"https:\/\/przylep.edu.pl\/przedszkole\/wp-content\/uploads\/2025\/03\/f3a074b3-824c-4310-9354-756be76caeb5-1024x768.jpg 1024w, https:\/\/przylep.edu.pl\/przedszkole\/wp-content\/uploads\/2025\/03\/f3a074b3-824c-4310-9354-756be76caeb5-300x225.jpg 300w, https:\/\/przylep.edu.pl\/przedszkole\/wp-content\/uploads\/2025\/03\/f3a074b3-824c-4310-9354-756be76caeb5-768x576.jpg 768w, https:\/\/przylep.edu.pl\/przedszkole\/wp-content\/uploads\/2025\/03\/f3a074b3-824c-4310-9354-756be76caeb5-1536x1152.jpg 1536w, https:\/\/przylep.edu.pl\/przedszkole\/wp-content\/uploads\/2025\/03\/f3a074b3-824c-4310-9354-756be76caeb5-600x450.jpg 600w, https:\/\/przylep.edu.pl\/przedszkole\/wp-content\/uploads\/2025\/03\/f3a074b3-824c-4310-9354-756be76caeb5.jpg 2048w\" sizes=\"auto, (max-width: 1024px) 100vw, 1024px\" \/><\/figure>\n","protected":false},"excerpt":{"rendered":"<p>Charakter tegorocznych Walentynek nawi\u0105zywa\u0142 do pras\u0142owia\u0144skiej etymologii s\u0142owa &#8222;mi\u0142o\u015b\u0107&#8221;, czyli &#8222;serdecznego, \u017cyczliwego stosunku do kogo\u015b&#8221;. Wychowankowie \u015bwi\u0119towali, a\u017c kilka dni, bo bycie mi\u0142ym w naszym przedszkolu jest warte celebracji. Zacz\u0119\u0142o si\u0119 od wsp\u00f3lnego wypiekania pizzy, gdy\u017c nie od dzi\u015b wiadomo, \u017ce &#8222;przez \u017co\u0142\u0105dek do serca&#8221; . Nie mog\u0142o zabrakn\u0105\u0107 te\u017c tradycyjnych wr\u00f3\u017cb i zabaw walentynkowych. [&hellip;]<\/p>\n","protected":false},"author":2,"featured_media":11212,"comment_status":"closed","ping_status":"open","sticky":false,"template":"","format":"standard","meta":{"footnotes":""},"categories":[45,41,40],"tags":[],"class_list":["post-11202","post","type-post","status-publish","format-standard","has-post-thumbnail","hentry","category-aktualnosci","category-galerie","category-strona-glowna"],"_links":{"self":[{"href":"https:\/\/przylep.edu.pl\/przedszkole\/wp-json\/wp\/v2\/posts\/11202","targetHints":{"allow":["GET"]}}],"collection":[{"href":"https:\/\/przylep.edu.pl\/przedszkole\/wp-json\/wp\/v2\/posts"}],"about":[{"href":"https:\/\/przylep.edu.pl\/przedszkole\/wp-json\/wp\/v2\/types\/post"}],"author":[{"embeddable":true,"href":"https:\/\/przylep.edu.pl\/przedszkole\/wp-json\/wp\/v2\/users\/2"}],"replies":[{"embeddable":true,"href":"https:\/\/przylep.edu.pl\/przedszkole\/wp-json\/wp\/v2\/comments?post=11202"}],"version-history":[{"count":1,"href":"https:\/\/przylep.edu.pl\/przedszkole\/wp-json\/wp\/v2\/posts\/11202\/revisions"}],"predecessor-version":[{"id":11213,"href":"https:\/\/przylep.edu.pl\/przedszkole\/wp-json\/wp\/v2\/posts\/11202\/revisions\/11213"}],"wp:featuredmedia":[{"embeddable":true,"href":"https:\/\/przylep.edu.pl\/przedszkole\/wp-json\/wp\/v2\/media\/11212"}],"wp:attachment":[{"href":"https:\/\/przylep.edu.pl\/przedszkole\/wp-json\/wp\/v2\/media?parent=11202"}],"wp:term":[{"taxonomy":"category","embeddable":true,"href":"https:\/\/przylep.edu.pl\/przedszkole\/wp-json\/wp\/v2\/categories?post=11202"},{"taxonomy":"post_tag","embeddable":true,"href":"https:\/\/przylep.edu.pl\/przedszkole\/wp-json\/wp\/v2\/tags?post=11202"}],"curies":[{"name":"wp","href":"https:\/\/api.w.org\/{rel}","templated":true}]}}