{"id":10975,"date":"2024-10-04T19:39:20","date_gmt":"2024-10-04T17:39:20","guid":{"rendered":"https:\/\/przylep.edu.pl\/przedszkole\/?p=10975"},"modified":"2024-11-17T19:43:19","modified_gmt":"2024-11-17T18:43:19","slug":"warsztaty-kiszenia-kapusty","status":"publish","type":"post","link":"https:\/\/przylep.edu.pl\/przedszkole\/2024\/10\/04\/warsztaty-kiszenia-kapusty\/","title":{"rendered":"Warsztaty kiszenia kapusty"},"content":{"rendered":"\n<p>Dnia 2 X 2024r. klasa III b bra\u0142a udzia\u0142 w warsztatach robienia kiszonek &nbsp;&nbsp;&nbsp;&nbsp;&nbsp;&nbsp;&nbsp;&nbsp;&nbsp;&nbsp;&nbsp;&nbsp;&nbsp;&nbsp;w gospodarstwie agroturystycznym \u201eLeszczynowy Sad\u201d w B\u0119dargowie. Na pocz\u0105tku spotkania Panie prowadz\u0105ce warsztaty opowiedzia\u0142y dzieciom o tym, co mo\u017cna kisi\u0107 i w jaki spos\u00f3b kiedy\u015b kiszono warzywa. Nast\u0119pnie dzieci przyst\u0105pi\u0142y do szatkowania kapusty, by potem w s\u0142oikach ubija\u0107 j\u0105 t\u0142uczkiem. Po warsztatach odby\u0142o si\u0119 ognisko z pieczeniem kie\u0142basek. Na koniec pobytu ka\u017cde dziecko otrzyma\u0142o s\u0142oik ze zrobion\u0105 kapust\u0105 do domu.<\/p>\n\n\n\n<figure class=\"wp-block-gallery has-nested-images columns-default is-cropped wp-block-gallery-1 is-layout-flex wp-block-gallery-is-layout-flex\">\n<figure class=\"wp-block-image size-large\"><img loading=\"lazy\" decoding=\"async\" width=\"461\" height=\"1024\" data-id=\"10980\" src=\"https:\/\/przylep.edu.pl\/przedszkole\/wp-content\/uploads\/2024\/11\/20241002_102357-461x1024.jpg\" alt=\"\" class=\"wp-image-10980\" srcset=\"https:\/\/przylep.edu.pl\/przedszkole\/wp-content\/uploads\/2024\/11\/20241002_102357-461x1024.jpg 461w, https:\/\/przylep.edu.pl\/przedszkole\/wp-content\/uploads\/2024\/11\/20241002_102357-135x300.jpg 135w, https:\/\/przylep.edu.pl\/przedszkole\/wp-content\/uploads\/2024\/11\/20241002_102357-768x1707.jpg 768w, https:\/\/przylep.edu.pl\/przedszkole\/wp-content\/uploads\/2024\/11\/20241002_102357-691x1536.jpg 691w, https:\/\/przylep.edu.pl\/przedszkole\/wp-content\/uploads\/2024\/11\/20241002_102357-922x2048.jpg 922w, https:\/\/przylep.edu.pl\/przedszkole\/wp-content\/uploads\/2024\/11\/20241002_102357-scaled.jpg 1152w\" sizes=\"auto, (max-width: 461px) 100vw, 461px\" \/><\/figure>\n\n\n\n<figure class=\"wp-block-image size-large\"><img loading=\"lazy\" decoding=\"async\" width=\"461\" height=\"1024\" data-id=\"10976\" src=\"https:\/\/przylep.edu.pl\/przedszkole\/wp-content\/uploads\/2024\/11\/20241002_102513-461x1024.jpg\" alt=\"\" class=\"wp-image-10976\" srcset=\"https:\/\/przylep.edu.pl\/przedszkole\/wp-content\/uploads\/2024\/11\/20241002_102513-461x1024.jpg 461w, https:\/\/przylep.edu.pl\/przedszkole\/wp-content\/uploads\/2024\/11\/20241002_102513-135x300.jpg 135w, https:\/\/przylep.edu.pl\/przedszkole\/wp-content\/uploads\/2024\/11\/20241002_102513-768x1707.jpg 768w, https:\/\/przylep.edu.pl\/przedszkole\/wp-content\/uploads\/2024\/11\/20241002_102513-691x1536.jpg 691w, https:\/\/przylep.edu.pl\/przedszkole\/wp-content\/uploads\/2024\/11\/20241002_102513-922x2048.jpg 922w, https:\/\/przylep.edu.pl\/przedszkole\/wp-content\/uploads\/2024\/11\/20241002_102513-scaled.jpg 1152w\" sizes=\"auto, (max-width: 461px) 100vw, 461px\" \/><\/figure>\n\n\n\n<figure class=\"wp-block-image size-large\"><img loading=\"lazy\" decoding=\"async\" width=\"1024\" height=\"461\" data-id=\"10978\" src=\"https:\/\/przylep.edu.pl\/przedszkole\/wp-content\/uploads\/2024\/11\/20241002_103049-1024x461.jpg\" alt=\"\" class=\"wp-image-10978\" srcset=\"https:\/\/przylep.edu.pl\/przedszkole\/wp-content\/uploads\/2024\/11\/20241002_103049-1024x461.jpg 1024w, https:\/\/przylep.edu.pl\/przedszkole\/wp-content\/uploads\/2024\/11\/20241002_103049-300x135.jpg 300w, https:\/\/przylep.edu.pl\/przedszkole\/wp-content\/uploads\/2024\/11\/20241002_103049-768x346.jpg 768w, https:\/\/przylep.edu.pl\/przedszkole\/wp-content\/uploads\/2024\/11\/20241002_103049-1536x691.jpg 1536w, https:\/\/przylep.edu.pl\/przedszkole\/wp-content\/uploads\/2024\/11\/20241002_103049-2048x922.jpg 2048w\" sizes=\"auto, (max-width: 1024px) 100vw, 1024px\" \/><\/figure>\n\n\n\n<figure class=\"wp-block-image size-large\"><img loading=\"lazy\" decoding=\"async\" width=\"1024\" height=\"461\" data-id=\"10977\" src=\"https:\/\/przylep.edu.pl\/przedszkole\/wp-content\/uploads\/2024\/11\/20241002_103458-1024x461.jpg\" alt=\"\" class=\"wp-image-10977\" srcset=\"https:\/\/przylep.edu.pl\/przedszkole\/wp-content\/uploads\/2024\/11\/20241002_103458-1024x461.jpg 1024w, https:\/\/przylep.edu.pl\/przedszkole\/wp-content\/uploads\/2024\/11\/20241002_103458-300x135.jpg 300w, https:\/\/przylep.edu.pl\/przedszkole\/wp-content\/uploads\/2024\/11\/20241002_103458-768x346.jpg 768w, https:\/\/przylep.edu.pl\/przedszkole\/wp-content\/uploads\/2024\/11\/20241002_103458-1536x691.jpg 1536w, https:\/\/przylep.edu.pl\/przedszkole\/wp-content\/uploads\/2024\/11\/20241002_103458-2048x922.jpg 2048w\" sizes=\"auto, (max-width: 1024px) 100vw, 1024px\" \/><\/figure>\n\n\n\n<figure class=\"wp-block-image size-large\"><img loading=\"lazy\" decoding=\"async\" width=\"461\" height=\"1024\" data-id=\"10981\" src=\"https:\/\/przylep.edu.pl\/przedszkole\/wp-content\/uploads\/2024\/11\/20241002_104322-461x1024.jpg\" alt=\"\" class=\"wp-image-10981\" srcset=\"https:\/\/przylep.edu.pl\/przedszkole\/wp-content\/uploads\/2024\/11\/20241002_104322-461x1024.jpg 461w, https:\/\/przylep.edu.pl\/przedszkole\/wp-content\/uploads\/2024\/11\/20241002_104322-135x300.jpg 135w, https:\/\/przylep.edu.pl\/przedszkole\/wp-content\/uploads\/2024\/11\/20241002_104322-768x1707.jpg 768w, https:\/\/przylep.edu.pl\/przedszkole\/wp-content\/uploads\/2024\/11\/20241002_104322-691x1536.jpg 691w, https:\/\/przylep.edu.pl\/przedszkole\/wp-content\/uploads\/2024\/11\/20241002_104322-922x2048.jpg 922w, https:\/\/przylep.edu.pl\/przedszkole\/wp-content\/uploads\/2024\/11\/20241002_104322-scaled.jpg 1152w\" sizes=\"auto, (max-width: 461px) 100vw, 461px\" \/><\/figure>\n\n\n\n<figure class=\"wp-block-image size-large\"><img loading=\"lazy\" decoding=\"async\" width=\"461\" height=\"1024\" data-id=\"10979\" src=\"https:\/\/przylep.edu.pl\/przedszkole\/wp-content\/uploads\/2024\/11\/20241002_104433-461x1024.jpg\" alt=\"\" class=\"wp-image-10979\" srcset=\"https:\/\/przylep.edu.pl\/przedszkole\/wp-content\/uploads\/2024\/11\/20241002_104433-461x1024.jpg 461w, https:\/\/przylep.edu.pl\/przedszkole\/wp-content\/uploads\/2024\/11\/20241002_104433-135x300.jpg 135w, https:\/\/przylep.edu.pl\/przedszkole\/wp-content\/uploads\/2024\/11\/20241002_104433-768x1707.jpg 768w, https:\/\/przylep.edu.pl\/przedszkole\/wp-content\/uploads\/2024\/11\/20241002_104433-691x1536.jpg 691w, https:\/\/przylep.edu.pl\/przedszkole\/wp-content\/uploads\/2024\/11\/20241002_104433-922x2048.jpg 922w, https:\/\/przylep.edu.pl\/przedszkole\/wp-content\/uploads\/2024\/11\/20241002_104433-scaled.jpg 1152w\" sizes=\"auto, (max-width: 461px) 100vw, 461px\" \/><\/figure>\n\n\n\n<figure class=\"wp-block-image size-large\"><img loading=\"lazy\" decoding=\"async\" width=\"1024\" height=\"461\" data-id=\"10982\" src=\"https:\/\/przylep.edu.pl\/przedszkole\/wp-content\/uploads\/2024\/11\/20241002_113602-1024x461.jpg\" alt=\"\" class=\"wp-image-10982\" srcset=\"https:\/\/przylep.edu.pl\/przedszkole\/wp-content\/uploads\/2024\/11\/20241002_113602-1024x461.jpg 1024w, https:\/\/przylep.edu.pl\/przedszkole\/wp-content\/uploads\/2024\/11\/20241002_113602-300x135.jpg 300w, https:\/\/przylep.edu.pl\/przedszkole\/wp-content\/uploads\/2024\/11\/20241002_113602-768x346.jpg 768w, https:\/\/przylep.edu.pl\/przedszkole\/wp-content\/uploads\/2024\/11\/20241002_113602-1536x691.jpg 1536w, https:\/\/przylep.edu.pl\/przedszkole\/wp-content\/uploads\/2024\/11\/20241002_113602-2048x922.jpg 2048w\" sizes=\"auto, (max-width: 1024px) 100vw, 1024px\" \/><\/figure>\n<\/figure>\n","protected":false},"excerpt":{"rendered":"<p>Dnia 2 X 2024r. klasa III b bra\u0142a udzia\u0142 w warsztatach robienia kiszonek &nbsp;&nbsp;&nbsp;&nbsp;&nbsp;&nbsp;&nbsp;&nbsp;&nbsp;&nbsp;&nbsp;&nbsp;&nbsp;&nbsp;w gospodarstwie agroturystycznym \u201eLeszczynowy Sad\u201d w B\u0119dargowie. Na pocz\u0105tku spotkania Panie prowadz\u0105ce warsztaty opowiedzia\u0142y dzieciom o tym, co mo\u017cna kisi\u0107 i w jaki spos\u00f3b kiedy\u015b kiszono warzywa. Nast\u0119pnie dzieci przyst\u0105pi\u0142y do szatkowania kapusty, by potem w s\u0142oikach ubija\u0107 j\u0105 t\u0142uczkiem. Po warsztatach [&hellip;]<\/p>\n","protected":false},"author":2,"featured_media":10983,"comment_status":"closed","ping_status":"open","sticky":false,"template":"","format":"standard","meta":{"footnotes":""},"categories":[45,41,40],"tags":[],"class_list":["post-10975","post","type-post","status-publish","format-standard","has-post-thumbnail","hentry","category-aktualnosci","category-galerie","category-strona-glowna"],"_links":{"self":[{"href":"https:\/\/przylep.edu.pl\/przedszkole\/wp-json\/wp\/v2\/posts\/10975","targetHints":{"allow":["GET"]}}],"collection":[{"href":"https:\/\/przylep.edu.pl\/przedszkole\/wp-json\/wp\/v2\/posts"}],"about":[{"href":"https:\/\/przylep.edu.pl\/przedszkole\/wp-json\/wp\/v2\/types\/post"}],"author":[{"embeddable":true,"href":"https:\/\/przylep.edu.pl\/przedszkole\/wp-json\/wp\/v2\/users\/2"}],"replies":[{"embeddable":true,"href":"https:\/\/przylep.edu.pl\/przedszkole\/wp-json\/wp\/v2\/comments?post=10975"}],"version-history":[{"count":1,"href":"https:\/\/przylep.edu.pl\/przedszkole\/wp-json\/wp\/v2\/posts\/10975\/revisions"}],"predecessor-version":[{"id":10984,"href":"https:\/\/przylep.edu.pl\/przedszkole\/wp-json\/wp\/v2\/posts\/10975\/revisions\/10984"}],"wp:featuredmedia":[{"embeddable":true,"href":"https:\/\/przylep.edu.pl\/przedszkole\/wp-json\/wp\/v2\/media\/10983"}],"wp:attachment":[{"href":"https:\/\/przylep.edu.pl\/przedszkole\/wp-json\/wp\/v2\/media?parent=10975"}],"wp:term":[{"taxonomy":"category","embeddable":true,"href":"https:\/\/przylep.edu.pl\/przedszkole\/wp-json\/wp\/v2\/categories?post=10975"},{"taxonomy":"post_tag","embeddable":true,"href":"https:\/\/przylep.edu.pl\/przedszkole\/wp-json\/wp\/v2\/tags?post=10975"}],"curies":[{"name":"wp","href":"https:\/\/api.w.org\/{rel}","templated":true}]}}