{"id":10882,"date":"2024-10-01T21:25:52","date_gmt":"2024-10-01T19:25:52","guid":{"rendered":"https:\/\/przylep.edu.pl\/przedszkole\/?p=10882"},"modified":"2024-10-27T21:26:40","modified_gmt":"2024-10-27T20:26:40","slug":"dzien-kropki-3","status":"publish","type":"post","link":"https:\/\/przylep.edu.pl\/przedszkole\/2024\/10\/01\/dzien-kropki-3\/","title":{"rendered":"Dzie\u0144 kropki"},"content":{"rendered":"\n<p>Dzie\u0144 Kropki w klasie 1a Ka\u017cdy cz\u0142owiek, du\u017cy i ma\u0142y, ma jaki\u015b talent. Musi tylko go w sobie odnale\u017a\u0107. Dzie\u0144 Kropki rozpocz\u0119li\u015bmy od zapoznania si\u0119 z opowiadaniem P. Reynolds&#8217;a o dziewczynce Vashti, kt\u00f3rej nauczycielka pomog\u0142a uwierzy\u0107 w siebie. Po dyskusji na temat bohaterki i symbolu kropki, przeszli\u015bmy do odkrywania naszych talent\u00f3w, kt\u00f3re zawis\u0142y na klasowym drzewie. Nast\u0119pnie dzieci zagra\u0142y w gr\u0119 &#8222;Wyturlaj emocje&#8221;. Uczniowie sami rysowali r\u00f3\u017cne rodzaje nosk\u00f3w czy ust, uczy\u0142y si\u0119 odczytywania z tabeli prostych schemat\u00f3w. Tego dnia kropki kr\u00f3lowa\u0142y r\u00f3wnie\u017c w zaj\u0119ciach matematycznych, gdzie tworzyli\u015bmy zbiory, przeliczali\u015bmy i tworzyli\u015bmy proste zadania matematyczne. Kulminacyjnym punktem dnia by\u0142o tworzenie kropkowych koszulek, kt\u00f3re b\u0119d\u0105 ewaluowa\u0142y wraz z kolejnymi dniami kropki w nast\u0119pnych klasach. Na koniec&#8230; poznali\u015bmy pisowni\u0119 litery &#8222;O&#8221;.<\/p>\n\n\n\n<figure class=\"wp-block-gallery has-nested-images columns-default is-cropped wp-block-gallery-1 is-layout-flex wp-block-gallery-is-layout-flex\">\n<figure class=\"wp-block-image size-large\"><img loading=\"lazy\" decoding=\"async\" width=\"1024\" height=\"768\" data-id=\"10883\" src=\"https:\/\/przylep.edu.pl\/przedszkole\/wp-content\/uploads\/2024\/10\/2f8106d4-aeea-49f4-ba45-8008ec57d39d-1024x768.jpg\" alt=\"\" class=\"wp-image-10883\" srcset=\"https:\/\/przylep.edu.pl\/przedszkole\/wp-content\/uploads\/2024\/10\/2f8106d4-aeea-49f4-ba45-8008ec57d39d-1024x768.jpg 1024w, https:\/\/przylep.edu.pl\/przedszkole\/wp-content\/uploads\/2024\/10\/2f8106d4-aeea-49f4-ba45-8008ec57d39d-300x225.jpg 300w, https:\/\/przylep.edu.pl\/przedszkole\/wp-content\/uploads\/2024\/10\/2f8106d4-aeea-49f4-ba45-8008ec57d39d-768x576.jpg 768w, https:\/\/przylep.edu.pl\/przedszkole\/wp-content\/uploads\/2024\/10\/2f8106d4-aeea-49f4-ba45-8008ec57d39d-1536x1152.jpg 1536w, https:\/\/przylep.edu.pl\/przedszkole\/wp-content\/uploads\/2024\/10\/2f8106d4-aeea-49f4-ba45-8008ec57d39d-600x450.jpg 600w, https:\/\/przylep.edu.pl\/przedszkole\/wp-content\/uploads\/2024\/10\/2f8106d4-aeea-49f4-ba45-8008ec57d39d.jpg 2048w\" sizes=\"auto, (max-width: 1024px) 100vw, 1024px\" \/><\/figure>\n\n\n\n<figure class=\"wp-block-image size-large\"><img loading=\"lazy\" decoding=\"async\" width=\"768\" height=\"1024\" data-id=\"10887\" src=\"https:\/\/przylep.edu.pl\/przedszkole\/wp-content\/uploads\/2024\/10\/3a3d1c7f-9627-463c-a0cb-0f5ba8b216a2-768x1024.jpg\" alt=\"\" class=\"wp-image-10887\" srcset=\"https:\/\/przylep.edu.pl\/przedszkole\/wp-content\/uploads\/2024\/10\/3a3d1c7f-9627-463c-a0cb-0f5ba8b216a2-768x1024.jpg 768w, https:\/\/przylep.edu.pl\/przedszkole\/wp-content\/uploads\/2024\/10\/3a3d1c7f-9627-463c-a0cb-0f5ba8b216a2-225x300.jpg 225w, https:\/\/przylep.edu.pl\/przedszkole\/wp-content\/uploads\/2024\/10\/3a3d1c7f-9627-463c-a0cb-0f5ba8b216a2-1152x1536.jpg 1152w, https:\/\/przylep.edu.pl\/przedszkole\/wp-content\/uploads\/2024\/10\/3a3d1c7f-9627-463c-a0cb-0f5ba8b216a2.jpg 1536w\" sizes=\"auto, (max-width: 768px) 100vw, 768px\" \/><\/figure>\n\n\n\n<figure class=\"wp-block-image size-large\"><img loading=\"lazy\" decoding=\"async\" width=\"768\" height=\"1024\" data-id=\"10884\" src=\"https:\/\/przylep.edu.pl\/przedszkole\/wp-content\/uploads\/2024\/10\/5ce90f73-ce85-4a11-865f-5297e8a566ff-768x1024.jpg\" alt=\"\" class=\"wp-image-10884\" srcset=\"https:\/\/przylep.edu.pl\/przedszkole\/wp-content\/uploads\/2024\/10\/5ce90f73-ce85-4a11-865f-5297e8a566ff-768x1024.jpg 768w, https:\/\/przylep.edu.pl\/przedszkole\/wp-content\/uploads\/2024\/10\/5ce90f73-ce85-4a11-865f-5297e8a566ff-225x300.jpg 225w, https:\/\/przylep.edu.pl\/przedszkole\/wp-content\/uploads\/2024\/10\/5ce90f73-ce85-4a11-865f-5297e8a566ff-1152x1536.jpg 1152w, https:\/\/przylep.edu.pl\/przedszkole\/wp-content\/uploads\/2024\/10\/5ce90f73-ce85-4a11-865f-5297e8a566ff.jpg 1536w\" sizes=\"auto, (max-width: 768px) 100vw, 768px\" \/><\/figure>\n\n\n\n<figure class=\"wp-block-image size-large\"><img loading=\"lazy\" decoding=\"async\" width=\"768\" height=\"1024\" data-id=\"10885\" src=\"https:\/\/przylep.edu.pl\/przedszkole\/wp-content\/uploads\/2024\/10\/9a06e10d-39d2-4b47-b4e7-3d89a1c4c22c-768x1024.jpg\" alt=\"\" class=\"wp-image-10885\" srcset=\"https:\/\/przylep.edu.pl\/przedszkole\/wp-content\/uploads\/2024\/10\/9a06e10d-39d2-4b47-b4e7-3d89a1c4c22c-768x1024.jpg 768w, https:\/\/przylep.edu.pl\/przedszkole\/wp-content\/uploads\/2024\/10\/9a06e10d-39d2-4b47-b4e7-3d89a1c4c22c-225x300.jpg 225w, https:\/\/przylep.edu.pl\/przedszkole\/wp-content\/uploads\/2024\/10\/9a06e10d-39d2-4b47-b4e7-3d89a1c4c22c-1152x1536.jpg 1152w, https:\/\/przylep.edu.pl\/przedszkole\/wp-content\/uploads\/2024\/10\/9a06e10d-39d2-4b47-b4e7-3d89a1c4c22c.jpg 1536w\" sizes=\"auto, (max-width: 768px) 100vw, 768px\" \/><\/figure>\n\n\n\n<figure class=\"wp-block-image size-large\"><img loading=\"lazy\" decoding=\"async\" width=\"768\" height=\"1024\" data-id=\"10886\" src=\"https:\/\/przylep.edu.pl\/przedszkole\/wp-content\/uploads\/2024\/10\/3266b277-c3a6-486c-8af1-618f08c8bc63-768x1024.jpg\" alt=\"\" class=\"wp-image-10886\" srcset=\"https:\/\/przylep.edu.pl\/przedszkole\/wp-content\/uploads\/2024\/10\/3266b277-c3a6-486c-8af1-618f08c8bc63-768x1024.jpg 768w, https:\/\/przylep.edu.pl\/przedszkole\/wp-content\/uploads\/2024\/10\/3266b277-c3a6-486c-8af1-618f08c8bc63-225x300.jpg 225w, https:\/\/przylep.edu.pl\/przedszkole\/wp-content\/uploads\/2024\/10\/3266b277-c3a6-486c-8af1-618f08c8bc63-1152x1536.jpg 1152w, https:\/\/przylep.edu.pl\/przedszkole\/wp-content\/uploads\/2024\/10\/3266b277-c3a6-486c-8af1-618f08c8bc63.jpg 1536w\" sizes=\"auto, (max-width: 768px) 100vw, 768px\" \/><\/figure>\n<\/figure>\n","protected":false},"excerpt":{"rendered":"<p>Dzie\u0144 Kropki w klasie 1a Ka\u017cdy cz\u0142owiek, du\u017cy i ma\u0142y, ma jaki\u015b talent. Musi tylko go w sobie odnale\u017a\u0107. Dzie\u0144 Kropki rozpocz\u0119li\u015bmy od zapoznania si\u0119 z opowiadaniem P. Reynolds&#8217;a o dziewczynce Vashti, kt\u00f3rej nauczycielka pomog\u0142a uwierzy\u0107 w siebie. Po dyskusji na temat bohaterki i symbolu kropki, przeszli\u015bmy do odkrywania naszych talent\u00f3w, kt\u00f3re zawis\u0142y na klasowym [&hellip;]<\/p>\n","protected":false},"author":2,"featured_media":10888,"comment_status":"closed","ping_status":"open","sticky":false,"template":"","format":"standard","meta":{"footnotes":""},"categories":[45,41,40],"tags":[],"class_list":["post-10882","post","type-post","status-publish","format-standard","has-post-thumbnail","hentry","category-aktualnosci","category-galerie","category-strona-glowna"],"_links":{"self":[{"href":"https:\/\/przylep.edu.pl\/przedszkole\/wp-json\/wp\/v2\/posts\/10882","targetHints":{"allow":["GET"]}}],"collection":[{"href":"https:\/\/przylep.edu.pl\/przedszkole\/wp-json\/wp\/v2\/posts"}],"about":[{"href":"https:\/\/przylep.edu.pl\/przedszkole\/wp-json\/wp\/v2\/types\/post"}],"author":[{"embeddable":true,"href":"https:\/\/przylep.edu.pl\/przedszkole\/wp-json\/wp\/v2\/users\/2"}],"replies":[{"embeddable":true,"href":"https:\/\/przylep.edu.pl\/przedszkole\/wp-json\/wp\/v2\/comments?post=10882"}],"version-history":[{"count":1,"href":"https:\/\/przylep.edu.pl\/przedszkole\/wp-json\/wp\/v2\/posts\/10882\/revisions"}],"predecessor-version":[{"id":10889,"href":"https:\/\/przylep.edu.pl\/przedszkole\/wp-json\/wp\/v2\/posts\/10882\/revisions\/10889"}],"wp:featuredmedia":[{"embeddable":true,"href":"https:\/\/przylep.edu.pl\/przedszkole\/wp-json\/wp\/v2\/media\/10888"}],"wp:attachment":[{"href":"https:\/\/przylep.edu.pl\/przedszkole\/wp-json\/wp\/v2\/media?parent=10882"}],"wp:term":[{"taxonomy":"category","embeddable":true,"href":"https:\/\/przylep.edu.pl\/przedszkole\/wp-json\/wp\/v2\/categories?post=10882"},{"taxonomy":"post_tag","embeddable":true,"href":"https:\/\/przylep.edu.pl\/przedszkole\/wp-json\/wp\/v2\/tags?post=10882"}],"curies":[{"name":"wp","href":"https:\/\/api.w.org\/{rel}","templated":true}]}}