{"id":10780,"date":"2024-10-01T22:01:42","date_gmt":"2024-10-01T20:01:42","guid":{"rendered":"https:\/\/przylep.edu.pl\/przedszkole\/?p=10780"},"modified":"2024-10-01T22:32:44","modified_gmt":"2024-10-01T20:32:44","slug":"pierwsze-spotkanie-samorzadu-uczniowskiego","status":"publish","type":"post","link":"https:\/\/przylep.edu.pl\/przedszkole\/2024\/10\/01\/pierwsze-spotkanie-samorzadu-uczniowskiego\/","title":{"rendered":"Pierwsze spotkanie Samorz\u0105du Uczniowskiego"},"content":{"rendered":"\n<p>Dnia 01.10.2024 r. odby\u0142o si\u0119 pierwsze spotkanie Samorz\u0105du Uczniowskiego. Zosta\u0142<br>odczytany list od Przewodnicz\u0105cej Rady Rodzic\u00f3w oraz odczytano Regulamin Samorz\u0105du<br>Uczniowskiego. Mieli\u015bmy r\u00f3wnie\u017c okazj\u0119 do rozmowy z Pani\u0105 Dyrektor. Wszyscy mogli<br>podzieli\u0107 si\u0119 swoimi uwagami i pomys\u0142ami dotycz\u0105cymi pracy Samorz\u0105du Uczniowskiego na<br>najbli\u017csze miesi\u0105ce.<\/p>\n\n\n\n<figure class=\"wp-block-gallery has-nested-images columns-default is-cropped wp-block-gallery-1 is-layout-flex wp-block-gallery-is-layout-flex\">\n<figure class=\"wp-block-image size-large\"><img loading=\"lazy\" decoding=\"async\" width=\"1024\" height=\"669\" data-id=\"10783\" src=\"https:\/\/przylep.edu.pl\/przedszkole\/wp-content\/uploads\/2024\/10\/WhatsApp-Image-2024-10-01-at-21.55.10-1-1-1024x669.jpeg\" alt=\"\" class=\"wp-image-10783\" srcset=\"https:\/\/przylep.edu.pl\/przedszkole\/wp-content\/uploads\/2024\/10\/WhatsApp-Image-2024-10-01-at-21.55.10-1-1-1024x669.jpeg 1024w, https:\/\/przylep.edu.pl\/przedszkole\/wp-content\/uploads\/2024\/10\/WhatsApp-Image-2024-10-01-at-21.55.10-1-1-300x196.jpeg 300w, https:\/\/przylep.edu.pl\/przedszkole\/wp-content\/uploads\/2024\/10\/WhatsApp-Image-2024-10-01-at-21.55.10-1-1-768x502.jpeg 768w, https:\/\/przylep.edu.pl\/przedszkole\/wp-content\/uploads\/2024\/10\/WhatsApp-Image-2024-10-01-at-21.55.10-1-1-1536x1003.jpeg 1536w, https:\/\/przylep.edu.pl\/przedszkole\/wp-content\/uploads\/2024\/10\/WhatsApp-Image-2024-10-01-at-21.55.10-1-1.jpeg 1632w\" sizes=\"auto, (max-width: 1024px) 100vw, 1024px\" \/><\/figure>\n\n\n\n<figure class=\"wp-block-image size-large\"><img loading=\"lazy\" decoding=\"async\" width=\"1024\" height=\"683\" data-id=\"10784\" src=\"https:\/\/przylep.edu.pl\/przedszkole\/wp-content\/uploads\/2024\/10\/WhatsApp-Image-2024-10-01-at-21.55.10-2-1024x683.jpeg\" alt=\"\" class=\"wp-image-10784\" srcset=\"https:\/\/przylep.edu.pl\/przedszkole\/wp-content\/uploads\/2024\/10\/WhatsApp-Image-2024-10-01-at-21.55.10-2-1024x683.jpeg 1024w, https:\/\/przylep.edu.pl\/przedszkole\/wp-content\/uploads\/2024\/10\/WhatsApp-Image-2024-10-01-at-21.55.10-2-300x200.jpeg 300w, https:\/\/przylep.edu.pl\/przedszkole\/wp-content\/uploads\/2024\/10\/WhatsApp-Image-2024-10-01-at-21.55.10-2-768x512.jpeg 768w, https:\/\/przylep.edu.pl\/przedszkole\/wp-content\/uploads\/2024\/10\/WhatsApp-Image-2024-10-01-at-21.55.10-2-1536x1024.jpeg 1536w, https:\/\/przylep.edu.pl\/przedszkole\/wp-content\/uploads\/2024\/10\/WhatsApp-Image-2024-10-01-at-21.55.10-2.jpeg 1632w\" sizes=\"auto, (max-width: 1024px) 100vw, 1024px\" \/><\/figure>\n<\/figure>\n","protected":false},"excerpt":{"rendered":"<p>Dnia 01.10.2024 r. odby\u0142o si\u0119 pierwsze spotkanie Samorz\u0105du Uczniowskiego. Zosta\u0142odczytany list od Przewodnicz\u0105cej Rady Rodzic\u00f3w oraz odczytano Regulamin Samorz\u0105duUczniowskiego. Mieli\u015bmy r\u00f3wnie\u017c okazj\u0119 do rozmowy z Pani\u0105 Dyrektor. Wszyscy moglipodzieli\u0107 si\u0119 swoimi uwagami i pomys\u0142ami dotycz\u0105cymi pracy Samorz\u0105du Uczniowskiego nanajbli\u017csze miesi\u0105ce.<\/p>\n","protected":false},"author":2,"featured_media":10777,"comment_status":"closed","ping_status":"open","sticky":false,"template":"","format":"standard","meta":{"footnotes":""},"categories":[45,41,40],"tags":[],"class_list":["post-10780","post","type-post","status-publish","format-standard","has-post-thumbnail","hentry","category-aktualnosci","category-galerie","category-strona-glowna"],"_links":{"self":[{"href":"https:\/\/przylep.edu.pl\/przedszkole\/wp-json\/wp\/v2\/posts\/10780","targetHints":{"allow":["GET"]}}],"collection":[{"href":"https:\/\/przylep.edu.pl\/przedszkole\/wp-json\/wp\/v2\/posts"}],"about":[{"href":"https:\/\/przylep.edu.pl\/przedszkole\/wp-json\/wp\/v2\/types\/post"}],"author":[{"embeddable":true,"href":"https:\/\/przylep.edu.pl\/przedszkole\/wp-json\/wp\/v2\/users\/2"}],"replies":[{"embeddable":true,"href":"https:\/\/przylep.edu.pl\/przedszkole\/wp-json\/wp\/v2\/comments?post=10780"}],"version-history":[{"count":1,"href":"https:\/\/przylep.edu.pl\/przedszkole\/wp-json\/wp\/v2\/posts\/10780\/revisions"}],"predecessor-version":[{"id":10785,"href":"https:\/\/przylep.edu.pl\/przedszkole\/wp-json\/wp\/v2\/posts\/10780\/revisions\/10785"}],"wp:featuredmedia":[{"embeddable":true,"href":"https:\/\/przylep.edu.pl\/przedszkole\/wp-json\/wp\/v2\/media\/10777"}],"wp:attachment":[{"href":"https:\/\/przylep.edu.pl\/przedszkole\/wp-json\/wp\/v2\/media?parent=10780"}],"wp:term":[{"taxonomy":"category","embeddable":true,"href":"https:\/\/przylep.edu.pl\/przedszkole\/wp-json\/wp\/v2\/categories?post=10780"},{"taxonomy":"post_tag","embeddable":true,"href":"https:\/\/przylep.edu.pl\/przedszkole\/wp-json\/wp\/v2\/tags?post=10780"}],"curies":[{"name":"wp","href":"https:\/\/api.w.org\/{rel}","templated":true}]}}