{"id":10731,"date":"2024-08-27T08:32:45","date_gmt":"2024-08-27T06:32:45","guid":{"rendered":"https:\/\/przylep.edu.pl\/przedszkole\/?p=10731"},"modified":"2024-08-27T08:32:47","modified_gmt":"2024-08-27T06:32:47","slug":"dni-adaptacyjne","status":"publish","type":"post","link":"https:\/\/przylep.edu.pl\/przedszkole\/2024\/08\/27\/dni-adaptacyjne\/","title":{"rendered":"Dni adaptacyjne"},"content":{"rendered":"\n<p>W dniach  29 i 30 sierpnia 2024r. o godz.10-12 odb\u0119d\u0105 si\u0119 zaj\u0119cia edukacyjne dla dzieci rozpoczynaj\u0105cych  przygod\u0119 w Naszym przedszkolu.<\/p>\n\n\n\n<p>Prosimy o zabranie obuwia na zmian\u0119. <\/p>\n","protected":false},"excerpt":{"rendered":"<p>W dniach 29 i 30 sierpnia 2024r. o godz.10-12 odb\u0119d\u0105 si\u0119 zaj\u0119cia edukacyjne dla dzieci rozpoczynaj\u0105cych przygod\u0119 w Naszym przedszkolu. Prosimy o zabranie obuwia na zmian\u0119.<\/p>\n","protected":false},"author":2,"featured_media":10732,"comment_status":"closed","ping_status":"open","sticky":false,"template":"","format":"standard","meta":{"footnotes":""},"categories":[45,41,40],"tags":[],"class_list":["post-10731","post","type-post","status-publish","format-standard","has-post-thumbnail","hentry","category-aktualnosci","category-galerie","category-strona-glowna"],"_links":{"self":[{"href":"https:\/\/przylep.edu.pl\/przedszkole\/wp-json\/wp\/v2\/posts\/10731","targetHints":{"allow":["GET"]}}],"collection":[{"href":"https:\/\/przylep.edu.pl\/przedszkole\/wp-json\/wp\/v2\/posts"}],"about":[{"href":"https:\/\/przylep.edu.pl\/przedszkole\/wp-json\/wp\/v2\/types\/post"}],"author":[{"embeddable":true,"href":"https:\/\/przylep.edu.pl\/przedszkole\/wp-json\/wp\/v2\/users\/2"}],"replies":[{"embeddable":true,"href":"https:\/\/przylep.edu.pl\/przedszkole\/wp-json\/wp\/v2\/comments?post=10731"}],"version-history":[{"count":1,"href":"https:\/\/przylep.edu.pl\/przedszkole\/wp-json\/wp\/v2\/posts\/10731\/revisions"}],"predecessor-version":[{"id":10733,"href":"https:\/\/przylep.edu.pl\/przedszkole\/wp-json\/wp\/v2\/posts\/10731\/revisions\/10733"}],"wp:featuredmedia":[{"embeddable":true,"href":"https:\/\/przylep.edu.pl\/przedszkole\/wp-json\/wp\/v2\/media\/10732"}],"wp:attachment":[{"href":"https:\/\/przylep.edu.pl\/przedszkole\/wp-json\/wp\/v2\/media?parent=10731"}],"wp:term":[{"taxonomy":"category","embeddable":true,"href":"https:\/\/przylep.edu.pl\/przedszkole\/wp-json\/wp\/v2\/categories?post=10731"},{"taxonomy":"post_tag","embeddable":true,"href":"https:\/\/przylep.edu.pl\/przedszkole\/wp-json\/wp\/v2\/tags?post=10731"}],"curies":[{"name":"wp","href":"https:\/\/api.w.org\/{rel}","templated":true}]}}