{"id":10689,"date":"2024-07-02T09:36:56","date_gmt":"2024-07-02T07:36:56","guid":{"rendered":"https:\/\/przylep.edu.pl\/przedszkole\/?p=10689"},"modified":"2024-07-02T09:36:58","modified_gmt":"2024-07-02T07:36:58","slug":"zakonczenie-przedszkola-w-zerowkach","status":"publish","type":"post","link":"https:\/\/przylep.edu.pl\/przedszkole\/2024\/07\/02\/zakonczenie-przedszkola-w-zerowkach\/","title":{"rendered":"Zako\u0144czenie przedszkola w zer\u00f3wkach"},"content":{"rendered":"\n<p>20 czerwca w naszej plac\u00f3wce mia\u0142o miejsce uroczyste wydarzenie. Po czterech latach wspania\u0142ych przyg\u00f3d naszed\u0142 kres edukacji w przedszkolu dla grup \u017c\u00f3\u0142tej i niebieskiej.  Podczas wyst\u0119p\u00f3w nie zabrak\u0142o pi\u0119knych recytacji wierszyk\u00f3w, piosenek, ta\u0144c\u00f3w czy grania na \u201eb\u0119bnach\u201d. Wyst\u0119py nagradzane by\u0142y g\u0142o\u015bnymi brawami oraz \u0142zami wzruszenia.<\/p>\n\n\n\n<p> Naszym absolwentom \u017cyczymy powodzenia. Przed nimi szko\u0142a podstawowa i nowe wyzwania. Zako\u0144czenia bywaj\u0105 smutne, ale s\u0105 potrzebne. Gdyby nie one, nic by si\u0119 nigdy nie mog\u0142o rozpocz\u0105\u0107<\/p>\n\n\n\n<figure class=\"wp-block-gallery has-nested-images columns-default is-cropped wp-block-gallery-1 is-layout-flex wp-block-gallery-is-layout-flex\">\n<figure class=\"wp-block-image size-large\"><img loading=\"lazy\" decoding=\"async\" width=\"1024\" height=\"768\" data-id=\"10690\" src=\"https:\/\/przylep.edu.pl\/przedszkole\/wp-content\/uploads\/2024\/07\/5f9a4259-faac-4631-9043-04b1ca5268fe-1024x768.jpg\" alt=\"\" class=\"wp-image-10690\" srcset=\"https:\/\/przylep.edu.pl\/przedszkole\/wp-content\/uploads\/2024\/07\/5f9a4259-faac-4631-9043-04b1ca5268fe-1024x768.jpg 1024w, https:\/\/przylep.edu.pl\/przedszkole\/wp-content\/uploads\/2024\/07\/5f9a4259-faac-4631-9043-04b1ca5268fe-300x225.jpg 300w, https:\/\/przylep.edu.pl\/przedszkole\/wp-content\/uploads\/2024\/07\/5f9a4259-faac-4631-9043-04b1ca5268fe-768x576.jpg 768w, https:\/\/przylep.edu.pl\/przedszkole\/wp-content\/uploads\/2024\/07\/5f9a4259-faac-4631-9043-04b1ca5268fe-1536x1152.jpg 1536w, https:\/\/przylep.edu.pl\/przedszkole\/wp-content\/uploads\/2024\/07\/5f9a4259-faac-4631-9043-04b1ca5268fe-600x450.jpg 600w, https:\/\/przylep.edu.pl\/przedszkole\/wp-content\/uploads\/2024\/07\/5f9a4259-faac-4631-9043-04b1ca5268fe.jpg 2040w\" sizes=\"auto, (max-width: 1024px) 100vw, 1024px\" \/><\/figure>\n<\/figure>\n\n\n\n<figure class=\"wp-block-gallery has-nested-images columns-default is-cropped wp-block-gallery-2 is-layout-flex wp-block-gallery-is-layout-flex\">\n<figure class=\"wp-block-image size-large\"><img loading=\"lazy\" decoding=\"async\" width=\"1024\" height=\"768\" data-id=\"10691\" src=\"https:\/\/przylep.edu.pl\/przedszkole\/wp-content\/uploads\/2024\/07\/ff1c0890-c792-4fe9-96c0-19207e7f3557-1024x768.jpg\" alt=\"\" class=\"wp-image-10691\" srcset=\"https:\/\/przylep.edu.pl\/przedszkole\/wp-content\/uploads\/2024\/07\/ff1c0890-c792-4fe9-96c0-19207e7f3557-1024x768.jpg 1024w, https:\/\/przylep.edu.pl\/przedszkole\/wp-content\/uploads\/2024\/07\/ff1c0890-c792-4fe9-96c0-19207e7f3557-300x225.jpg 300w, https:\/\/przylep.edu.pl\/przedszkole\/wp-content\/uploads\/2024\/07\/ff1c0890-c792-4fe9-96c0-19207e7f3557-768x576.jpg 768w, https:\/\/przylep.edu.pl\/przedszkole\/wp-content\/uploads\/2024\/07\/ff1c0890-c792-4fe9-96c0-19207e7f3557-1536x1152.jpg 1536w, https:\/\/przylep.edu.pl\/przedszkole\/wp-content\/uploads\/2024\/07\/ff1c0890-c792-4fe9-96c0-19207e7f3557-600x450.jpg 600w, https:\/\/przylep.edu.pl\/przedszkole\/wp-content\/uploads\/2024\/07\/ff1c0890-c792-4fe9-96c0-19207e7f3557.jpg 2048w\" sizes=\"auto, (max-width: 1024px) 100vw, 1024px\" \/><\/figure>\n<\/figure>\n\n\n\n<figure class=\"wp-block-image size-large\"><img loading=\"lazy\" decoding=\"async\" width=\"1024\" height=\"768\" src=\"https:\/\/przylep.edu.pl\/przedszkole\/wp-content\/uploads\/2024\/07\/61f42738-10b4-485e-8d64-90bd40ec2c59-1024x768.jpg\" alt=\"\" class=\"wp-image-10692\" srcset=\"https:\/\/przylep.edu.pl\/przedszkole\/wp-content\/uploads\/2024\/07\/61f42738-10b4-485e-8d64-90bd40ec2c59-1024x768.jpg 1024w, https:\/\/przylep.edu.pl\/przedszkole\/wp-content\/uploads\/2024\/07\/61f42738-10b4-485e-8d64-90bd40ec2c59-300x225.jpg 300w, https:\/\/przylep.edu.pl\/przedszkole\/wp-content\/uploads\/2024\/07\/61f42738-10b4-485e-8d64-90bd40ec2c59-768x576.jpg 768w, https:\/\/przylep.edu.pl\/przedszkole\/wp-content\/uploads\/2024\/07\/61f42738-10b4-485e-8d64-90bd40ec2c59-1536x1152.jpg 1536w, https:\/\/przylep.edu.pl\/przedszkole\/wp-content\/uploads\/2024\/07\/61f42738-10b4-485e-8d64-90bd40ec2c59-600x450.jpg 600w, https:\/\/przylep.edu.pl\/przedszkole\/wp-content\/uploads\/2024\/07\/61f42738-10b4-485e-8d64-90bd40ec2c59.jpg 2048w\" sizes=\"auto, (max-width: 1024px) 100vw, 1024px\" \/><\/figure>\n\n\n\n<figure class=\"wp-block-gallery has-nested-images columns-default is-cropped wp-block-gallery-3 is-layout-flex wp-block-gallery-is-layout-flex\">\n<figure class=\"wp-block-image size-large\"><img loading=\"lazy\" decoding=\"async\" width=\"768\" height=\"1024\" data-id=\"10693\" src=\"https:\/\/przylep.edu.pl\/przedszkole\/wp-content\/uploads\/2024\/07\/7e1ed3f3-9706-479e-b093-3d2dd431f445-768x1024.jpg\" alt=\"\" class=\"wp-image-10693\" srcset=\"https:\/\/przylep.edu.pl\/przedszkole\/wp-content\/uploads\/2024\/07\/7e1ed3f3-9706-479e-b093-3d2dd431f445-768x1024.jpg 768w, https:\/\/przylep.edu.pl\/przedszkole\/wp-content\/uploads\/2024\/07\/7e1ed3f3-9706-479e-b093-3d2dd431f445-225x300.jpg 225w, https:\/\/przylep.edu.pl\/przedszkole\/wp-content\/uploads\/2024\/07\/7e1ed3f3-9706-479e-b093-3d2dd431f445-1152x1536.jpg 1152w, https:\/\/przylep.edu.pl\/przedszkole\/wp-content\/uploads\/2024\/07\/7e1ed3f3-9706-479e-b093-3d2dd431f445.jpg 1536w\" sizes=\"auto, (max-width: 768px) 100vw, 768px\" \/><\/figure>\n\n\n\n<figure class=\"wp-block-image size-large\"><img loading=\"lazy\" decoding=\"async\" width=\"768\" height=\"1024\" data-id=\"10694\" src=\"https:\/\/przylep.edu.pl\/przedszkole\/wp-content\/uploads\/2024\/07\/f23a0239-d8a0-4885-a05e-f25c65fff96c-768x1024.jpg\" alt=\"\" class=\"wp-image-10694\" srcset=\"https:\/\/przylep.edu.pl\/przedszkole\/wp-content\/uploads\/2024\/07\/f23a0239-d8a0-4885-a05e-f25c65fff96c-768x1024.jpg 768w, https:\/\/przylep.edu.pl\/przedszkole\/wp-content\/uploads\/2024\/07\/f23a0239-d8a0-4885-a05e-f25c65fff96c-225x300.jpg 225w, https:\/\/przylep.edu.pl\/przedszkole\/wp-content\/uploads\/2024\/07\/f23a0239-d8a0-4885-a05e-f25c65fff96c-1152x1536.jpg 1152w, https:\/\/przylep.edu.pl\/przedszkole\/wp-content\/uploads\/2024\/07\/f23a0239-d8a0-4885-a05e-f25c65fff96c.jpg 1536w\" sizes=\"auto, (max-width: 768px) 100vw, 768px\" \/><\/figure>\n<\/figure>\n\n\n\n<figure class=\"wp-block-gallery has-nested-images columns-default is-cropped wp-block-gallery-4 is-layout-flex wp-block-gallery-is-layout-flex\">\n<figure class=\"wp-block-image size-large\"><img loading=\"lazy\" decoding=\"async\" width=\"1024\" height=\"576\" data-id=\"10695\" src=\"https:\/\/przylep.edu.pl\/przedszkole\/wp-content\/uploads\/2024\/07\/da279e88-1fbc-4cfc-ad82-6432e8f26b7d-1024x576.jpg\" alt=\"\" class=\"wp-image-10695\" srcset=\"https:\/\/przylep.edu.pl\/przedszkole\/wp-content\/uploads\/2024\/07\/da279e88-1fbc-4cfc-ad82-6432e8f26b7d-1024x576.jpg 1024w, https:\/\/przylep.edu.pl\/przedszkole\/wp-content\/uploads\/2024\/07\/da279e88-1fbc-4cfc-ad82-6432e8f26b7d-300x169.jpg 300w, https:\/\/przylep.edu.pl\/przedszkole\/wp-content\/uploads\/2024\/07\/da279e88-1fbc-4cfc-ad82-6432e8f26b7d-768x432.jpg 768w, https:\/\/przylep.edu.pl\/przedszkole\/wp-content\/uploads\/2024\/07\/da279e88-1fbc-4cfc-ad82-6432e8f26b7d-1536x864.jpg 1536w, https:\/\/przylep.edu.pl\/przedszkole\/wp-content\/uploads\/2024\/07\/da279e88-1fbc-4cfc-ad82-6432e8f26b7d.jpg 2040w\" sizes=\"auto, (max-width: 1024px) 100vw, 1024px\" \/><\/figure>\n<\/figure>\n","protected":false},"excerpt":{"rendered":"<p>20 czerwca w naszej plac\u00f3wce mia\u0142o miejsce uroczyste wydarzenie. Po czterech latach wspania\u0142ych przyg\u00f3d naszed\u0142 kres edukacji w przedszkolu dla grup \u017c\u00f3\u0142tej i niebieskiej. Podczas wyst\u0119p\u00f3w nie zabrak\u0142o pi\u0119knych recytacji wierszyk\u00f3w, piosenek, ta\u0144c\u00f3w czy grania na \u201eb\u0119bnach\u201d. Wyst\u0119py nagradzane by\u0142y g\u0142o\u015bnymi brawami oraz \u0142zami wzruszenia. Naszym absolwentom \u017cyczymy powodzenia. Przed nimi szko\u0142a podstawowa i nowe [&hellip;]<\/p>\n","protected":false},"author":2,"featured_media":10696,"comment_status":"closed","ping_status":"open","sticky":false,"template":"","format":"standard","meta":{"footnotes":""},"categories":[45,41,40],"tags":[],"class_list":["post-10689","post","type-post","status-publish","format-standard","has-post-thumbnail","hentry","category-aktualnosci","category-galerie","category-strona-glowna"],"_links":{"self":[{"href":"https:\/\/przylep.edu.pl\/przedszkole\/wp-json\/wp\/v2\/posts\/10689","targetHints":{"allow":["GET"]}}],"collection":[{"href":"https:\/\/przylep.edu.pl\/przedszkole\/wp-json\/wp\/v2\/posts"}],"about":[{"href":"https:\/\/przylep.edu.pl\/przedszkole\/wp-json\/wp\/v2\/types\/post"}],"author":[{"embeddable":true,"href":"https:\/\/przylep.edu.pl\/przedszkole\/wp-json\/wp\/v2\/users\/2"}],"replies":[{"embeddable":true,"href":"https:\/\/przylep.edu.pl\/przedszkole\/wp-json\/wp\/v2\/comments?post=10689"}],"version-history":[{"count":1,"href":"https:\/\/przylep.edu.pl\/przedszkole\/wp-json\/wp\/v2\/posts\/10689\/revisions"}],"predecessor-version":[{"id":10697,"href":"https:\/\/przylep.edu.pl\/przedszkole\/wp-json\/wp\/v2\/posts\/10689\/revisions\/10697"}],"wp:featuredmedia":[{"embeddable":true,"href":"https:\/\/przylep.edu.pl\/przedszkole\/wp-json\/wp\/v2\/media\/10696"}],"wp:attachment":[{"href":"https:\/\/przylep.edu.pl\/przedszkole\/wp-json\/wp\/v2\/media?parent=10689"}],"wp:term":[{"taxonomy":"category","embeddable":true,"href":"https:\/\/przylep.edu.pl\/przedszkole\/wp-json\/wp\/v2\/categories?post=10689"},{"taxonomy":"post_tag","embeddable":true,"href":"https:\/\/przylep.edu.pl\/przedszkole\/wp-json\/wp\/v2\/tags?post=10689"}],"curies":[{"name":"wp","href":"https:\/\/api.w.org\/{rel}","templated":true}]}}