{"id":10684,"date":"2024-06-26T14:22:15","date_gmt":"2024-06-26T12:22:15","guid":{"rendered":"https:\/\/przylep.edu.pl\/przedszkole\/?p=10684"},"modified":"2024-06-26T14:22:17","modified_gmt":"2024-06-26T12:22:17","slug":"przylepiaki-w-ogrodzie-rozanym-w-szczecinie","status":"publish","type":"post","link":"https:\/\/przylep.edu.pl\/przedszkole\/2024\/06\/26\/przylepiaki-w-ogrodzie-rozanym-w-szczecinie\/","title":{"rendered":"Przylepiaki w Ogrodzie R\u00f3\u017canym w Szczecinie"},"content":{"rendered":"\n<p>W dniu 23.06.2024 dzieci z Zespo\u0142u Szkolno &#8211; Przedszkolnego w Przylepie, kt\u00f3rymi opiekuje si\u0119 i trenuje Pani Monika Kowalska, u\u015bwietni\u0142y swoimi wyst\u0119pami Dzie\u0144 Kupa\u0142y w R\u00f3\u017cance. Wydarzenie zorganizowa\u0142 Pa\u0142ac M\u0142odzie\u017cy w Szczecinie. <img loading=\"lazy\" decoding=\"async\" height=\"16\" width=\"16\" src=\"https:\/\/static.xx.fbcdn.net\/images\/emoji.php\/v9\/tac\/1\/16\/2665.png\" alt=\"\u2665\ufe0f\"><img loading=\"lazy\" decoding=\"async\" height=\"16\" width=\"16\" src=\"https:\/\/static.xx.fbcdn.net\/images\/emoji.php\/v9\/t4c\/1\/16\/1f642.png\" alt=\"\ud83d\ude42\"> Jeste\u015bmy bardzo dumni, \u017ce nasza plac\u00f3wka mia\u0142a sw\u00f3j udzia\u0142 w organizacji tak pi\u0119knego wydarzenia, a nasi uczniowie wraz z Pani\u0105 Monik\u0105 byli pi\u0119kn\u0105 wizyt\u00f3wk\u0105 naszej szko\u0142y!<\/p>\n\n\n\n<figure class=\"wp-block-gallery has-nested-images columns-default is-cropped wp-block-gallery-1 is-layout-flex wp-block-gallery-is-layout-flex\">\n<figure class=\"wp-block-image size-large\"><img loading=\"lazy\" decoding=\"async\" width=\"1024\" height=\"1024\" data-id=\"10685\" src=\"https:\/\/przylep.edu.pl\/przedszkole\/wp-content\/uploads\/2024\/06\/448516467_840437960915398_2193292201551172866_n-1024x1024.jpg\" alt=\"\" class=\"wp-image-10685\" srcset=\"https:\/\/przylep.edu.pl\/przedszkole\/wp-content\/uploads\/2024\/06\/448516467_840437960915398_2193292201551172866_n-1024x1024.jpg 1024w, https:\/\/przylep.edu.pl\/przedszkole\/wp-content\/uploads\/2024\/06\/448516467_840437960915398_2193292201551172866_n-300x300.jpg 300w, https:\/\/przylep.edu.pl\/przedszkole\/wp-content\/uploads\/2024\/06\/448516467_840437960915398_2193292201551172866_n-150x150.jpg 150w, https:\/\/przylep.edu.pl\/przedszkole\/wp-content\/uploads\/2024\/06\/448516467_840437960915398_2193292201551172866_n-768x768.jpg 768w, https:\/\/przylep.edu.pl\/przedszkole\/wp-content\/uploads\/2024\/06\/448516467_840437960915398_2193292201551172866_n-1536x1536.jpg 1536w, https:\/\/przylep.edu.pl\/przedszkole\/wp-content\/uploads\/2024\/06\/448516467_840437960915398_2193292201551172866_n-600x600.jpg 600w, https:\/\/przylep.edu.pl\/przedszkole\/wp-content\/uploads\/2024\/06\/448516467_840437960915398_2193292201551172866_n.jpg 2000w\" sizes=\"auto, (max-width: 1024px) 100vw, 1024px\" \/><\/figure>\n<\/figure>\n","protected":false},"excerpt":{"rendered":"<p>W dniu 23.06.2024 dzieci z Zespo\u0142u Szkolno &#8211; Przedszkolnego w Przylepie, kt\u00f3rymi opiekuje si\u0119 i trenuje Pani Monika Kowalska, u\u015bwietni\u0142y swoimi wyst\u0119pami Dzie\u0144 Kupa\u0142y w R\u00f3\u017cance. Wydarzenie zorganizowa\u0142 Pa\u0142ac M\u0142odzie\u017cy w Szczecinie. Jeste\u015bmy bardzo dumni, \u017ce nasza plac\u00f3wka mia\u0142a sw\u00f3j udzia\u0142 w organizacji tak pi\u0119knego wydarzenia, a nasi uczniowie wraz z Pani\u0105 Monik\u0105 byli pi\u0119kn\u0105 [&hellip;]<\/p>\n","protected":false},"author":2,"featured_media":10686,"comment_status":"closed","ping_status":"open","sticky":false,"template":"","format":"standard","meta":{"footnotes":""},"categories":[45,41,40],"tags":[],"class_list":["post-10684","post","type-post","status-publish","format-standard","has-post-thumbnail","hentry","category-aktualnosci","category-galerie","category-strona-glowna"],"_links":{"self":[{"href":"https:\/\/przylep.edu.pl\/przedszkole\/wp-json\/wp\/v2\/posts\/10684","targetHints":{"allow":["GET"]}}],"collection":[{"href":"https:\/\/przylep.edu.pl\/przedszkole\/wp-json\/wp\/v2\/posts"}],"about":[{"href":"https:\/\/przylep.edu.pl\/przedszkole\/wp-json\/wp\/v2\/types\/post"}],"author":[{"embeddable":true,"href":"https:\/\/przylep.edu.pl\/przedszkole\/wp-json\/wp\/v2\/users\/2"}],"replies":[{"embeddable":true,"href":"https:\/\/przylep.edu.pl\/przedszkole\/wp-json\/wp\/v2\/comments?post=10684"}],"version-history":[{"count":1,"href":"https:\/\/przylep.edu.pl\/przedszkole\/wp-json\/wp\/v2\/posts\/10684\/revisions"}],"predecessor-version":[{"id":10687,"href":"https:\/\/przylep.edu.pl\/przedszkole\/wp-json\/wp\/v2\/posts\/10684\/revisions\/10687"}],"wp:featuredmedia":[{"embeddable":true,"href":"https:\/\/przylep.edu.pl\/przedszkole\/wp-json\/wp\/v2\/media\/10686"}],"wp:attachment":[{"href":"https:\/\/przylep.edu.pl\/przedszkole\/wp-json\/wp\/v2\/media?parent=10684"}],"wp:term":[{"taxonomy":"category","embeddable":true,"href":"https:\/\/przylep.edu.pl\/przedszkole\/wp-json\/wp\/v2\/categories?post=10684"},{"taxonomy":"post_tag","embeddable":true,"href":"https:\/\/przylep.edu.pl\/przedszkole\/wp-json\/wp\/v2\/tags?post=10684"}],"curies":[{"name":"wp","href":"https:\/\/api.w.org\/{rel}","templated":true}]}}