{"id":10665,"date":"2024-06-18T22:46:40","date_gmt":"2024-06-18T20:46:40","guid":{"rendered":"https:\/\/przylep.edu.pl\/przedszkole\/?p=10665"},"modified":"2024-06-18T22:46:42","modified_gmt":"2024-06-18T20:46:42","slug":"lekcja-historii-kl-4a-w-centrum-dialogu-przelomy","status":"publish","type":"post","link":"https:\/\/przylep.edu.pl\/przedszkole\/2024\/06\/18\/lekcja-historii-kl-4a-w-centrum-dialogu-przelomy\/","title":{"rendered":"Lekcja historii  kl 4a w Centrum Dialogu Prze\u0142omy"},"content":{"rendered":"\n<p>28 maja klasa 4a uda\u0142a si\u0119 komunikacj\u0105 miejsk\u0105 do Centrum Dialogu Prze\u0142omy na lekcj\u0119 historii pt &#8222;Przesz\u0142o\u015b\u0107 odleg\u0142a i ca\u0142kiem bliska&#8221;. Uczniowie mieli szans\u0119 pozna\u0107 muzeum wraz z opiekunem- p. Ew\u0105, kt\u00f3ra nie tylko przybli\u017cy\u0142a im eksponaty muzealne, lecz r\u00f3wnie\u017c opowiedzia\u0142a o historii z nimi zwi\u0105zanej i w bardzo przejrzysty i zrozumia\u0142y spos\u00f3b przedstawi\u0142a fascynuj\u0105c\u0105 histori\u0119 powojennego Szczecina. Opr\u00f3cz walor\u00f3w czysto edukacyjnych, uczniowie mieli szans\u0119 po raz kolejny wykaza\u0107 si\u0119 samodzielno\u015bci\u0105 podczas korzystania z tramwaju i autobusu i zje\u015b\u0107 pyszne \u015bniadanie &#8222;pod chmurk\u0105&#8221; na Placu Solidarno\u015bci i przespacerowa\u0107 si\u0119 urokliwymi Wa\u0142ami Chrobrego. I nawet deszcz nie popsu\u0142 im dobrej zabawy!<\/p>\n\n\n\n<figure class=\"wp-block-gallery has-nested-images columns-1 is-cropped wp-block-gallery-1 is-layout-flex wp-block-gallery-is-layout-flex\">\n<figure class=\"wp-block-image size-large\"><img loading=\"lazy\" decoding=\"async\" width=\"1024\" height=\"1024\" data-id=\"10669\" src=\"https:\/\/przylep.edu.pl\/przedszkole\/wp-content\/uploads\/2024\/06\/WhatsApp-Image-2024-06-18-at-22.32.41-1-1024x1024.jpeg\" alt=\"\" class=\"wp-image-10669\" srcset=\"https:\/\/przylep.edu.pl\/przedszkole\/wp-content\/uploads\/2024\/06\/WhatsApp-Image-2024-06-18-at-22.32.41-1-1024x1024.jpeg 1024w, https:\/\/przylep.edu.pl\/przedszkole\/wp-content\/uploads\/2024\/06\/WhatsApp-Image-2024-06-18-at-22.32.41-1-300x300.jpeg 300w, https:\/\/przylep.edu.pl\/przedszkole\/wp-content\/uploads\/2024\/06\/WhatsApp-Image-2024-06-18-at-22.32.41-1-150x150.jpeg 150w, https:\/\/przylep.edu.pl\/przedszkole\/wp-content\/uploads\/2024\/06\/WhatsApp-Image-2024-06-18-at-22.32.41-1-768x768.jpeg 768w, https:\/\/przylep.edu.pl\/przedszkole\/wp-content\/uploads\/2024\/06\/WhatsApp-Image-2024-06-18-at-22.32.41-1-600x600.jpeg 600w, https:\/\/przylep.edu.pl\/przedszkole\/wp-content\/uploads\/2024\/06\/WhatsApp-Image-2024-06-18-at-22.32.41-1.jpeg 1440w\" sizes=\"auto, (max-width: 1024px) 100vw, 1024px\" \/><\/figure>\n\n\n\n<figure class=\"wp-block-image size-large\"><img loading=\"lazy\" decoding=\"async\" width=\"1024\" height=\"1024\" data-id=\"10667\" src=\"https:\/\/przylep.edu.pl\/przedszkole\/wp-content\/uploads\/2024\/06\/WhatsApp-Image-2024-06-18-at-22.32.41-2-1024x1024.jpeg\" alt=\"\" class=\"wp-image-10667\" srcset=\"https:\/\/przylep.edu.pl\/przedszkole\/wp-content\/uploads\/2024\/06\/WhatsApp-Image-2024-06-18-at-22.32.41-2-1024x1024.jpeg 1024w, https:\/\/przylep.edu.pl\/przedszkole\/wp-content\/uploads\/2024\/06\/WhatsApp-Image-2024-06-18-at-22.32.41-2-300x300.jpeg 300w, https:\/\/przylep.edu.pl\/przedszkole\/wp-content\/uploads\/2024\/06\/WhatsApp-Image-2024-06-18-at-22.32.41-2-150x150.jpeg 150w, https:\/\/przylep.edu.pl\/przedszkole\/wp-content\/uploads\/2024\/06\/WhatsApp-Image-2024-06-18-at-22.32.41-2-768x768.jpeg 768w, https:\/\/przylep.edu.pl\/przedszkole\/wp-content\/uploads\/2024\/06\/WhatsApp-Image-2024-06-18-at-22.32.41-2-600x600.jpeg 600w, https:\/\/przylep.edu.pl\/przedszkole\/wp-content\/uploads\/2024\/06\/WhatsApp-Image-2024-06-18-at-22.32.41-2.jpeg 1440w\" sizes=\"auto, (max-width: 1024px) 100vw, 1024px\" \/><\/figure>\n\n\n\n<figure class=\"wp-block-image size-large\"><img loading=\"lazy\" decoding=\"async\" width=\"1024\" height=\"1024\" data-id=\"10666\" src=\"https:\/\/przylep.edu.pl\/przedszkole\/wp-content\/uploads\/2024\/06\/WhatsApp-Image-2024-06-18-at-22.32.41-3-1024x1024.jpeg\" alt=\"\" class=\"wp-image-10666\" srcset=\"https:\/\/przylep.edu.pl\/przedszkole\/wp-content\/uploads\/2024\/06\/WhatsApp-Image-2024-06-18-at-22.32.41-3-1024x1024.jpeg 1024w, https:\/\/przylep.edu.pl\/przedszkole\/wp-content\/uploads\/2024\/06\/WhatsApp-Image-2024-06-18-at-22.32.41-3-300x300.jpeg 300w, https:\/\/przylep.edu.pl\/przedszkole\/wp-content\/uploads\/2024\/06\/WhatsApp-Image-2024-06-18-at-22.32.41-3-150x150.jpeg 150w, https:\/\/przylep.edu.pl\/przedszkole\/wp-content\/uploads\/2024\/06\/WhatsApp-Image-2024-06-18-at-22.32.41-3-768x768.jpeg 768w, https:\/\/przylep.edu.pl\/przedszkole\/wp-content\/uploads\/2024\/06\/WhatsApp-Image-2024-06-18-at-22.32.41-3-600x600.jpeg 600w, https:\/\/przylep.edu.pl\/przedszkole\/wp-content\/uploads\/2024\/06\/WhatsApp-Image-2024-06-18-at-22.32.41-3.jpeg 1440w\" sizes=\"auto, (max-width: 1024px) 100vw, 1024px\" \/><\/figure>\n\n\n\n<figure class=\"wp-block-image size-large\"><img loading=\"lazy\" decoding=\"async\" width=\"1024\" height=\"1024\" data-id=\"10668\" src=\"https:\/\/przylep.edu.pl\/przedszkole\/wp-content\/uploads\/2024\/06\/WhatsApp-Image-2024-06-18-at-22.32.41-1024x1024.jpeg\" alt=\"\" class=\"wp-image-10668\" srcset=\"https:\/\/przylep.edu.pl\/przedszkole\/wp-content\/uploads\/2024\/06\/WhatsApp-Image-2024-06-18-at-22.32.41-1024x1024.jpeg 1024w, https:\/\/przylep.edu.pl\/przedszkole\/wp-content\/uploads\/2024\/06\/WhatsApp-Image-2024-06-18-at-22.32.41-300x300.jpeg 300w, https:\/\/przylep.edu.pl\/przedszkole\/wp-content\/uploads\/2024\/06\/WhatsApp-Image-2024-06-18-at-22.32.41-150x150.jpeg 150w, https:\/\/przylep.edu.pl\/przedszkole\/wp-content\/uploads\/2024\/06\/WhatsApp-Image-2024-06-18-at-22.32.41-768x768.jpeg 768w, https:\/\/przylep.edu.pl\/przedszkole\/wp-content\/uploads\/2024\/06\/WhatsApp-Image-2024-06-18-at-22.32.41-600x600.jpeg 600w, https:\/\/przylep.edu.pl\/przedszkole\/wp-content\/uploads\/2024\/06\/WhatsApp-Image-2024-06-18-at-22.32.41.jpeg 1440w\" sizes=\"auto, (max-width: 1024px) 100vw, 1024px\" \/><\/figure>\n<\/figure>\n\n\n\n<p> <\/p>\n","protected":false},"excerpt":{"rendered":"<p>28 maja klasa 4a uda\u0142a si\u0119 komunikacj\u0105 miejsk\u0105 do Centrum Dialogu Prze\u0142omy na lekcj\u0119 historii pt &#8222;Przesz\u0142o\u015b\u0107 odleg\u0142a i ca\u0142kiem bliska&#8221;. Uczniowie mieli szans\u0119 pozna\u0107 muzeum wraz z opiekunem- p. Ew\u0105, kt\u00f3ra nie tylko przybli\u017cy\u0142a im eksponaty muzealne, lecz r\u00f3wnie\u017c opowiedzia\u0142a o historii z nimi zwi\u0105zanej i w bardzo przejrzysty i zrozumia\u0142y spos\u00f3b przedstawi\u0142a fascynuj\u0105c\u0105 [&hellip;]<\/p>\n","protected":false},"author":2,"featured_media":10670,"comment_status":"closed","ping_status":"open","sticky":false,"template":"","format":"standard","meta":{"footnotes":""},"categories":[45,41,40],"tags":[],"class_list":["post-10665","post","type-post","status-publish","format-standard","has-post-thumbnail","hentry","category-aktualnosci","category-galerie","category-strona-glowna"],"_links":{"self":[{"href":"https:\/\/przylep.edu.pl\/przedszkole\/wp-json\/wp\/v2\/posts\/10665","targetHints":{"allow":["GET"]}}],"collection":[{"href":"https:\/\/przylep.edu.pl\/przedszkole\/wp-json\/wp\/v2\/posts"}],"about":[{"href":"https:\/\/przylep.edu.pl\/przedszkole\/wp-json\/wp\/v2\/types\/post"}],"author":[{"embeddable":true,"href":"https:\/\/przylep.edu.pl\/przedszkole\/wp-json\/wp\/v2\/users\/2"}],"replies":[{"embeddable":true,"href":"https:\/\/przylep.edu.pl\/przedszkole\/wp-json\/wp\/v2\/comments?post=10665"}],"version-history":[{"count":1,"href":"https:\/\/przylep.edu.pl\/przedszkole\/wp-json\/wp\/v2\/posts\/10665\/revisions"}],"predecessor-version":[{"id":10671,"href":"https:\/\/przylep.edu.pl\/przedszkole\/wp-json\/wp\/v2\/posts\/10665\/revisions\/10671"}],"wp:featuredmedia":[{"embeddable":true,"href":"https:\/\/przylep.edu.pl\/przedszkole\/wp-json\/wp\/v2\/media\/10670"}],"wp:attachment":[{"href":"https:\/\/przylep.edu.pl\/przedszkole\/wp-json\/wp\/v2\/media?parent=10665"}],"wp:term":[{"taxonomy":"category","embeddable":true,"href":"https:\/\/przylep.edu.pl\/przedszkole\/wp-json\/wp\/v2\/categories?post=10665"},{"taxonomy":"post_tag","embeddable":true,"href":"https:\/\/przylep.edu.pl\/przedszkole\/wp-json\/wp\/v2\/tags?post=10665"}],"curies":[{"name":"wp","href":"https:\/\/api.w.org\/{rel}","templated":true}]}}