{"id":10633,"date":"2024-06-18T22:24:02","date_gmt":"2024-06-18T20:24:02","guid":{"rendered":"https:\/\/przylep.edu.pl\/przedszkole\/?p=10633"},"modified":"2024-06-18T22:24:04","modified_gmt":"2024-06-18T20:24:04","slug":"kolejowa-wyprawa-nad-morze-kl-2a","status":"publish","type":"post","link":"https:\/\/przylep.edu.pl\/przedszkole\/2024\/06\/18\/kolejowa-wyprawa-nad-morze-kl-2a\/","title":{"rendered":"Kolejowa Wyprawa nad morze kl 2a"},"content":{"rendered":"\n<p>7 czerwca 2024 r. klasa 2 A wybra\u0142a si\u0119 poci\u0105giem do Mi\u0119dzyzdroj\u00f3w. Podczas pobytu w Mi\u0119dzyzdrojach przeszli\u015bmy si\u0119 po mie\u015bcie, zobaczyli\u015bmy molo, promenad\u0119 i ukochany przez dzieci plac zabaw! Odwiedzili\u015bmy r\u00f3wnie\u017c Oceanarium, gdzie mo\u017cna obejrze\u0107 ryby z ca\u0142ego \u015bwiata, w tym drapie\u017cne rekiny i mureny. Zdecydowan\u0105 atrakcj\u0105 wycieczki by\u0142 16-metrowy p\u00f3\u0142 tunel. Oceanarium w Mi\u0119dzyzdrojach to r\u00f3wnie\u017c ryby rafowe i s\u0142odkowodne pi\u0119kno\u015bci. Uczniowie mieli prawdziw\u0105 lekcj\u0119 przyrody w terenie, podczas kt\u00f3rej tworzyli notatki wizualne. Nast\u0119pnie po zjedzeniu pysznej pizzy wybrali\u015bmy si\u0119 na spacer po pla\u017cy. Naszym kolejnym celem by\u0142a Kawcza G\u00f3ra. W trakcie pobytu w Woli\u0144skim Parku Narodowym s\u0142uchali\u015bmy \u015bpiewu ptak\u00f3w i rozgl\u0105dali\u015bmy si\u0119, by zobaczy\u0107 pi\u0119kno otaczaj\u0105cej nas przyrody. Na deser tej fantastycznej przygody wybrali\u015bmy si\u0119 na lody. Wszyscy zadowoleni i przeszcz\u0119\u015bliwi wr\u00f3cili\u015bmy bezpiecznie na stacj\u0119 PKP w Mi\u0119dzyzdrojach i przyjechali\u015bmy do Szczecina. Dzie\u0144 by\u0142 udany, pe\u0142en wra\u017ce\u0144 i niezapomnianych przyg\u00f3d.<\/p>\n\n\n\n<figure class=\"wp-block-gallery has-nested-images columns-default is-cropped wp-block-gallery-1 is-layout-flex wp-block-gallery-is-layout-flex\">\n<figure class=\"wp-block-image size-large\"><img loading=\"lazy\" decoding=\"async\" width=\"1024\" height=\"1024\" data-id=\"10659\" src=\"https:\/\/przylep.edu.pl\/przedszkole\/wp-content\/uploads\/2024\/06\/WhatsApp-Image-2024-06-18-at-22.18.57-1-1-1024x1024.jpeg\" alt=\"\" class=\"wp-image-10659\" srcset=\"https:\/\/przylep.edu.pl\/przedszkole\/wp-content\/uploads\/2024\/06\/WhatsApp-Image-2024-06-18-at-22.18.57-1-1-1024x1024.jpeg 1024w, https:\/\/przylep.edu.pl\/przedszkole\/wp-content\/uploads\/2024\/06\/WhatsApp-Image-2024-06-18-at-22.18.57-1-1-300x300.jpeg 300w, https:\/\/przylep.edu.pl\/przedszkole\/wp-content\/uploads\/2024\/06\/WhatsApp-Image-2024-06-18-at-22.18.57-1-1-150x150.jpeg 150w, https:\/\/przylep.edu.pl\/przedszkole\/wp-content\/uploads\/2024\/06\/WhatsApp-Image-2024-06-18-at-22.18.57-1-1-768x768.jpeg 768w, https:\/\/przylep.edu.pl\/przedszkole\/wp-content\/uploads\/2024\/06\/WhatsApp-Image-2024-06-18-at-22.18.57-1-1-600x600.jpeg 600w, https:\/\/przylep.edu.pl\/przedszkole\/wp-content\/uploads\/2024\/06\/WhatsApp-Image-2024-06-18-at-22.18.57-1-1.jpeg 1440w\" sizes=\"auto, (max-width: 1024px) 100vw, 1024px\" \/><\/figure>\n\n\n\n<figure class=\"wp-block-image size-large\"><img loading=\"lazy\" decoding=\"async\" width=\"1024\" height=\"1024\" data-id=\"10661\" src=\"https:\/\/przylep.edu.pl\/przedszkole\/wp-content\/uploads\/2024\/06\/WhatsApp-Image-2024-06-18-at-22.18.57-1024x1024.jpeg\" alt=\"\" class=\"wp-image-10661\" srcset=\"https:\/\/przylep.edu.pl\/przedszkole\/wp-content\/uploads\/2024\/06\/WhatsApp-Image-2024-06-18-at-22.18.57-1024x1024.jpeg 1024w, https:\/\/przylep.edu.pl\/przedszkole\/wp-content\/uploads\/2024\/06\/WhatsApp-Image-2024-06-18-at-22.18.57-300x300.jpeg 300w, https:\/\/przylep.edu.pl\/przedszkole\/wp-content\/uploads\/2024\/06\/WhatsApp-Image-2024-06-18-at-22.18.57-150x150.jpeg 150w, https:\/\/przylep.edu.pl\/przedszkole\/wp-content\/uploads\/2024\/06\/WhatsApp-Image-2024-06-18-at-22.18.57-768x768.jpeg 768w, https:\/\/przylep.edu.pl\/przedszkole\/wp-content\/uploads\/2024\/06\/WhatsApp-Image-2024-06-18-at-22.18.57-600x600.jpeg 600w, https:\/\/przylep.edu.pl\/przedszkole\/wp-content\/uploads\/2024\/06\/WhatsApp-Image-2024-06-18-at-22.18.57.jpeg 1440w\" sizes=\"auto, (max-width: 1024px) 100vw, 1024px\" \/><\/figure>\n\n\n\n<figure class=\"wp-block-image size-large\"><img loading=\"lazy\" decoding=\"async\" width=\"1024\" height=\"1024\" data-id=\"10662\" src=\"https:\/\/przylep.edu.pl\/przedszkole\/wp-content\/uploads\/2024\/06\/WhatsApp-Image-2024-06-18-at-22.18.58-1-1024x1024.jpeg\" alt=\"\" class=\"wp-image-10662\" srcset=\"https:\/\/przylep.edu.pl\/przedszkole\/wp-content\/uploads\/2024\/06\/WhatsApp-Image-2024-06-18-at-22.18.58-1-1024x1024.jpeg 1024w, https:\/\/przylep.edu.pl\/przedszkole\/wp-content\/uploads\/2024\/06\/WhatsApp-Image-2024-06-18-at-22.18.58-1-300x300.jpeg 300w, https:\/\/przylep.edu.pl\/przedszkole\/wp-content\/uploads\/2024\/06\/WhatsApp-Image-2024-06-18-at-22.18.58-1-150x150.jpeg 150w, https:\/\/przylep.edu.pl\/przedszkole\/wp-content\/uploads\/2024\/06\/WhatsApp-Image-2024-06-18-at-22.18.58-1-768x768.jpeg 768w, https:\/\/przylep.edu.pl\/przedszkole\/wp-content\/uploads\/2024\/06\/WhatsApp-Image-2024-06-18-at-22.18.58-1-600x600.jpeg 600w, https:\/\/przylep.edu.pl\/przedszkole\/wp-content\/uploads\/2024\/06\/WhatsApp-Image-2024-06-18-at-22.18.58-1.jpeg 1440w\" sizes=\"auto, (max-width: 1024px) 100vw, 1024px\" \/><\/figure>\n\n\n\n<figure class=\"wp-block-image size-large\"><img loading=\"lazy\" decoding=\"async\" width=\"1024\" height=\"1024\" data-id=\"10660\" src=\"https:\/\/przylep.edu.pl\/przedszkole\/wp-content\/uploads\/2024\/06\/WhatsApp-Image-2024-06-18-at-22.18.58-1024x1024.jpeg\" alt=\"\" class=\"wp-image-10660\" srcset=\"https:\/\/przylep.edu.pl\/przedszkole\/wp-content\/uploads\/2024\/06\/WhatsApp-Image-2024-06-18-at-22.18.58-1024x1024.jpeg 1024w, https:\/\/przylep.edu.pl\/przedszkole\/wp-content\/uploads\/2024\/06\/WhatsApp-Image-2024-06-18-at-22.18.58-300x300.jpeg 300w, https:\/\/przylep.edu.pl\/przedszkole\/wp-content\/uploads\/2024\/06\/WhatsApp-Image-2024-06-18-at-22.18.58-150x150.jpeg 150w, https:\/\/przylep.edu.pl\/przedszkole\/wp-content\/uploads\/2024\/06\/WhatsApp-Image-2024-06-18-at-22.18.58-768x768.jpeg 768w, https:\/\/przylep.edu.pl\/przedszkole\/wp-content\/uploads\/2024\/06\/WhatsApp-Image-2024-06-18-at-22.18.58-600x600.jpeg 600w, https:\/\/przylep.edu.pl\/przedszkole\/wp-content\/uploads\/2024\/06\/WhatsApp-Image-2024-06-18-at-22.18.58.jpeg 1440w\" sizes=\"auto, (max-width: 1024px) 100vw, 1024px\" \/><\/figure>\n<\/figure>\n","protected":false},"excerpt":{"rendered":"<p>7 czerwca 2024 r. klasa 2 A wybra\u0142a si\u0119 poci\u0105giem do Mi\u0119dzyzdroj\u00f3w. Podczas pobytu w Mi\u0119dzyzdrojach przeszli\u015bmy si\u0119 po mie\u015bcie, zobaczyli\u015bmy molo, promenad\u0119 i ukochany przez dzieci plac zabaw! Odwiedzili\u015bmy r\u00f3wnie\u017c Oceanarium, gdzie mo\u017cna obejrze\u0107 ryby z ca\u0142ego \u015bwiata, w tym drapie\u017cne rekiny i mureny. Zdecydowan\u0105 atrakcj\u0105 wycieczki by\u0142 16-metrowy p\u00f3\u0142 tunel. Oceanarium w Mi\u0119dzyzdrojach [&hellip;]<\/p>\n","protected":false},"author":2,"featured_media":10663,"comment_status":"closed","ping_status":"open","sticky":false,"template":"","format":"standard","meta":{"footnotes":""},"categories":[45,41,40],"tags":[],"class_list":["post-10633","post","type-post","status-publish","format-standard","has-post-thumbnail","hentry","category-aktualnosci","category-galerie","category-strona-glowna"],"_links":{"self":[{"href":"https:\/\/przylep.edu.pl\/przedszkole\/wp-json\/wp\/v2\/posts\/10633","targetHints":{"allow":["GET"]}}],"collection":[{"href":"https:\/\/przylep.edu.pl\/przedszkole\/wp-json\/wp\/v2\/posts"}],"about":[{"href":"https:\/\/przylep.edu.pl\/przedszkole\/wp-json\/wp\/v2\/types\/post"}],"author":[{"embeddable":true,"href":"https:\/\/przylep.edu.pl\/przedszkole\/wp-json\/wp\/v2\/users\/2"}],"replies":[{"embeddable":true,"href":"https:\/\/przylep.edu.pl\/przedszkole\/wp-json\/wp\/v2\/comments?post=10633"}],"version-history":[{"count":1,"href":"https:\/\/przylep.edu.pl\/przedszkole\/wp-json\/wp\/v2\/posts\/10633\/revisions"}],"predecessor-version":[{"id":10664,"href":"https:\/\/przylep.edu.pl\/przedszkole\/wp-json\/wp\/v2\/posts\/10633\/revisions\/10664"}],"wp:featuredmedia":[{"embeddable":true,"href":"https:\/\/przylep.edu.pl\/przedszkole\/wp-json\/wp\/v2\/media\/10663"}],"wp:attachment":[{"href":"https:\/\/przylep.edu.pl\/przedszkole\/wp-json\/wp\/v2\/media?parent=10633"}],"wp:term":[{"taxonomy":"category","embeddable":true,"href":"https:\/\/przylep.edu.pl\/przedszkole\/wp-json\/wp\/v2\/categories?post=10633"},{"taxonomy":"post_tag","embeddable":true,"href":"https:\/\/przylep.edu.pl\/przedszkole\/wp-json\/wp\/v2\/tags?post=10633"}],"curies":[{"name":"wp","href":"https:\/\/api.w.org\/{rel}","templated":true}]}}