{"id":10591,"date":"2024-06-18T21:03:52","date_gmt":"2024-06-18T19:03:52","guid":{"rendered":"https:\/\/przylep.edu.pl\/przedszkole\/?p=10591"},"modified":"2024-06-18T21:03:53","modified_gmt":"2024-06-18T19:03:53","slug":"motyle-w-klasie-2b","status":"publish","type":"post","link":"https:\/\/przylep.edu.pl\/przedszkole\/2024\/06\/18\/motyle-w-klasie-2b\/","title":{"rendered":"Motyle w klasie 2b"},"content":{"rendered":"\n<p>W maju br. uczniowie klasy II B powitali nowych cz\u0142onk\u00f3w naszej<br>klasowej spo\u0142eczno\u015bci. Dzi\u0119ki mamie Niny, kt\u00f3ra zakupi\u0142a nam hodowl\u0119 motyli,<br>w sali pojawi\u0142o si\u0119 7 czarnych g\u0105sienic. Zgodnie z instrukcj\u0105 hodowli<br>wypu\u015bcili\u015bmy je na pokrzyw\u0119 w doniczce i przykryli\u015bmy specjalnym<br>przepuszczalnym powietrze materia\u0142em. Przez dwa dni g\u0105sienice \u017cywi\u0142y si\u0119<br>pokrzyw\u0105, by potem zamieni\u0107 si\u0119 w wisz\u0105ce kokony. Po tygodniu czeka\u0142a na<br>nas niespodzianka \u2013 siedem pi\u0119knych motyli, kt\u00f3re wypu\u015bcilismy na wolno\u015b\u0107,<br>by cieszy\u0142y oczy innych.<\/p>\n\n\n\n<p>Iwona Po\u015bli\u0144ska<\/p>\n\n\n\n<figure class=\"wp-block-gallery has-nested-images columns-1 is-cropped wp-block-gallery-1 is-layout-flex wp-block-gallery-is-layout-flex\">\n<figure class=\"wp-block-image size-large\"><img loading=\"lazy\" decoding=\"async\" width=\"461\" height=\"1024\" data-id=\"10592\" src=\"https:\/\/przylep.edu.pl\/przedszkole\/wp-content\/uploads\/2024\/06\/WhatsApp-Image-2024-06-18-at-20.47.22-1-461x1024.jpeg\" alt=\"\" class=\"wp-image-10592\" srcset=\"https:\/\/przylep.edu.pl\/przedszkole\/wp-content\/uploads\/2024\/06\/WhatsApp-Image-2024-06-18-at-20.47.22-1-461x1024.jpeg 461w, https:\/\/przylep.edu.pl\/przedszkole\/wp-content\/uploads\/2024\/06\/WhatsApp-Image-2024-06-18-at-20.47.22-1-135x300.jpeg 135w, https:\/\/przylep.edu.pl\/przedszkole\/wp-content\/uploads\/2024\/06\/WhatsApp-Image-2024-06-18-at-20.47.22-1-691x1536.jpeg 691w, https:\/\/przylep.edu.pl\/przedszkole\/wp-content\/uploads\/2024\/06\/WhatsApp-Image-2024-06-18-at-20.47.22-1.jpeg 720w\" sizes=\"auto, (max-width: 461px) 100vw, 461px\" \/><\/figure>\n\n\n\n<figure class=\"wp-block-image size-large\"><img loading=\"lazy\" decoding=\"async\" width=\"461\" height=\"1024\" data-id=\"10593\" src=\"https:\/\/przylep.edu.pl\/przedszkole\/wp-content\/uploads\/2024\/06\/WhatsApp-Image-2024-06-18-at-20.47.22-2-461x1024.jpeg\" alt=\"\" class=\"wp-image-10593\" srcset=\"https:\/\/przylep.edu.pl\/przedszkole\/wp-content\/uploads\/2024\/06\/WhatsApp-Image-2024-06-18-at-20.47.22-2-461x1024.jpeg 461w, https:\/\/przylep.edu.pl\/przedszkole\/wp-content\/uploads\/2024\/06\/WhatsApp-Image-2024-06-18-at-20.47.22-2-135x300.jpeg 135w, https:\/\/przylep.edu.pl\/przedszkole\/wp-content\/uploads\/2024\/06\/WhatsApp-Image-2024-06-18-at-20.47.22-2-691x1536.jpeg 691w, https:\/\/przylep.edu.pl\/przedszkole\/wp-content\/uploads\/2024\/06\/WhatsApp-Image-2024-06-18-at-20.47.22-2.jpeg 720w\" sizes=\"auto, (max-width: 461px) 100vw, 461px\" \/><\/figure>\n\n\n\n<figure class=\"wp-block-image size-large\"><img loading=\"lazy\" decoding=\"async\" width=\"461\" height=\"1024\" data-id=\"10596\" src=\"https:\/\/przylep.edu.pl\/przedszkole\/wp-content\/uploads\/2024\/06\/WhatsApp-Image-2024-06-18-at-20.47.22-461x1024.jpeg\" alt=\"\" class=\"wp-image-10596\" srcset=\"https:\/\/przylep.edu.pl\/przedszkole\/wp-content\/uploads\/2024\/06\/WhatsApp-Image-2024-06-18-at-20.47.22-461x1024.jpeg 461w, https:\/\/przylep.edu.pl\/przedszkole\/wp-content\/uploads\/2024\/06\/WhatsApp-Image-2024-06-18-at-20.47.22-135x300.jpeg 135w, https:\/\/przylep.edu.pl\/przedszkole\/wp-content\/uploads\/2024\/06\/WhatsApp-Image-2024-06-18-at-20.47.22-691x1536.jpeg 691w, https:\/\/przylep.edu.pl\/przedszkole\/wp-content\/uploads\/2024\/06\/WhatsApp-Image-2024-06-18-at-20.47.22.jpeg 720w\" sizes=\"auto, (max-width: 461px) 100vw, 461px\" \/><\/figure>\n\n\n\n<figure class=\"wp-block-image size-large\"><img loading=\"lazy\" decoding=\"async\" width=\"461\" height=\"1024\" data-id=\"10595\" src=\"https:\/\/przylep.edu.pl\/przedszkole\/wp-content\/uploads\/2024\/06\/WhatsApp-Image-2024-06-18-at-20.48.11-461x1024.jpeg\" alt=\"\" class=\"wp-image-10595\" srcset=\"https:\/\/przylep.edu.pl\/przedszkole\/wp-content\/uploads\/2024\/06\/WhatsApp-Image-2024-06-18-at-20.48.11-461x1024.jpeg 461w, https:\/\/przylep.edu.pl\/przedszkole\/wp-content\/uploads\/2024\/06\/WhatsApp-Image-2024-06-18-at-20.48.11-135x300.jpeg 135w, https:\/\/przylep.edu.pl\/przedszkole\/wp-content\/uploads\/2024\/06\/WhatsApp-Image-2024-06-18-at-20.48.11-691x1536.jpeg 691w, https:\/\/przylep.edu.pl\/przedszkole\/wp-content\/uploads\/2024\/06\/WhatsApp-Image-2024-06-18-at-20.48.11.jpeg 720w\" sizes=\"auto, (max-width: 461px) 100vw, 461px\" \/><\/figure>\n\n\n\n<figure class=\"wp-block-image size-large\"><img loading=\"lazy\" decoding=\"async\" width=\"1024\" height=\"461\" data-id=\"10594\" src=\"https:\/\/przylep.edu.pl\/przedszkole\/wp-content\/uploads\/2024\/06\/WhatsApp-Image-2024-06-18-at-20.48.12-1024x461.jpeg\" alt=\"\" class=\"wp-image-10594\" srcset=\"https:\/\/przylep.edu.pl\/przedszkole\/wp-content\/uploads\/2024\/06\/WhatsApp-Image-2024-06-18-at-20.48.12-1024x461.jpeg 1024w, https:\/\/przylep.edu.pl\/przedszkole\/wp-content\/uploads\/2024\/06\/WhatsApp-Image-2024-06-18-at-20.48.12-300x135.jpeg 300w, https:\/\/przylep.edu.pl\/przedszkole\/wp-content\/uploads\/2024\/06\/WhatsApp-Image-2024-06-18-at-20.48.12-768x346.jpeg 768w, https:\/\/przylep.edu.pl\/przedszkole\/wp-content\/uploads\/2024\/06\/WhatsApp-Image-2024-06-18-at-20.48.12-1536x691.jpeg 1536w, https:\/\/przylep.edu.pl\/przedszkole\/wp-content\/uploads\/2024\/06\/WhatsApp-Image-2024-06-18-at-20.48.12.jpeg 1600w\" sizes=\"auto, (max-width: 1024px) 100vw, 1024px\" \/><\/figure>\n<\/figure>\n\n\n\n<figure class=\"wp-block-gallery has-nested-images columns-default is-cropped wp-block-gallery-2 is-layout-flex wp-block-gallery-is-layout-flex\">\n<figure class=\"wp-block-image size-large\"><img loading=\"lazy\" decoding=\"async\" width=\"768\" height=\"1024\" data-id=\"10597\" src=\"https:\/\/przylep.edu.pl\/przedszkole\/wp-content\/uploads\/2024\/06\/WhatsApp-Image-2024-05-27-at-14.05.51-1-768x1024.jpeg\" alt=\"\" class=\"wp-image-10597\" srcset=\"https:\/\/przylep.edu.pl\/przedszkole\/wp-content\/uploads\/2024\/06\/WhatsApp-Image-2024-05-27-at-14.05.51-1-768x1024.jpeg 768w, https:\/\/przylep.edu.pl\/przedszkole\/wp-content\/uploads\/2024\/06\/WhatsApp-Image-2024-05-27-at-14.05.51-1-225x300.jpeg 225w, https:\/\/przylep.edu.pl\/przedszkole\/wp-content\/uploads\/2024\/06\/WhatsApp-Image-2024-05-27-at-14.05.51-1-1152x1536.jpeg 1152w, https:\/\/przylep.edu.pl\/przedszkole\/wp-content\/uploads\/2024\/06\/WhatsApp-Image-2024-05-27-at-14.05.51-1.jpeg 1200w\" sizes=\"auto, (max-width: 768px) 100vw, 768px\" \/><\/figure>\n\n\n\n<figure class=\"wp-block-image size-large\"><img loading=\"lazy\" decoding=\"async\" width=\"768\" height=\"1024\" data-id=\"10598\" src=\"https:\/\/przylep.edu.pl\/przedszkole\/wp-content\/uploads\/2024\/06\/WhatsApp-Image-2024-05-27-at-14.05.51-2-768x1024.jpeg\" alt=\"\" class=\"wp-image-10598\" srcset=\"https:\/\/przylep.edu.pl\/przedszkole\/wp-content\/uploads\/2024\/06\/WhatsApp-Image-2024-05-27-at-14.05.51-2-768x1024.jpeg 768w, https:\/\/przylep.edu.pl\/przedszkole\/wp-content\/uploads\/2024\/06\/WhatsApp-Image-2024-05-27-at-14.05.51-2-225x300.jpeg 225w, https:\/\/przylep.edu.pl\/przedszkole\/wp-content\/uploads\/2024\/06\/WhatsApp-Image-2024-05-27-at-14.05.51-2-1152x1536.jpeg 1152w, https:\/\/przylep.edu.pl\/przedszkole\/wp-content\/uploads\/2024\/06\/WhatsApp-Image-2024-05-27-at-14.05.51-2.jpeg 1200w\" sizes=\"auto, (max-width: 768px) 100vw, 768px\" \/><\/figure>\n\n\n\n<figure class=\"wp-block-image size-large\"><img loading=\"lazy\" decoding=\"async\" width=\"768\" height=\"1024\" data-id=\"10599\" src=\"https:\/\/przylep.edu.pl\/przedszkole\/wp-content\/uploads\/2024\/06\/WhatsApp-Image-2024-05-27-at-14.05.51-768x1024.jpeg\" alt=\"\" class=\"wp-image-10599\" srcset=\"https:\/\/przylep.edu.pl\/przedszkole\/wp-content\/uploads\/2024\/06\/WhatsApp-Image-2024-05-27-at-14.05.51-768x1024.jpeg 768w, https:\/\/przylep.edu.pl\/przedszkole\/wp-content\/uploads\/2024\/06\/WhatsApp-Image-2024-05-27-at-14.05.51-225x300.jpeg 225w, https:\/\/przylep.edu.pl\/przedszkole\/wp-content\/uploads\/2024\/06\/WhatsApp-Image-2024-05-27-at-14.05.51-1152x1536.jpeg 1152w, https:\/\/przylep.edu.pl\/przedszkole\/wp-content\/uploads\/2024\/06\/WhatsApp-Image-2024-05-27-at-14.05.51.jpeg 1200w\" sizes=\"auto, (max-width: 768px) 100vw, 768px\" \/><\/figure>\n\n\n\n<figure class=\"wp-block-image size-large\"><img loading=\"lazy\" decoding=\"async\" width=\"1024\" height=\"768\" data-id=\"10601\" src=\"https:\/\/przylep.edu.pl\/przedszkole\/wp-content\/uploads\/2024\/06\/WhatsApp-Image-2024-05-27-at-14.05.53-1024x768.jpeg\" alt=\"\" class=\"wp-image-10601\" srcset=\"https:\/\/przylep.edu.pl\/przedszkole\/wp-content\/uploads\/2024\/06\/WhatsApp-Image-2024-05-27-at-14.05.53-1024x768.jpeg 1024w, https:\/\/przylep.edu.pl\/przedszkole\/wp-content\/uploads\/2024\/06\/WhatsApp-Image-2024-05-27-at-14.05.53-300x225.jpeg 300w, https:\/\/przylep.edu.pl\/przedszkole\/wp-content\/uploads\/2024\/06\/WhatsApp-Image-2024-05-27-at-14.05.53-768x576.jpeg 768w, https:\/\/przylep.edu.pl\/przedszkole\/wp-content\/uploads\/2024\/06\/WhatsApp-Image-2024-05-27-at-14.05.53-1536x1152.jpeg 1536w, https:\/\/przylep.edu.pl\/przedszkole\/wp-content\/uploads\/2024\/06\/WhatsApp-Image-2024-05-27-at-14.05.53-600x450.jpeg 600w, https:\/\/przylep.edu.pl\/przedszkole\/wp-content\/uploads\/2024\/06\/WhatsApp-Image-2024-05-27-at-14.05.53.jpeg 1600w\" sizes=\"auto, (max-width: 1024px) 100vw, 1024px\" \/><\/figure>\n\n\n\n<figure class=\"wp-block-image size-large\"><img loading=\"lazy\" decoding=\"async\" width=\"768\" height=\"1024\" data-id=\"10600\" src=\"https:\/\/przylep.edu.pl\/przedszkole\/wp-content\/uploads\/2024\/06\/WhatsApp-Image-2024-05-27-at-14.05.54-1-768x1024.jpeg\" alt=\"\" class=\"wp-image-10600\" srcset=\"https:\/\/przylep.edu.pl\/przedszkole\/wp-content\/uploads\/2024\/06\/WhatsApp-Image-2024-05-27-at-14.05.54-1-768x1024.jpeg 768w, https:\/\/przylep.edu.pl\/przedszkole\/wp-content\/uploads\/2024\/06\/WhatsApp-Image-2024-05-27-at-14.05.54-1-225x300.jpeg 225w, https:\/\/przylep.edu.pl\/przedszkole\/wp-content\/uploads\/2024\/06\/WhatsApp-Image-2024-05-27-at-14.05.54-1-1152x1536.jpeg 1152w, https:\/\/przylep.edu.pl\/przedszkole\/wp-content\/uploads\/2024\/06\/WhatsApp-Image-2024-05-27-at-14.05.54-1.jpeg 1200w\" sizes=\"auto, (max-width: 768px) 100vw, 768px\" \/><\/figure>\n\n\n\n<figure class=\"wp-block-image size-large\"><img loading=\"lazy\" decoding=\"async\" width=\"768\" height=\"1024\" data-id=\"10602\" src=\"https:\/\/przylep.edu.pl\/przedszkole\/wp-content\/uploads\/2024\/06\/WhatsApp-Image-2024-05-27-at-14.05.54-768x1024.jpeg\" alt=\"\" class=\"wp-image-10602\" srcset=\"https:\/\/przylep.edu.pl\/przedszkole\/wp-content\/uploads\/2024\/06\/WhatsApp-Image-2024-05-27-at-14.05.54-768x1024.jpeg 768w, https:\/\/przylep.edu.pl\/przedszkole\/wp-content\/uploads\/2024\/06\/WhatsApp-Image-2024-05-27-at-14.05.54-225x300.jpeg 225w, https:\/\/przylep.edu.pl\/przedszkole\/wp-content\/uploads\/2024\/06\/WhatsApp-Image-2024-05-27-at-14.05.54-1152x1536.jpeg 1152w, https:\/\/przylep.edu.pl\/przedszkole\/wp-content\/uploads\/2024\/06\/WhatsApp-Image-2024-05-27-at-14.05.54.jpeg 1200w\" sizes=\"auto, (max-width: 768px) 100vw, 768px\" \/><\/figure>\n\n\n\n<figure class=\"wp-block-image size-large\"><img loading=\"lazy\" decoding=\"async\" width=\"768\" height=\"1024\" data-id=\"10603\" src=\"https:\/\/przylep.edu.pl\/przedszkole\/wp-content\/uploads\/2024\/06\/WhatsApp-Image-2024-05-27-at-14.05.55-768x1024.jpeg\" alt=\"\" class=\"wp-image-10603\" srcset=\"https:\/\/przylep.edu.pl\/przedszkole\/wp-content\/uploads\/2024\/06\/WhatsApp-Image-2024-05-27-at-14.05.55-768x1024.jpeg 768w, https:\/\/przylep.edu.pl\/przedszkole\/wp-content\/uploads\/2024\/06\/WhatsApp-Image-2024-05-27-at-14.05.55-225x300.jpeg 225w, https:\/\/przylep.edu.pl\/przedszkole\/wp-content\/uploads\/2024\/06\/WhatsApp-Image-2024-05-27-at-14.05.55-1152x1536.jpeg 1152w, https:\/\/przylep.edu.pl\/przedszkole\/wp-content\/uploads\/2024\/06\/WhatsApp-Image-2024-05-27-at-14.05.55.jpeg 1200w\" sizes=\"auto, (max-width: 768px) 100vw, 768px\" \/><\/figure>\n<\/figure>\n","protected":false},"excerpt":{"rendered":"<p>W maju br. uczniowie klasy II B powitali nowych cz\u0142onk\u00f3w naszejklasowej spo\u0142eczno\u015bci. Dzi\u0119ki mamie Niny, kt\u00f3ra zakupi\u0142a nam hodowl\u0119 motyli,w sali pojawi\u0142o si\u0119 7 czarnych g\u0105sienic. Zgodnie z instrukcj\u0105 hodowliwypu\u015bcili\u015bmy je na pokrzyw\u0119 w doniczce i przykryli\u015bmy specjalnymprzepuszczalnym powietrze materia\u0142em. Przez dwa dni g\u0105sienice \u017cywi\u0142y si\u0119pokrzyw\u0105, by potem zamieni\u0107 si\u0119 w wisz\u0105ce kokony. Po tygodniu [&hellip;]<\/p>\n","protected":false},"author":2,"featured_media":10605,"comment_status":"closed","ping_status":"open","sticky":false,"template":"","format":"standard","meta":{"footnotes":""},"categories":[45,41,40],"tags":[],"class_list":["post-10591","post","type-post","status-publish","format-standard","has-post-thumbnail","hentry","category-aktualnosci","category-galerie","category-strona-glowna"],"_links":{"self":[{"href":"https:\/\/przylep.edu.pl\/przedszkole\/wp-json\/wp\/v2\/posts\/10591","targetHints":{"allow":["GET"]}}],"collection":[{"href":"https:\/\/przylep.edu.pl\/przedszkole\/wp-json\/wp\/v2\/posts"}],"about":[{"href":"https:\/\/przylep.edu.pl\/przedszkole\/wp-json\/wp\/v2\/types\/post"}],"author":[{"embeddable":true,"href":"https:\/\/przylep.edu.pl\/przedszkole\/wp-json\/wp\/v2\/users\/2"}],"replies":[{"embeddable":true,"href":"https:\/\/przylep.edu.pl\/przedszkole\/wp-json\/wp\/v2\/comments?post=10591"}],"version-history":[{"count":1,"href":"https:\/\/przylep.edu.pl\/przedszkole\/wp-json\/wp\/v2\/posts\/10591\/revisions"}],"predecessor-version":[{"id":10606,"href":"https:\/\/przylep.edu.pl\/przedszkole\/wp-json\/wp\/v2\/posts\/10591\/revisions\/10606"}],"wp:featuredmedia":[{"embeddable":true,"href":"https:\/\/przylep.edu.pl\/przedszkole\/wp-json\/wp\/v2\/media\/10605"}],"wp:attachment":[{"href":"https:\/\/przylep.edu.pl\/przedszkole\/wp-json\/wp\/v2\/media?parent=10591"}],"wp:term":[{"taxonomy":"category","embeddable":true,"href":"https:\/\/przylep.edu.pl\/przedszkole\/wp-json\/wp\/v2\/categories?post=10591"},{"taxonomy":"post_tag","embeddable":true,"href":"https:\/\/przylep.edu.pl\/przedszkole\/wp-json\/wp\/v2\/tags?post=10591"}],"curies":[{"name":"wp","href":"https:\/\/api.w.org\/{rel}","templated":true}]}}