{"id":10576,"date":"2024-06-18T21:07:02","date_gmt":"2024-06-18T19:07:02","guid":{"rendered":"https:\/\/przylep.edu.pl\/przedszkole\/?p=10576"},"modified":"2024-06-18T21:07:04","modified_gmt":"2024-06-18T19:07:04","slug":"wycieczka-autokarowa-do-berlina","status":"publish","type":"post","link":"https:\/\/przylep.edu.pl\/przedszkole\/2024\/06\/18\/wycieczka-autokarowa-do-berlina\/","title":{"rendered":"Wycieczka autokarowa do Berlina"},"content":{"rendered":"\n<p>07.06. 2024r. klasy II b, III a i IV a wzi\u0119\u0142y udzia\u0142 w wycieczce do stolicy Niemiec \u2013<br>Berlina. Celem wycieczki by\u0142a wizyta w Muzeum Techniki. Uczniowie na 28 500 metrach<br>kwadratowych zwiedzili wystawy po\u015bwi\u0119cone lotnictwu, \u017cegludze, transportowi kolejowemu<br>i mobilno\u015bci samochodowej, technologii komunikacyjnej, historii komputer\u00f3w itp. Opr\u00f3cz<br>nich na naszych zwiedzaj\u0105cych uczni\u00f3w czeka\u0142y r\u00f3wnie\u017c wystawy po\u015bwi\u0119cone m.in.: historii<br>cukru, tekstyliom, chemii i farmacji, produkcji kufr\u00f3w i bi\u017cuterii, technice filmowej, technice<br>fotograficznej, informatyce, technice druku i papiernictwu. Du\u017ce wra\u017cenie zrobi\u0142 dzia\u0142<br>kolejnictwa, kt\u00f3ry zajmuje dwie przerobione zabytkowe lokomotywownie z XIX wieku.<br>Mo\u017cna tu by\u0142o zobaczy\u0107 lokomotywy oraz wagony z r\u00f3\u017cnych okres\u00f3w, w tym wagon<br>nale\u017c\u0105cy do ostatniego niemieckiego cesarza Wilhelma II. Mo\u017cna wi\u0119c stwierdzi\u0107, \u017ce ka\u017cdy<br>odnalaz\u0142 tu co\u015b dla siebie.<br>To by\u0142a bardzo pouczaj\u0105ca i udana wycieczka.<\/p>\n\n\n\n<p>Iwona Po\u015bli\u0144ska<\/p>\n\n\n\n<figure class=\"wp-block-gallery has-nested-images columns-1 is-cropped wp-block-gallery-1 is-layout-flex wp-block-gallery-is-layout-flex\">\n<figure class=\"wp-block-image size-large\"><img loading=\"lazy\" decoding=\"async\" width=\"1024\" height=\"1024\" data-id=\"10578\" src=\"https:\/\/przylep.edu.pl\/przedszkole\/wp-content\/uploads\/2024\/06\/WhatsApp-Image-2024-06-12-at-07.40.14-1024x1024.jpeg\" alt=\"\" class=\"wp-image-10578\" srcset=\"https:\/\/przylep.edu.pl\/przedszkole\/wp-content\/uploads\/2024\/06\/WhatsApp-Image-2024-06-12-at-07.40.14-1024x1024.jpeg 1024w, https:\/\/przylep.edu.pl\/przedszkole\/wp-content\/uploads\/2024\/06\/WhatsApp-Image-2024-06-12-at-07.40.14-300x300.jpeg 300w, https:\/\/przylep.edu.pl\/przedszkole\/wp-content\/uploads\/2024\/06\/WhatsApp-Image-2024-06-12-at-07.40.14-150x150.jpeg 150w, https:\/\/przylep.edu.pl\/przedszkole\/wp-content\/uploads\/2024\/06\/WhatsApp-Image-2024-06-12-at-07.40.14-768x768.jpeg 768w, https:\/\/przylep.edu.pl\/przedszkole\/wp-content\/uploads\/2024\/06\/WhatsApp-Image-2024-06-12-at-07.40.14-1536x1536.jpeg 1536w, https:\/\/przylep.edu.pl\/przedszkole\/wp-content\/uploads\/2024\/06\/WhatsApp-Image-2024-06-12-at-07.40.14-600x600.jpeg 600w, https:\/\/przylep.edu.pl\/przedszkole\/wp-content\/uploads\/2024\/06\/WhatsApp-Image-2024-06-12-at-07.40.14.jpeg 2040w\" sizes=\"auto, (max-width: 1024px) 100vw, 1024px\" \/><\/figure>\n\n\n\n<figure class=\"wp-block-image size-large\"><img loading=\"lazy\" decoding=\"async\" width=\"1024\" height=\"1024\" data-id=\"10577\" src=\"https:\/\/przylep.edu.pl\/przedszkole\/wp-content\/uploads\/2024\/06\/WhatsApp-Image-2024-06-12-at-07.40.44-1024x1024.jpeg\" alt=\"\" class=\"wp-image-10577\" srcset=\"https:\/\/przylep.edu.pl\/przedszkole\/wp-content\/uploads\/2024\/06\/WhatsApp-Image-2024-06-12-at-07.40.44-1024x1024.jpeg 1024w, https:\/\/przylep.edu.pl\/przedszkole\/wp-content\/uploads\/2024\/06\/WhatsApp-Image-2024-06-12-at-07.40.44-300x300.jpeg 300w, https:\/\/przylep.edu.pl\/przedszkole\/wp-content\/uploads\/2024\/06\/WhatsApp-Image-2024-06-12-at-07.40.44-150x150.jpeg 150w, https:\/\/przylep.edu.pl\/przedszkole\/wp-content\/uploads\/2024\/06\/WhatsApp-Image-2024-06-12-at-07.40.44-768x768.jpeg 768w, https:\/\/przylep.edu.pl\/przedszkole\/wp-content\/uploads\/2024\/06\/WhatsApp-Image-2024-06-12-at-07.40.44-1536x1536.jpeg 1536w, https:\/\/przylep.edu.pl\/przedszkole\/wp-content\/uploads\/2024\/06\/WhatsApp-Image-2024-06-12-at-07.40.44-600x600.jpeg 600w, https:\/\/przylep.edu.pl\/przedszkole\/wp-content\/uploads\/2024\/06\/WhatsApp-Image-2024-06-12-at-07.40.44.jpeg 2040w\" sizes=\"auto, (max-width: 1024px) 100vw, 1024px\" \/><\/figure>\n\n\n\n<figure class=\"wp-block-image size-large\"><img loading=\"lazy\" decoding=\"async\" width=\"1024\" height=\"1024\" data-id=\"10580\" src=\"https:\/\/przylep.edu.pl\/przedszkole\/wp-content\/uploads\/2024\/06\/WhatsApp-Image-2024-06-18-at-15.37.57-1024x1024.jpeg\" alt=\"\" class=\"wp-image-10580\" srcset=\"https:\/\/przylep.edu.pl\/przedszkole\/wp-content\/uploads\/2024\/06\/WhatsApp-Image-2024-06-18-at-15.37.57-1024x1024.jpeg 1024w, https:\/\/przylep.edu.pl\/przedszkole\/wp-content\/uploads\/2024\/06\/WhatsApp-Image-2024-06-18-at-15.37.57-300x300.jpeg 300w, https:\/\/przylep.edu.pl\/przedszkole\/wp-content\/uploads\/2024\/06\/WhatsApp-Image-2024-06-18-at-15.37.57-150x150.jpeg 150w, https:\/\/przylep.edu.pl\/przedszkole\/wp-content\/uploads\/2024\/06\/WhatsApp-Image-2024-06-18-at-15.37.57-768x768.jpeg 768w, https:\/\/przylep.edu.pl\/przedszkole\/wp-content\/uploads\/2024\/06\/WhatsApp-Image-2024-06-18-at-15.37.57-1536x1536.jpeg 1536w, https:\/\/przylep.edu.pl\/przedszkole\/wp-content\/uploads\/2024\/06\/WhatsApp-Image-2024-06-18-at-15.37.57-600x600.jpeg 600w, https:\/\/przylep.edu.pl\/przedszkole\/wp-content\/uploads\/2024\/06\/WhatsApp-Image-2024-06-18-at-15.37.57.jpeg 2048w\" sizes=\"auto, (max-width: 1024px) 100vw, 1024px\" \/><\/figure>\n\n\n\n<figure class=\"wp-block-image size-large\"><img loading=\"lazy\" decoding=\"async\" width=\"1024\" height=\"1024\" data-id=\"10579\" src=\"https:\/\/przylep.edu.pl\/przedszkole\/wp-content\/uploads\/2024\/06\/WhatsApp-Image-2024-06-18-at-15.40.26-1024x1024.jpeg\" alt=\"\" class=\"wp-image-10579\" srcset=\"https:\/\/przylep.edu.pl\/przedszkole\/wp-content\/uploads\/2024\/06\/WhatsApp-Image-2024-06-18-at-15.40.26-1024x1024.jpeg 1024w, https:\/\/przylep.edu.pl\/przedszkole\/wp-content\/uploads\/2024\/06\/WhatsApp-Image-2024-06-18-at-15.40.26-300x300.jpeg 300w, https:\/\/przylep.edu.pl\/przedszkole\/wp-content\/uploads\/2024\/06\/WhatsApp-Image-2024-06-18-at-15.40.26-150x150.jpeg 150w, https:\/\/przylep.edu.pl\/przedszkole\/wp-content\/uploads\/2024\/06\/WhatsApp-Image-2024-06-18-at-15.40.26-768x768.jpeg 768w, https:\/\/przylep.edu.pl\/przedszkole\/wp-content\/uploads\/2024\/06\/WhatsApp-Image-2024-06-18-at-15.40.26-1536x1536.jpeg 1536w, https:\/\/przylep.edu.pl\/przedszkole\/wp-content\/uploads\/2024\/06\/WhatsApp-Image-2024-06-18-at-15.40.26-600x600.jpeg 600w, https:\/\/przylep.edu.pl\/przedszkole\/wp-content\/uploads\/2024\/06\/WhatsApp-Image-2024-06-18-at-15.40.26.jpeg 2048w\" sizes=\"auto, (max-width: 1024px) 100vw, 1024px\" \/><\/figure>\n<\/figure>\n","protected":false},"excerpt":{"rendered":"<p>07.06. 2024r. klasy II b, III a i IV a wzi\u0119\u0142y udzia\u0142 w wycieczce do stolicy Niemiec \u2013Berlina. Celem wycieczki by\u0142a wizyta w Muzeum Techniki. Uczniowie na 28 500 metrachkwadratowych zwiedzili wystawy po\u015bwi\u0119cone lotnictwu, \u017cegludze, transportowi kolejowemui mobilno\u015bci samochodowej, technologii komunikacyjnej, historii komputer\u00f3w itp. Opr\u00f3cznich na naszych zwiedzaj\u0105cych uczni\u00f3w czeka\u0142y r\u00f3wnie\u017c wystawy po\u015bwi\u0119cone m.in.: historiicukru, [&hellip;]<\/p>\n","protected":false},"author":2,"featured_media":10581,"comment_status":"closed","ping_status":"open","sticky":false,"template":"","format":"standard","meta":{"footnotes":""},"categories":[45,41,40],"tags":[],"class_list":["post-10576","post","type-post","status-publish","format-standard","has-post-thumbnail","hentry","category-aktualnosci","category-galerie","category-strona-glowna"],"_links":{"self":[{"href":"https:\/\/przylep.edu.pl\/przedszkole\/wp-json\/wp\/v2\/posts\/10576","targetHints":{"allow":["GET"]}}],"collection":[{"href":"https:\/\/przylep.edu.pl\/przedszkole\/wp-json\/wp\/v2\/posts"}],"about":[{"href":"https:\/\/przylep.edu.pl\/przedszkole\/wp-json\/wp\/v2\/types\/post"}],"author":[{"embeddable":true,"href":"https:\/\/przylep.edu.pl\/przedszkole\/wp-json\/wp\/v2\/users\/2"}],"replies":[{"embeddable":true,"href":"https:\/\/przylep.edu.pl\/przedszkole\/wp-json\/wp\/v2\/comments?post=10576"}],"version-history":[{"count":1,"href":"https:\/\/przylep.edu.pl\/przedszkole\/wp-json\/wp\/v2\/posts\/10576\/revisions"}],"predecessor-version":[{"id":10582,"href":"https:\/\/przylep.edu.pl\/przedszkole\/wp-json\/wp\/v2\/posts\/10576\/revisions\/10582"}],"wp:featuredmedia":[{"embeddable":true,"href":"https:\/\/przylep.edu.pl\/przedszkole\/wp-json\/wp\/v2\/media\/10581"}],"wp:attachment":[{"href":"https:\/\/przylep.edu.pl\/przedszkole\/wp-json\/wp\/v2\/media?parent=10576"}],"wp:term":[{"taxonomy":"category","embeddable":true,"href":"https:\/\/przylep.edu.pl\/przedszkole\/wp-json\/wp\/v2\/categories?post=10576"},{"taxonomy":"post_tag","embeddable":true,"href":"https:\/\/przylep.edu.pl\/przedszkole\/wp-json\/wp\/v2\/tags?post=10576"}],"curies":[{"name":"wp","href":"https:\/\/api.w.org\/{rel}","templated":true}]}}