{"id":10557,"date":"2024-06-18T15:35:04","date_gmt":"2024-06-18T13:35:04","guid":{"rendered":"https:\/\/przylep.edu.pl\/przedszkole\/?p=10557"},"modified":"2024-06-18T15:35:06","modified_gmt":"2024-06-18T13:35:06","slug":"dzien-pustej-klasy","status":"publish","type":"post","link":"https:\/\/przylep.edu.pl\/przedszkole\/2024\/06\/18\/dzien-pustej-klasy\/","title":{"rendered":"Dzie\u0144 Pustej Klasy"},"content":{"rendered":"\n<p>7.06.2024r. klasy 1a i 1b wzi\u0119\u0142y udzia\u0142 w og\u00f3lnopolskiej akcji Dzie\u0144 Pustej Klasy. Dzieci wykonywa\u0142y zadania w grze plenerowej Wakacje. Szuka\u0142y ro\u015blin i zwierz\u0105t w pobli\u017cu szko\u0142y. Zrywa\u0142y kwiaty i trawy; tworzy\u0142y z nich kompozycje zapachowe; uk\u0142ada\u0142y ko\u0142o barw z p\u0142atk\u00f3w i li\u015bci oraz \u0142odyg. Obserwowa\u0142y niebo, rozpoznawa\u0142y rodzaje chmur i ich opisy (wykorzystano materia\u0142y z www.zrodla.org).<\/p>\n\n\n\n<figure class=\"wp-block-gallery has-nested-images columns-default is-cropped wp-block-gallery-1 is-layout-flex wp-block-gallery-is-layout-flex\">\n<figure class=\"wp-block-image size-large\"><img loading=\"lazy\" decoding=\"async\" width=\"1024\" height=\"768\" data-id=\"10560\" src=\"https:\/\/przylep.edu.pl\/przedszkole\/wp-content\/uploads\/2024\/06\/WhatsApp-Image-2024-06-07-at-19.42.19-1-1024x768.jpeg\" alt=\"\" class=\"wp-image-10560\" srcset=\"https:\/\/przylep.edu.pl\/przedszkole\/wp-content\/uploads\/2024\/06\/WhatsApp-Image-2024-06-07-at-19.42.19-1-1024x768.jpeg 1024w, https:\/\/przylep.edu.pl\/przedszkole\/wp-content\/uploads\/2024\/06\/WhatsApp-Image-2024-06-07-at-19.42.19-1-300x225.jpeg 300w, https:\/\/przylep.edu.pl\/przedszkole\/wp-content\/uploads\/2024\/06\/WhatsApp-Image-2024-06-07-at-19.42.19-1-768x576.jpeg 768w, https:\/\/przylep.edu.pl\/przedszkole\/wp-content\/uploads\/2024\/06\/WhatsApp-Image-2024-06-07-at-19.42.19-1-1536x1152.jpeg 1536w, https:\/\/przylep.edu.pl\/przedszkole\/wp-content\/uploads\/2024\/06\/WhatsApp-Image-2024-06-07-at-19.42.19-1-600x450.jpeg 600w, https:\/\/przylep.edu.pl\/przedszkole\/wp-content\/uploads\/2024\/06\/WhatsApp-Image-2024-06-07-at-19.42.19-1.jpeg 1600w\" sizes=\"auto, (max-width: 1024px) 100vw, 1024px\" \/><\/figure>\n\n\n\n<figure class=\"wp-block-image size-large\"><img loading=\"lazy\" decoding=\"async\" width=\"1024\" height=\"768\" data-id=\"10565\" src=\"https:\/\/przylep.edu.pl\/przedszkole\/wp-content\/uploads\/2024\/06\/WhatsApp-Image-2024-06-07-at-19.42.19-2-1024x768.jpeg\" alt=\"\" class=\"wp-image-10565\" srcset=\"https:\/\/przylep.edu.pl\/przedszkole\/wp-content\/uploads\/2024\/06\/WhatsApp-Image-2024-06-07-at-19.42.19-2-1024x768.jpeg 1024w, https:\/\/przylep.edu.pl\/przedszkole\/wp-content\/uploads\/2024\/06\/WhatsApp-Image-2024-06-07-at-19.42.19-2-300x225.jpeg 300w, https:\/\/przylep.edu.pl\/przedszkole\/wp-content\/uploads\/2024\/06\/WhatsApp-Image-2024-06-07-at-19.42.19-2-768x576.jpeg 768w, https:\/\/przylep.edu.pl\/przedszkole\/wp-content\/uploads\/2024\/06\/WhatsApp-Image-2024-06-07-at-19.42.19-2-1536x1152.jpeg 1536w, https:\/\/przylep.edu.pl\/przedszkole\/wp-content\/uploads\/2024\/06\/WhatsApp-Image-2024-06-07-at-19.42.19-2-600x450.jpeg 600w, https:\/\/przylep.edu.pl\/przedszkole\/wp-content\/uploads\/2024\/06\/WhatsApp-Image-2024-06-07-at-19.42.19-2.jpeg 1600w\" sizes=\"auto, (max-width: 1024px) 100vw, 1024px\" \/><\/figure>\n\n\n\n<figure class=\"wp-block-image size-large\"><img loading=\"lazy\" decoding=\"async\" width=\"1024\" height=\"768\" data-id=\"10568\" src=\"https:\/\/przylep.edu.pl\/przedszkole\/wp-content\/uploads\/2024\/06\/WhatsApp-Image-2024-06-07-at-19.42.19-3-1024x768.jpeg\" alt=\"\" class=\"wp-image-10568\" srcset=\"https:\/\/przylep.edu.pl\/przedszkole\/wp-content\/uploads\/2024\/06\/WhatsApp-Image-2024-06-07-at-19.42.19-3-1024x768.jpeg 1024w, https:\/\/przylep.edu.pl\/przedszkole\/wp-content\/uploads\/2024\/06\/WhatsApp-Image-2024-06-07-at-19.42.19-3-300x225.jpeg 300w, https:\/\/przylep.edu.pl\/przedszkole\/wp-content\/uploads\/2024\/06\/WhatsApp-Image-2024-06-07-at-19.42.19-3-768x576.jpeg 768w, https:\/\/przylep.edu.pl\/przedszkole\/wp-content\/uploads\/2024\/06\/WhatsApp-Image-2024-06-07-at-19.42.19-3-1536x1152.jpeg 1536w, https:\/\/przylep.edu.pl\/przedszkole\/wp-content\/uploads\/2024\/06\/WhatsApp-Image-2024-06-07-at-19.42.19-3-600x450.jpeg 600w, https:\/\/przylep.edu.pl\/przedszkole\/wp-content\/uploads\/2024\/06\/WhatsApp-Image-2024-06-07-at-19.42.19-3.jpeg 1600w\" sizes=\"auto, (max-width: 1024px) 100vw, 1024px\" \/><\/figure>\n\n\n\n<figure class=\"wp-block-image size-large\"><img loading=\"lazy\" decoding=\"async\" width=\"768\" height=\"1024\" data-id=\"10569\" src=\"https:\/\/przylep.edu.pl\/przedszkole\/wp-content\/uploads\/2024\/06\/WhatsApp-Image-2024-06-07-at-19.42.19-4-768x1024.jpeg\" alt=\"\" class=\"wp-image-10569\" srcset=\"https:\/\/przylep.edu.pl\/przedszkole\/wp-content\/uploads\/2024\/06\/WhatsApp-Image-2024-06-07-at-19.42.19-4-768x1024.jpeg 768w, https:\/\/przylep.edu.pl\/przedszkole\/wp-content\/uploads\/2024\/06\/WhatsApp-Image-2024-06-07-at-19.42.19-4-225x300.jpeg 225w, https:\/\/przylep.edu.pl\/przedszkole\/wp-content\/uploads\/2024\/06\/WhatsApp-Image-2024-06-07-at-19.42.19-4-1152x1536.jpeg 1152w, https:\/\/przylep.edu.pl\/przedszkole\/wp-content\/uploads\/2024\/06\/WhatsApp-Image-2024-06-07-at-19.42.19-4.jpeg 1200w\" sizes=\"auto, (max-width: 768px) 100vw, 768px\" \/><\/figure>\n\n\n\n<figure class=\"wp-block-image size-large\"><img loading=\"lazy\" decoding=\"async\" width=\"768\" height=\"1024\" data-id=\"10571\" src=\"https:\/\/przylep.edu.pl\/przedszkole\/wp-content\/uploads\/2024\/06\/WhatsApp-Image-2024-06-07-at-19.42.19-5-768x1024.jpeg\" alt=\"\" class=\"wp-image-10571\" srcset=\"https:\/\/przylep.edu.pl\/przedszkole\/wp-content\/uploads\/2024\/06\/WhatsApp-Image-2024-06-07-at-19.42.19-5-768x1024.jpeg 768w, https:\/\/przylep.edu.pl\/przedszkole\/wp-content\/uploads\/2024\/06\/WhatsApp-Image-2024-06-07-at-19.42.19-5-225x300.jpeg 225w, https:\/\/przylep.edu.pl\/przedszkole\/wp-content\/uploads\/2024\/06\/WhatsApp-Image-2024-06-07-at-19.42.19-5-1152x1536.jpeg 1152w, https:\/\/przylep.edu.pl\/przedszkole\/wp-content\/uploads\/2024\/06\/WhatsApp-Image-2024-06-07-at-19.42.19-5.jpeg 1200w\" sizes=\"auto, (max-width: 768px) 100vw, 768px\" \/><\/figure>\n\n\n\n<figure class=\"wp-block-image size-large\"><img loading=\"lazy\" decoding=\"async\" width=\"1024\" height=\"768\" data-id=\"10573\" src=\"https:\/\/przylep.edu.pl\/przedszkole\/wp-content\/uploads\/2024\/06\/WhatsApp-Image-2024-06-07-at-19.42.19-1024x768.jpeg\" alt=\"\" class=\"wp-image-10573\" srcset=\"https:\/\/przylep.edu.pl\/przedszkole\/wp-content\/uploads\/2024\/06\/WhatsApp-Image-2024-06-07-at-19.42.19-1024x768.jpeg 1024w, https:\/\/przylep.edu.pl\/przedszkole\/wp-content\/uploads\/2024\/06\/WhatsApp-Image-2024-06-07-at-19.42.19-300x225.jpeg 300w, https:\/\/przylep.edu.pl\/przedszkole\/wp-content\/uploads\/2024\/06\/WhatsApp-Image-2024-06-07-at-19.42.19-768x576.jpeg 768w, https:\/\/przylep.edu.pl\/przedszkole\/wp-content\/uploads\/2024\/06\/WhatsApp-Image-2024-06-07-at-19.42.19-1536x1152.jpeg 1536w, https:\/\/przylep.edu.pl\/przedszkole\/wp-content\/uploads\/2024\/06\/WhatsApp-Image-2024-06-07-at-19.42.19-600x450.jpeg 600w, https:\/\/przylep.edu.pl\/przedszkole\/wp-content\/uploads\/2024\/06\/WhatsApp-Image-2024-06-07-at-19.42.19.jpeg 1600w\" sizes=\"auto, (max-width: 1024px) 100vw, 1024px\" \/><\/figure>\n\n\n\n<figure class=\"wp-block-image size-large\"><img loading=\"lazy\" decoding=\"async\" width=\"768\" height=\"1024\" data-id=\"10570\" src=\"https:\/\/przylep.edu.pl\/przedszkole\/wp-content\/uploads\/2024\/06\/WhatsApp-Image-2024-06-07-at-19.42.20-1-768x1024.jpeg\" alt=\"\" class=\"wp-image-10570\" srcset=\"https:\/\/przylep.edu.pl\/przedszkole\/wp-content\/uploads\/2024\/06\/WhatsApp-Image-2024-06-07-at-19.42.20-1-768x1024.jpeg 768w, https:\/\/przylep.edu.pl\/przedszkole\/wp-content\/uploads\/2024\/06\/WhatsApp-Image-2024-06-07-at-19.42.20-1-225x300.jpeg 225w, https:\/\/przylep.edu.pl\/przedszkole\/wp-content\/uploads\/2024\/06\/WhatsApp-Image-2024-06-07-at-19.42.20-1-1152x1536.jpeg 1152w, https:\/\/przylep.edu.pl\/przedszkole\/wp-content\/uploads\/2024\/06\/WhatsApp-Image-2024-06-07-at-19.42.20-1.jpeg 1200w\" sizes=\"auto, (max-width: 768px) 100vw, 768px\" \/><\/figure>\n\n\n\n<figure class=\"wp-block-image size-large\"><img loading=\"lazy\" decoding=\"async\" width=\"768\" height=\"1024\" data-id=\"10559\" src=\"https:\/\/przylep.edu.pl\/przedszkole\/wp-content\/uploads\/2024\/06\/WhatsApp-Image-2024-06-07-at-19.42.20-2-768x1024.jpeg\" alt=\"\" class=\"wp-image-10559\" srcset=\"https:\/\/przylep.edu.pl\/przedszkole\/wp-content\/uploads\/2024\/06\/WhatsApp-Image-2024-06-07-at-19.42.20-2-768x1024.jpeg 768w, https:\/\/przylep.edu.pl\/przedszkole\/wp-content\/uploads\/2024\/06\/WhatsApp-Image-2024-06-07-at-19.42.20-2-225x300.jpeg 225w, https:\/\/przylep.edu.pl\/przedszkole\/wp-content\/uploads\/2024\/06\/WhatsApp-Image-2024-06-07-at-19.42.20-2-1152x1536.jpeg 1152w, https:\/\/przylep.edu.pl\/przedszkole\/wp-content\/uploads\/2024\/06\/WhatsApp-Image-2024-06-07-at-19.42.20-2.jpeg 1200w\" sizes=\"auto, (max-width: 768px) 100vw, 768px\" \/><\/figure>\n\n\n\n<figure class=\"wp-block-image size-large\"><img loading=\"lazy\" decoding=\"async\" width=\"768\" height=\"1024\" data-id=\"10558\" src=\"https:\/\/przylep.edu.pl\/przedszkole\/wp-content\/uploads\/2024\/06\/WhatsApp-Image-2024-06-07-at-19.42.20-3-768x1024.jpeg\" alt=\"\" class=\"wp-image-10558\" srcset=\"https:\/\/przylep.edu.pl\/przedszkole\/wp-content\/uploads\/2024\/06\/WhatsApp-Image-2024-06-07-at-19.42.20-3-768x1024.jpeg 768w, https:\/\/przylep.edu.pl\/przedszkole\/wp-content\/uploads\/2024\/06\/WhatsApp-Image-2024-06-07-at-19.42.20-3-225x300.jpeg 225w, https:\/\/przylep.edu.pl\/przedszkole\/wp-content\/uploads\/2024\/06\/WhatsApp-Image-2024-06-07-at-19.42.20-3-1152x1536.jpeg 1152w, https:\/\/przylep.edu.pl\/przedszkole\/wp-content\/uploads\/2024\/06\/WhatsApp-Image-2024-06-07-at-19.42.20-3.jpeg 1200w\" sizes=\"auto, (max-width: 768px) 100vw, 768px\" \/><\/figure>\n\n\n\n<figure class=\"wp-block-image size-large\"><img loading=\"lazy\" decoding=\"async\" width=\"768\" height=\"1024\" data-id=\"10564\" src=\"https:\/\/przylep.edu.pl\/przedszkole\/wp-content\/uploads\/2024\/06\/WhatsApp-Image-2024-06-07-at-19.42.20-4-768x1024.jpeg\" alt=\"\" class=\"wp-image-10564\" srcset=\"https:\/\/przylep.edu.pl\/przedszkole\/wp-content\/uploads\/2024\/06\/WhatsApp-Image-2024-06-07-at-19.42.20-4-768x1024.jpeg 768w, https:\/\/przylep.edu.pl\/przedszkole\/wp-content\/uploads\/2024\/06\/WhatsApp-Image-2024-06-07-at-19.42.20-4-225x300.jpeg 225w, https:\/\/przylep.edu.pl\/przedszkole\/wp-content\/uploads\/2024\/06\/WhatsApp-Image-2024-06-07-at-19.42.20-4-1152x1536.jpeg 1152w, https:\/\/przylep.edu.pl\/przedszkole\/wp-content\/uploads\/2024\/06\/WhatsApp-Image-2024-06-07-at-19.42.20-4.jpeg 1200w\" sizes=\"auto, (max-width: 768px) 100vw, 768px\" \/><\/figure>\n\n\n\n<figure class=\"wp-block-image size-large\"><img loading=\"lazy\" decoding=\"async\" width=\"768\" height=\"1024\" data-id=\"10561\" src=\"https:\/\/przylep.edu.pl\/przedszkole\/wp-content\/uploads\/2024\/06\/WhatsApp-Image-2024-06-07-at-19.42.20-5-768x1024.jpeg\" alt=\"\" class=\"wp-image-10561\" srcset=\"https:\/\/przylep.edu.pl\/przedszkole\/wp-content\/uploads\/2024\/06\/WhatsApp-Image-2024-06-07-at-19.42.20-5-768x1024.jpeg 768w, https:\/\/przylep.edu.pl\/przedszkole\/wp-content\/uploads\/2024\/06\/WhatsApp-Image-2024-06-07-at-19.42.20-5-225x300.jpeg 225w, https:\/\/przylep.edu.pl\/przedszkole\/wp-content\/uploads\/2024\/06\/WhatsApp-Image-2024-06-07-at-19.42.20-5-1152x1536.jpeg 1152w, https:\/\/przylep.edu.pl\/przedszkole\/wp-content\/uploads\/2024\/06\/WhatsApp-Image-2024-06-07-at-19.42.20-5.jpeg 1200w\" sizes=\"auto, (max-width: 768px) 100vw, 768px\" \/><\/figure>\n\n\n\n<figure class=\"wp-block-image size-large\"><img loading=\"lazy\" decoding=\"async\" width=\"768\" height=\"1024\" data-id=\"10566\" src=\"https:\/\/przylep.edu.pl\/przedszkole\/wp-content\/uploads\/2024\/06\/WhatsApp-Image-2024-06-07-at-19.42.20-768x1024.jpeg\" alt=\"\" class=\"wp-image-10566\" srcset=\"https:\/\/przylep.edu.pl\/przedszkole\/wp-content\/uploads\/2024\/06\/WhatsApp-Image-2024-06-07-at-19.42.20-768x1024.jpeg 768w, https:\/\/przylep.edu.pl\/przedszkole\/wp-content\/uploads\/2024\/06\/WhatsApp-Image-2024-06-07-at-19.42.20-225x300.jpeg 225w, https:\/\/przylep.edu.pl\/przedszkole\/wp-content\/uploads\/2024\/06\/WhatsApp-Image-2024-06-07-at-19.42.20-1152x1536.jpeg 1152w, https:\/\/przylep.edu.pl\/przedszkole\/wp-content\/uploads\/2024\/06\/WhatsApp-Image-2024-06-07-at-19.42.20.jpeg 1200w\" sizes=\"auto, (max-width: 768px) 100vw, 768px\" \/><\/figure>\n\n\n\n<figure class=\"wp-block-image size-large\"><img loading=\"lazy\" decoding=\"async\" width=\"768\" height=\"1024\" data-id=\"10567\" src=\"https:\/\/przylep.edu.pl\/przedszkole\/wp-content\/uploads\/2024\/06\/WhatsApp-Image-2024-06-07-at-19.42.21-768x1024.jpeg\" alt=\"\" class=\"wp-image-10567\" srcset=\"https:\/\/przylep.edu.pl\/przedszkole\/wp-content\/uploads\/2024\/06\/WhatsApp-Image-2024-06-07-at-19.42.21-768x1024.jpeg 768w, https:\/\/przylep.edu.pl\/przedszkole\/wp-content\/uploads\/2024\/06\/WhatsApp-Image-2024-06-07-at-19.42.21-225x300.jpeg 225w, https:\/\/przylep.edu.pl\/przedszkole\/wp-content\/uploads\/2024\/06\/WhatsApp-Image-2024-06-07-at-19.42.21-1152x1536.jpeg 1152w, https:\/\/przylep.edu.pl\/przedszkole\/wp-content\/uploads\/2024\/06\/WhatsApp-Image-2024-06-07-at-19.42.21.jpeg 1200w\" sizes=\"auto, (max-width: 768px) 100vw, 768px\" \/><\/figure>\n\n\n\n<figure class=\"wp-block-image size-large\"><img loading=\"lazy\" decoding=\"async\" width=\"768\" height=\"1024\" data-id=\"10562\" src=\"https:\/\/przylep.edu.pl\/przedszkole\/wp-content\/uploads\/2024\/06\/WhatsApp-Image-2024-06-07-at-19.42.22-1-768x1024.jpeg\" alt=\"\" class=\"wp-image-10562\" srcset=\"https:\/\/przylep.edu.pl\/przedszkole\/wp-content\/uploads\/2024\/06\/WhatsApp-Image-2024-06-07-at-19.42.22-1-768x1024.jpeg 768w, https:\/\/przylep.edu.pl\/przedszkole\/wp-content\/uploads\/2024\/06\/WhatsApp-Image-2024-06-07-at-19.42.22-1-225x300.jpeg 225w, https:\/\/przylep.edu.pl\/przedszkole\/wp-content\/uploads\/2024\/06\/WhatsApp-Image-2024-06-07-at-19.42.22-1-1152x1536.jpeg 1152w, https:\/\/przylep.edu.pl\/przedszkole\/wp-content\/uploads\/2024\/06\/WhatsApp-Image-2024-06-07-at-19.42.22-1.jpeg 1200w\" sizes=\"auto, (max-width: 768px) 100vw, 768px\" \/><\/figure>\n\n\n\n<figure class=\"wp-block-image size-large\"><img loading=\"lazy\" decoding=\"async\" width=\"768\" height=\"1024\" data-id=\"10572\" src=\"https:\/\/przylep.edu.pl\/przedszkole\/wp-content\/uploads\/2024\/06\/WhatsApp-Image-2024-06-07-at-19.42.22-768x1024.jpeg\" alt=\"\" class=\"wp-image-10572\" srcset=\"https:\/\/przylep.edu.pl\/przedszkole\/wp-content\/uploads\/2024\/06\/WhatsApp-Image-2024-06-07-at-19.42.22-768x1024.jpeg 768w, https:\/\/przylep.edu.pl\/przedszkole\/wp-content\/uploads\/2024\/06\/WhatsApp-Image-2024-06-07-at-19.42.22-225x300.jpeg 225w, https:\/\/przylep.edu.pl\/przedszkole\/wp-content\/uploads\/2024\/06\/WhatsApp-Image-2024-06-07-at-19.42.22-1152x1536.jpeg 1152w, https:\/\/przylep.edu.pl\/przedszkole\/wp-content\/uploads\/2024\/06\/WhatsApp-Image-2024-06-07-at-19.42.22.jpeg 1200w\" sizes=\"auto, (max-width: 768px) 100vw, 768px\" \/><\/figure>\n\n\n\n<figure class=\"wp-block-image size-large\"><img loading=\"lazy\" decoding=\"async\" width=\"768\" height=\"1024\" data-id=\"10563\" src=\"https:\/\/przylep.edu.pl\/przedszkole\/wp-content\/uploads\/2024\/06\/WhatsApp-Image-2024-06-07-at-19.42.23-768x1024.jpeg\" alt=\"\" class=\"wp-image-10563\" srcset=\"https:\/\/przylep.edu.pl\/przedszkole\/wp-content\/uploads\/2024\/06\/WhatsApp-Image-2024-06-07-at-19.42.23-768x1024.jpeg 768w, https:\/\/przylep.edu.pl\/przedszkole\/wp-content\/uploads\/2024\/06\/WhatsApp-Image-2024-06-07-at-19.42.23-225x300.jpeg 225w, https:\/\/przylep.edu.pl\/przedszkole\/wp-content\/uploads\/2024\/06\/WhatsApp-Image-2024-06-07-at-19.42.23-1152x1536.jpeg 1152w, https:\/\/przylep.edu.pl\/przedszkole\/wp-content\/uploads\/2024\/06\/WhatsApp-Image-2024-06-07-at-19.42.23.jpeg 1200w\" sizes=\"auto, (max-width: 768px) 100vw, 768px\" \/><\/figure>\n<\/figure>\n","protected":false},"excerpt":{"rendered":"<p>7.06.2024r. klasy 1a i 1b wzi\u0119\u0142y udzia\u0142 w og\u00f3lnopolskiej akcji Dzie\u0144 Pustej Klasy. Dzieci wykonywa\u0142y zadania w grze plenerowej Wakacje. Szuka\u0142y ro\u015blin i zwierz\u0105t w pobli\u017cu szko\u0142y. Zrywa\u0142y kwiaty i trawy; tworzy\u0142y z nich kompozycje zapachowe; uk\u0142ada\u0142y ko\u0142o barw z p\u0142atk\u00f3w i li\u015bci oraz \u0142odyg. Obserwowa\u0142y niebo, rozpoznawa\u0142y rodzaje chmur i ich opisy (wykorzystano materia\u0142y [&hellip;]<\/p>\n","protected":false},"author":2,"featured_media":10574,"comment_status":"closed","ping_status":"open","sticky":false,"template":"","format":"standard","meta":{"footnotes":""},"categories":[45,41,40],"tags":[],"class_list":["post-10557","post","type-post","status-publish","format-standard","has-post-thumbnail","hentry","category-aktualnosci","category-galerie","category-strona-glowna"],"_links":{"self":[{"href":"https:\/\/przylep.edu.pl\/przedszkole\/wp-json\/wp\/v2\/posts\/10557","targetHints":{"allow":["GET"]}}],"collection":[{"href":"https:\/\/przylep.edu.pl\/przedszkole\/wp-json\/wp\/v2\/posts"}],"about":[{"href":"https:\/\/przylep.edu.pl\/przedszkole\/wp-json\/wp\/v2\/types\/post"}],"author":[{"embeddable":true,"href":"https:\/\/przylep.edu.pl\/przedszkole\/wp-json\/wp\/v2\/users\/2"}],"replies":[{"embeddable":true,"href":"https:\/\/przylep.edu.pl\/przedszkole\/wp-json\/wp\/v2\/comments?post=10557"}],"version-history":[{"count":1,"href":"https:\/\/przylep.edu.pl\/przedszkole\/wp-json\/wp\/v2\/posts\/10557\/revisions"}],"predecessor-version":[{"id":10575,"href":"https:\/\/przylep.edu.pl\/przedszkole\/wp-json\/wp\/v2\/posts\/10557\/revisions\/10575"}],"wp:featuredmedia":[{"embeddable":true,"href":"https:\/\/przylep.edu.pl\/przedszkole\/wp-json\/wp\/v2\/media\/10574"}],"wp:attachment":[{"href":"https:\/\/przylep.edu.pl\/przedszkole\/wp-json\/wp\/v2\/media?parent=10557"}],"wp:term":[{"taxonomy":"category","embeddable":true,"href":"https:\/\/przylep.edu.pl\/przedszkole\/wp-json\/wp\/v2\/categories?post=10557"},{"taxonomy":"post_tag","embeddable":true,"href":"https:\/\/przylep.edu.pl\/przedszkole\/wp-json\/wp\/v2\/tags?post=10557"}],"curies":[{"name":"wp","href":"https:\/\/api.w.org\/{rel}","templated":true}]}}