{"id":10532,"date":"2024-06-18T14:55:44","date_gmt":"2024-06-18T12:55:44","guid":{"rendered":"https:\/\/przylep.edu.pl\/przedszkole\/?p=10532"},"modified":"2024-06-18T14:55:46","modified_gmt":"2024-06-18T12:55:46","slug":"wizyta-w-bedargowie-kl-1a","status":"publish","type":"post","link":"https:\/\/przylep.edu.pl\/przedszkole\/2024\/06\/18\/wizyta-w-bedargowie-kl-1a\/","title":{"rendered":"Wizyta w B\u0119dargowie kl 1a"},"content":{"rendered":"\n<p>29.05.2024r. dzieci z kl. 1a wybra\u0142y si\u0119 komunikacj\u0105 miejsk\u0105 do B\u0119dargowa, aby odwiedzi\u0107 gospodarstwo agroturystyczne Leszczynowy Sad. Dowiedzia\u0142y si\u0119, sk\u0105d si\u0119 bierze mleko, wyrabia\u0142y mas\u0142o. W plenerze po aktywnej zabawie na tyrolce, trampolinie, symulatorze gry w tenisa, hu\u015btawce z apetytem zajada\u0142y \u015bwie\u017ce bu\u0142ki z mas\u0142em i dodatkami: szczypiorkiem, mieszank\u0105 zi\u00f3\u0142, pra\u017con\u0105 cebulk\u0105, sol\u0105. Karmi\u0142y zwierz\u0119ta pod okiem czujnych gospody\u0144. Reszt\u0119 czasu zaj\u0119\u0142y wsp\u00f3lne gry i zabawy na podw\u00f3rku i ma\u0142ym boisku. Zm\u0119czeni tury\u015bci posilili si\u0119 grilowanymi kie\u0142baskami. W wy\u015bmienitych humorach wr\u00f3cili autobusem do Przylepu. Pogoda dopisa\u0142a. To by\u0142 wspania\u0142y prezent na Dzie\u0144 Dziecka ufundowany przez rodzic\u00f3w.<\/p>\n\n\n\n<figure class=\"wp-block-gallery has-nested-images columns-default is-cropped wp-block-gallery-1 is-layout-flex wp-block-gallery-is-layout-flex\">\n<figure class=\"wp-block-image size-large\"><img loading=\"lazy\" decoding=\"async\" width=\"1024\" height=\"768\" data-id=\"10542\" src=\"https:\/\/przylep.edu.pl\/przedszkole\/wp-content\/uploads\/2024\/06\/WhatsApp-Image-2024-06-06-at-20.37.08-1024x768.jpeg\" alt=\"\" class=\"wp-image-10542\" srcset=\"https:\/\/przylep.edu.pl\/przedszkole\/wp-content\/uploads\/2024\/06\/WhatsApp-Image-2024-06-06-at-20.37.08-1024x768.jpeg 1024w, https:\/\/przylep.edu.pl\/przedszkole\/wp-content\/uploads\/2024\/06\/WhatsApp-Image-2024-06-06-at-20.37.08-300x225.jpeg 300w, https:\/\/przylep.edu.pl\/przedszkole\/wp-content\/uploads\/2024\/06\/WhatsApp-Image-2024-06-06-at-20.37.08-768x576.jpeg 768w, https:\/\/przylep.edu.pl\/przedszkole\/wp-content\/uploads\/2024\/06\/WhatsApp-Image-2024-06-06-at-20.37.08-1536x1152.jpeg 1536w, https:\/\/przylep.edu.pl\/przedszkole\/wp-content\/uploads\/2024\/06\/WhatsApp-Image-2024-06-06-at-20.37.08-600x450.jpeg 600w, https:\/\/przylep.edu.pl\/przedszkole\/wp-content\/uploads\/2024\/06\/WhatsApp-Image-2024-06-06-at-20.37.08.jpeg 1600w\" sizes=\"auto, (max-width: 1024px) 100vw, 1024px\" \/><\/figure>\n\n\n\n<figure class=\"wp-block-image size-large\"><img loading=\"lazy\" decoding=\"async\" width=\"768\" height=\"1024\" data-id=\"10536\" src=\"https:\/\/przylep.edu.pl\/przedszkole\/wp-content\/uploads\/2024\/06\/WhatsApp-Image-2024-06-06-at-20.37.09-1-768x1024.jpeg\" alt=\"\" class=\"wp-image-10536\" srcset=\"https:\/\/przylep.edu.pl\/przedszkole\/wp-content\/uploads\/2024\/06\/WhatsApp-Image-2024-06-06-at-20.37.09-1-768x1024.jpeg 768w, https:\/\/przylep.edu.pl\/przedszkole\/wp-content\/uploads\/2024\/06\/WhatsApp-Image-2024-06-06-at-20.37.09-1-225x300.jpeg 225w, https:\/\/przylep.edu.pl\/przedszkole\/wp-content\/uploads\/2024\/06\/WhatsApp-Image-2024-06-06-at-20.37.09-1-1152x1536.jpeg 1152w, https:\/\/przylep.edu.pl\/przedszkole\/wp-content\/uploads\/2024\/06\/WhatsApp-Image-2024-06-06-at-20.37.09-1.jpeg 1500w\" sizes=\"auto, (max-width: 768px) 100vw, 768px\" \/><\/figure>\n\n\n\n<figure class=\"wp-block-image size-large\"><img loading=\"lazy\" decoding=\"async\" width=\"1024\" height=\"768\" data-id=\"10539\" src=\"https:\/\/przylep.edu.pl\/przedszkole\/wp-content\/uploads\/2024\/06\/WhatsApp-Image-2024-06-06-at-20.37.09-2-1024x768.jpeg\" alt=\"\" class=\"wp-image-10539\" srcset=\"https:\/\/przylep.edu.pl\/przedszkole\/wp-content\/uploads\/2024\/06\/WhatsApp-Image-2024-06-06-at-20.37.09-2-1024x768.jpeg 1024w, https:\/\/przylep.edu.pl\/przedszkole\/wp-content\/uploads\/2024\/06\/WhatsApp-Image-2024-06-06-at-20.37.09-2-300x225.jpeg 300w, https:\/\/przylep.edu.pl\/przedszkole\/wp-content\/uploads\/2024\/06\/WhatsApp-Image-2024-06-06-at-20.37.09-2-768x576.jpeg 768w, https:\/\/przylep.edu.pl\/przedszkole\/wp-content\/uploads\/2024\/06\/WhatsApp-Image-2024-06-06-at-20.37.09-2-1536x1152.jpeg 1536w, https:\/\/przylep.edu.pl\/przedszkole\/wp-content\/uploads\/2024\/06\/WhatsApp-Image-2024-06-06-at-20.37.09-2-600x450.jpeg 600w, https:\/\/przylep.edu.pl\/przedszkole\/wp-content\/uploads\/2024\/06\/WhatsApp-Image-2024-06-06-at-20.37.09-2.jpeg 2000w\" sizes=\"auto, (max-width: 1024px) 100vw, 1024px\" \/><\/figure>\n\n\n\n<figure class=\"wp-block-image size-large\"><img loading=\"lazy\" decoding=\"async\" width=\"1024\" height=\"768\" data-id=\"10534\" src=\"https:\/\/przylep.edu.pl\/przedszkole\/wp-content\/uploads\/2024\/06\/WhatsApp-Image-2024-06-06-at-20.37.09-1024x768.jpeg\" alt=\"\" class=\"wp-image-10534\" srcset=\"https:\/\/przylep.edu.pl\/przedszkole\/wp-content\/uploads\/2024\/06\/WhatsApp-Image-2024-06-06-at-20.37.09-1024x768.jpeg 1024w, https:\/\/przylep.edu.pl\/przedszkole\/wp-content\/uploads\/2024\/06\/WhatsApp-Image-2024-06-06-at-20.37.09-300x225.jpeg 300w, https:\/\/przylep.edu.pl\/przedszkole\/wp-content\/uploads\/2024\/06\/WhatsApp-Image-2024-06-06-at-20.37.09-768x576.jpeg 768w, https:\/\/przylep.edu.pl\/przedszkole\/wp-content\/uploads\/2024\/06\/WhatsApp-Image-2024-06-06-at-20.37.09-1536x1152.jpeg 1536w, https:\/\/przylep.edu.pl\/przedszkole\/wp-content\/uploads\/2024\/06\/WhatsApp-Image-2024-06-06-at-20.37.09-600x450.jpeg 600w, https:\/\/przylep.edu.pl\/przedszkole\/wp-content\/uploads\/2024\/06\/WhatsApp-Image-2024-06-06-at-20.37.09.jpeg 1600w\" sizes=\"auto, (max-width: 1024px) 100vw, 1024px\" \/><\/figure>\n\n\n\n<figure class=\"wp-block-image size-large\"><img loading=\"lazy\" decoding=\"async\" width=\"1024\" height=\"768\" data-id=\"10541\" src=\"https:\/\/przylep.edu.pl\/przedszkole\/wp-content\/uploads\/2024\/06\/WhatsApp-Image-2024-06-06-at-20.37.10-1-1024x768.jpeg\" alt=\"\" class=\"wp-image-10541\" srcset=\"https:\/\/przylep.edu.pl\/przedszkole\/wp-content\/uploads\/2024\/06\/WhatsApp-Image-2024-06-06-at-20.37.10-1-1024x768.jpeg 1024w, https:\/\/przylep.edu.pl\/przedszkole\/wp-content\/uploads\/2024\/06\/WhatsApp-Image-2024-06-06-at-20.37.10-1-300x225.jpeg 300w, https:\/\/przylep.edu.pl\/przedszkole\/wp-content\/uploads\/2024\/06\/WhatsApp-Image-2024-06-06-at-20.37.10-1-768x576.jpeg 768w, https:\/\/przylep.edu.pl\/przedszkole\/wp-content\/uploads\/2024\/06\/WhatsApp-Image-2024-06-06-at-20.37.10-1-1536x1152.jpeg 1536w, https:\/\/przylep.edu.pl\/przedszkole\/wp-content\/uploads\/2024\/06\/WhatsApp-Image-2024-06-06-at-20.37.10-1-600x450.jpeg 600w, https:\/\/przylep.edu.pl\/przedszkole\/wp-content\/uploads\/2024\/06\/WhatsApp-Image-2024-06-06-at-20.37.10-1.jpeg 1600w\" sizes=\"auto, (max-width: 1024px) 100vw, 1024px\" \/><\/figure>\n\n\n\n<figure class=\"wp-block-image size-large\"><img loading=\"lazy\" decoding=\"async\" width=\"1024\" height=\"768\" data-id=\"10540\" src=\"https:\/\/przylep.edu.pl\/przedszkole\/wp-content\/uploads\/2024\/06\/WhatsApp-Image-2024-06-06-at-20.37.10-2-1024x768.jpeg\" alt=\"\" class=\"wp-image-10540\" srcset=\"https:\/\/przylep.edu.pl\/przedszkole\/wp-content\/uploads\/2024\/06\/WhatsApp-Image-2024-06-06-at-20.37.10-2-1024x768.jpeg 1024w, https:\/\/przylep.edu.pl\/przedszkole\/wp-content\/uploads\/2024\/06\/WhatsApp-Image-2024-06-06-at-20.37.10-2-300x225.jpeg 300w, https:\/\/przylep.edu.pl\/przedszkole\/wp-content\/uploads\/2024\/06\/WhatsApp-Image-2024-06-06-at-20.37.10-2-768x576.jpeg 768w, https:\/\/przylep.edu.pl\/przedszkole\/wp-content\/uploads\/2024\/06\/WhatsApp-Image-2024-06-06-at-20.37.10-2-1536x1152.jpeg 1536w, https:\/\/przylep.edu.pl\/przedszkole\/wp-content\/uploads\/2024\/06\/WhatsApp-Image-2024-06-06-at-20.37.10-2-600x450.jpeg 600w, https:\/\/przylep.edu.pl\/przedszkole\/wp-content\/uploads\/2024\/06\/WhatsApp-Image-2024-06-06-at-20.37.10-2.jpeg 1600w\" sizes=\"auto, (max-width: 1024px) 100vw, 1024px\" \/><\/figure>\n\n\n\n<figure class=\"wp-block-image size-large\"><img loading=\"lazy\" decoding=\"async\" width=\"768\" height=\"1024\" data-id=\"10537\" src=\"https:\/\/przylep.edu.pl\/przedszkole\/wp-content\/uploads\/2024\/06\/WhatsApp-Image-2024-06-06-at-20.37.10-768x1024.jpeg\" alt=\"\" class=\"wp-image-10537\" srcset=\"https:\/\/przylep.edu.pl\/przedszkole\/wp-content\/uploads\/2024\/06\/WhatsApp-Image-2024-06-06-at-20.37.10-768x1024.jpeg 768w, https:\/\/przylep.edu.pl\/przedszkole\/wp-content\/uploads\/2024\/06\/WhatsApp-Image-2024-06-06-at-20.37.10-225x300.jpeg 225w, https:\/\/przylep.edu.pl\/przedszkole\/wp-content\/uploads\/2024\/06\/WhatsApp-Image-2024-06-06-at-20.37.10-1152x1536.jpeg 1152w, https:\/\/przylep.edu.pl\/przedszkole\/wp-content\/uploads\/2024\/06\/WhatsApp-Image-2024-06-06-at-20.37.10.jpeg 1500w\" sizes=\"auto, (max-width: 768px) 100vw, 768px\" \/><\/figure>\n\n\n\n<figure class=\"wp-block-image size-large\"><img loading=\"lazy\" decoding=\"async\" width=\"768\" height=\"1024\" data-id=\"10543\" src=\"https:\/\/przylep.edu.pl\/przedszkole\/wp-content\/uploads\/2024\/06\/WhatsApp-Image-2024-06-06-at-20.37.11-1-768x1024.jpeg\" alt=\"\" class=\"wp-image-10543\" srcset=\"https:\/\/przylep.edu.pl\/przedszkole\/wp-content\/uploads\/2024\/06\/WhatsApp-Image-2024-06-06-at-20.37.11-1-768x1024.jpeg 768w, https:\/\/przylep.edu.pl\/przedszkole\/wp-content\/uploads\/2024\/06\/WhatsApp-Image-2024-06-06-at-20.37.11-1-225x300.jpeg 225w, https:\/\/przylep.edu.pl\/przedszkole\/wp-content\/uploads\/2024\/06\/WhatsApp-Image-2024-06-06-at-20.37.11-1-1152x1536.jpeg 1152w, https:\/\/przylep.edu.pl\/przedszkole\/wp-content\/uploads\/2024\/06\/WhatsApp-Image-2024-06-06-at-20.37.11-1.jpeg 1500w\" sizes=\"auto, (max-width: 768px) 100vw, 768px\" \/><\/figure>\n\n\n\n<figure class=\"wp-block-image size-large\"><img loading=\"lazy\" decoding=\"async\" width=\"1024\" height=\"768\" data-id=\"10533\" src=\"https:\/\/przylep.edu.pl\/przedszkole\/wp-content\/uploads\/2024\/06\/WhatsApp-Image-2024-06-06-at-20.37.11-2-1024x768.jpeg\" alt=\"\" class=\"wp-image-10533\" srcset=\"https:\/\/przylep.edu.pl\/przedszkole\/wp-content\/uploads\/2024\/06\/WhatsApp-Image-2024-06-06-at-20.37.11-2-1024x768.jpeg 1024w, https:\/\/przylep.edu.pl\/przedszkole\/wp-content\/uploads\/2024\/06\/WhatsApp-Image-2024-06-06-at-20.37.11-2-300x225.jpeg 300w, https:\/\/przylep.edu.pl\/przedszkole\/wp-content\/uploads\/2024\/06\/WhatsApp-Image-2024-06-06-at-20.37.11-2-768x576.jpeg 768w, https:\/\/przylep.edu.pl\/przedszkole\/wp-content\/uploads\/2024\/06\/WhatsApp-Image-2024-06-06-at-20.37.11-2-1536x1152.jpeg 1536w, https:\/\/przylep.edu.pl\/przedszkole\/wp-content\/uploads\/2024\/06\/WhatsApp-Image-2024-06-06-at-20.37.11-2-600x450.jpeg 600w, https:\/\/przylep.edu.pl\/przedszkole\/wp-content\/uploads\/2024\/06\/WhatsApp-Image-2024-06-06-at-20.37.11-2.jpeg 1600w\" sizes=\"auto, (max-width: 1024px) 100vw, 1024px\" \/><\/figure>\n\n\n\n<figure class=\"wp-block-image size-large\"><img loading=\"lazy\" decoding=\"async\" width=\"768\" height=\"1024\" data-id=\"10535\" src=\"https:\/\/przylep.edu.pl\/przedszkole\/wp-content\/uploads\/2024\/06\/WhatsApp-Image-2024-06-06-at-20.37.11-3-768x1024.jpeg\" alt=\"\" class=\"wp-image-10535\" srcset=\"https:\/\/przylep.edu.pl\/przedszkole\/wp-content\/uploads\/2024\/06\/WhatsApp-Image-2024-06-06-at-20.37.11-3-768x1024.jpeg 768w, https:\/\/przylep.edu.pl\/przedszkole\/wp-content\/uploads\/2024\/06\/WhatsApp-Image-2024-06-06-at-20.37.11-3-225x300.jpeg 225w, https:\/\/przylep.edu.pl\/przedszkole\/wp-content\/uploads\/2024\/06\/WhatsApp-Image-2024-06-06-at-20.37.11-3-1152x1536.jpeg 1152w, https:\/\/przylep.edu.pl\/przedszkole\/wp-content\/uploads\/2024\/06\/WhatsApp-Image-2024-06-06-at-20.37.11-3.jpeg 1200w\" sizes=\"auto, (max-width: 768px) 100vw, 768px\" \/><\/figure>\n\n\n\n<figure class=\"wp-block-image size-large\"><img loading=\"lazy\" decoding=\"async\" width=\"768\" height=\"1024\" data-id=\"10538\" src=\"https:\/\/przylep.edu.pl\/przedszkole\/wp-content\/uploads\/2024\/06\/WhatsApp-Image-2024-06-06-at-20.37.11-768x1024.jpeg\" alt=\"\" class=\"wp-image-10538\" srcset=\"https:\/\/przylep.edu.pl\/przedszkole\/wp-content\/uploads\/2024\/06\/WhatsApp-Image-2024-06-06-at-20.37.11-768x1024.jpeg 768w, https:\/\/przylep.edu.pl\/przedszkole\/wp-content\/uploads\/2024\/06\/WhatsApp-Image-2024-06-06-at-20.37.11-225x300.jpeg 225w, https:\/\/przylep.edu.pl\/przedszkole\/wp-content\/uploads\/2024\/06\/WhatsApp-Image-2024-06-06-at-20.37.11-1152x1536.jpeg 1152w, https:\/\/przylep.edu.pl\/przedszkole\/wp-content\/uploads\/2024\/06\/WhatsApp-Image-2024-06-06-at-20.37.11.jpeg 1500w\" sizes=\"auto, (max-width: 768px) 100vw, 768px\" \/><\/figure>\n<\/figure>\n","protected":false},"excerpt":{"rendered":"<p>29.05.2024r. dzieci z kl. 1a wybra\u0142y si\u0119 komunikacj\u0105 miejsk\u0105 do B\u0119dargowa, aby odwiedzi\u0107 gospodarstwo agroturystyczne Leszczynowy Sad. Dowiedzia\u0142y si\u0119, sk\u0105d si\u0119 bierze mleko, wyrabia\u0142y mas\u0142o. W plenerze po aktywnej zabawie na tyrolce, trampolinie, symulatorze gry w tenisa, hu\u015btawce z apetytem zajada\u0142y \u015bwie\u017ce bu\u0142ki z mas\u0142em i dodatkami: szczypiorkiem, mieszank\u0105 zi\u00f3\u0142, pra\u017con\u0105 cebulk\u0105, sol\u0105. Karmi\u0142y zwierz\u0119ta [&hellip;]<\/p>\n","protected":false},"author":2,"featured_media":10544,"comment_status":"closed","ping_status":"open","sticky":false,"template":"","format":"standard","meta":{"footnotes":""},"categories":[45,41,40],"tags":[],"class_list":["post-10532","post","type-post","status-publish","format-standard","has-post-thumbnail","hentry","category-aktualnosci","category-galerie","category-strona-glowna"],"_links":{"self":[{"href":"https:\/\/przylep.edu.pl\/przedszkole\/wp-json\/wp\/v2\/posts\/10532","targetHints":{"allow":["GET"]}}],"collection":[{"href":"https:\/\/przylep.edu.pl\/przedszkole\/wp-json\/wp\/v2\/posts"}],"about":[{"href":"https:\/\/przylep.edu.pl\/przedszkole\/wp-json\/wp\/v2\/types\/post"}],"author":[{"embeddable":true,"href":"https:\/\/przylep.edu.pl\/przedszkole\/wp-json\/wp\/v2\/users\/2"}],"replies":[{"embeddable":true,"href":"https:\/\/przylep.edu.pl\/przedszkole\/wp-json\/wp\/v2\/comments?post=10532"}],"version-history":[{"count":1,"href":"https:\/\/przylep.edu.pl\/przedszkole\/wp-json\/wp\/v2\/posts\/10532\/revisions"}],"predecessor-version":[{"id":10545,"href":"https:\/\/przylep.edu.pl\/przedszkole\/wp-json\/wp\/v2\/posts\/10532\/revisions\/10545"}],"wp:featuredmedia":[{"embeddable":true,"href":"https:\/\/przylep.edu.pl\/przedszkole\/wp-json\/wp\/v2\/media\/10544"}],"wp:attachment":[{"href":"https:\/\/przylep.edu.pl\/przedszkole\/wp-json\/wp\/v2\/media?parent=10532"}],"wp:term":[{"taxonomy":"category","embeddable":true,"href":"https:\/\/przylep.edu.pl\/przedszkole\/wp-json\/wp\/v2\/categories?post=10532"},{"taxonomy":"post_tag","embeddable":true,"href":"https:\/\/przylep.edu.pl\/przedszkole\/wp-json\/wp\/v2\/tags?post=10532"}],"curies":[{"name":"wp","href":"https:\/\/api.w.org\/{rel}","templated":true}]}}