{"id":10471,"date":"2024-06-17T19:41:40","date_gmt":"2024-06-17T17:41:40","guid":{"rendered":"https:\/\/przylep.edu.pl\/przedszkole\/?p=10471"},"modified":"2024-06-17T19:41:42","modified_gmt":"2024-06-17T17:41:42","slug":"zakonczenie-roku-szkolnego-harmonogram","status":"publish","type":"post","link":"https:\/\/przylep.edu.pl\/przedszkole\/2024\/06\/17\/zakonczenie-roku-szkolnego-harmonogram\/","title":{"rendered":"Zako\u0144czenie roku szkolnego- harmonogram"},"content":{"rendered":"\n<p>Serdecznie zapraszam rodzic\u00f3w naszej szko\u0142y na zako\u0144czenie roku szkolnego do sali gimnastycznej wed\u0142ug nast\u0119puj\u0105cego harmonogramu:<\/p>\n\n\n\n<p>8.30 klasy pierwsze<\/p>\n\n\n\n<p>9.30 klasy 2<\/p>\n\n\n\n<p>10.30 klasy 3 i 4.<\/p>\n\n\n\n<p>Po zako\u0144czeniu cz\u0119\u015bci artystycznej w klasach nast\u0105pi wr\u0119czenie \u015bwiadectw. <\/p>\n\n\n\n<p>W imieniu wychowawc\u00f3w<\/p>\n\n\n\n<p>Iwona Wierzbicka dyrektor<\/p>\n\n\n\n<p><\/p>\n","protected":false},"excerpt":{"rendered":"<p>Serdecznie zapraszam rodzic\u00f3w naszej szko\u0142y na zako\u0144czenie roku szkolnego do sali gimnastycznej wed\u0142ug nast\u0119puj\u0105cego harmonogramu: 8.30 klasy pierwsze 9.30 klasy 2 10.30 klasy 3 i 4. Po zako\u0144czeniu cz\u0119\u015bci artystycznej w klasach nast\u0105pi wr\u0119czenie \u015bwiadectw. W imieniu wychowawc\u00f3w Iwona Wierzbicka dyrektor<\/p>\n","protected":false},"author":1,"featured_media":0,"comment_status":"closed","ping_status":"open","sticky":false,"template":"","format":"standard","meta":{"footnotes":""},"categories":[45],"tags":[],"class_list":["post-10471","post","type-post","status-publish","format-standard","hentry","category-aktualnosci"],"_links":{"self":[{"href":"https:\/\/przylep.edu.pl\/przedszkole\/wp-json\/wp\/v2\/posts\/10471","targetHints":{"allow":["GET"]}}],"collection":[{"href":"https:\/\/przylep.edu.pl\/przedszkole\/wp-json\/wp\/v2\/posts"}],"about":[{"href":"https:\/\/przylep.edu.pl\/przedszkole\/wp-json\/wp\/v2\/types\/post"}],"author":[{"embeddable":true,"href":"https:\/\/przylep.edu.pl\/przedszkole\/wp-json\/wp\/v2\/users\/1"}],"replies":[{"embeddable":true,"href":"https:\/\/przylep.edu.pl\/przedszkole\/wp-json\/wp\/v2\/comments?post=10471"}],"version-history":[{"count":1,"href":"https:\/\/przylep.edu.pl\/przedszkole\/wp-json\/wp\/v2\/posts\/10471\/revisions"}],"predecessor-version":[{"id":10472,"href":"https:\/\/przylep.edu.pl\/przedszkole\/wp-json\/wp\/v2\/posts\/10471\/revisions\/10472"}],"wp:attachment":[{"href":"https:\/\/przylep.edu.pl\/przedszkole\/wp-json\/wp\/v2\/media?parent=10471"}],"wp:term":[{"taxonomy":"category","embeddable":true,"href":"https:\/\/przylep.edu.pl\/przedszkole\/wp-json\/wp\/v2\/categories?post=10471"},{"taxonomy":"post_tag","embeddable":true,"href":"https:\/\/przylep.edu.pl\/przedszkole\/wp-json\/wp\/v2\/tags?post=10471"}],"curies":[{"name":"wp","href":"https:\/\/api.w.org\/{rel}","templated":true}]}}