{"id":10464,"date":"2024-06-16T13:38:36","date_gmt":"2024-06-16T11:38:36","guid":{"rendered":"https:\/\/przylep.edu.pl\/przedszkole\/?p=10464"},"modified":"2024-06-16T13:38:38","modified_gmt":"2024-06-16T11:38:38","slug":"projekt-bajkowa-wyprawa-w-grupie-niebieskiej","status":"publish","type":"post","link":"https:\/\/przylep.edu.pl\/przedszkole\/2024\/06\/16\/projekt-bajkowa-wyprawa-w-grupie-niebieskiej\/","title":{"rendered":"Projekt &#8222;Bajkowa wyprawa&#8221; w grupie niebieskiej"},"content":{"rendered":"\n<p> Ksi\u0105\u017cki ucz\u0105, bawi\u0105 i pozwalaj\u0105 prze\u017cywa\u0107 wiele emocji. W magiczny \u015bwiat bajek dzieci z grupy niebieskiej przenios\u0142y si\u0119 dzi\u0119ki projektowi edukacyjnemu &#8222;Bajkowa wyprawa&#8221;. Dzieci doskonali\u0142y umiej\u0119tno\u015b\u0107 s\u0142uchania, wykonywania zada\u0144 w skupieniu oraz rozwija\u0142 swoj\u0105 wyobra\u017anie. Wykonywa\u0142y tw\u00f3rcze zadania np. buduj\u0105c wie\u017c\u0119 Roszpunki, czy zaplataj\u0105c jej makaronowy warkocz. Wiele rado\u015bci sprawi\u0142o odkrywanie historii bajkowych bohater\u00f3w na kartach obrazkowych. Dzieci zapozna\u0142y si\u0119 z takimi klasycznymi bajkami, jak : &#8222;Czerwony Kapturek&#8221;, &#8222;Trzy \u015awinki&#8221;, &#8221; Kot w butach&#8221;, &#8222;Ja\u015b i magiczna fasola&#8221;, &#8221; Kopciuszek&#8221;, &#8222;Kr\u00f3lewna \u015anie\u017cka&#8221;, &#8221; Calineczka&#8221;, czy &#8221; Roszpunka&#8221;. Czytanie przenosi nas inny \u015bwiat, rozwija s\u0142ownictwo, a wsp\u00f3lne czytanie buduje pozytywne relacje.<\/p>\n\n\n\n<figure class=\"wp-block-gallery has-nested-images columns-default is-cropped wp-block-gallery-1 is-layout-flex wp-block-gallery-is-layout-flex\">\n<figure class=\"wp-block-image size-large\"><img loading=\"lazy\" decoding=\"async\" width=\"766\" height=\"1024\" data-id=\"10466\" src=\"https:\/\/przylep.edu.pl\/przedszkole\/wp-content\/uploads\/2024\/06\/7f5a1a48-4733-450b-8ebd-936c8b0bbb3e-766x1024.jpg\" alt=\"\" class=\"wp-image-10466\" srcset=\"https:\/\/przylep.edu.pl\/przedszkole\/wp-content\/uploads\/2024\/06\/7f5a1a48-4733-450b-8ebd-936c8b0bbb3e-766x1024.jpg 766w, https:\/\/przylep.edu.pl\/przedszkole\/wp-content\/uploads\/2024\/06\/7f5a1a48-4733-450b-8ebd-936c8b0bbb3e-224x300.jpg 224w, https:\/\/przylep.edu.pl\/przedszkole\/wp-content\/uploads\/2024\/06\/7f5a1a48-4733-450b-8ebd-936c8b0bbb3e-768x1027.jpg 768w, https:\/\/przylep.edu.pl\/przedszkole\/wp-content\/uploads\/2024\/06\/7f5a1a48-4733-450b-8ebd-936c8b0bbb3e-1149x1536.jpg 1149w, https:\/\/przylep.edu.pl\/przedszkole\/wp-content\/uploads\/2024\/06\/7f5a1a48-4733-450b-8ebd-936c8b0bbb3e.jpg 1496w\" sizes=\"auto, (max-width: 766px) 100vw, 766px\" \/><\/figure>\n\n\n\n<figure class=\"wp-block-image size-large\"><img loading=\"lazy\" decoding=\"async\" width=\"766\" height=\"1024\" data-id=\"10465\" src=\"https:\/\/przylep.edu.pl\/przedszkole\/wp-content\/uploads\/2024\/06\/da1cf975-b069-44ff-bcff-f8890e30e2d2-766x1024.jpg\" alt=\"\" class=\"wp-image-10465\" srcset=\"https:\/\/przylep.edu.pl\/przedszkole\/wp-content\/uploads\/2024\/06\/da1cf975-b069-44ff-bcff-f8890e30e2d2-766x1024.jpg 766w, https:\/\/przylep.edu.pl\/przedszkole\/wp-content\/uploads\/2024\/06\/da1cf975-b069-44ff-bcff-f8890e30e2d2-224x300.jpg 224w, https:\/\/przylep.edu.pl\/przedszkole\/wp-content\/uploads\/2024\/06\/da1cf975-b069-44ff-bcff-f8890e30e2d2-768x1027.jpg 768w, https:\/\/przylep.edu.pl\/przedszkole\/wp-content\/uploads\/2024\/06\/da1cf975-b069-44ff-bcff-f8890e30e2d2-1149x1536.jpg 1149w, https:\/\/przylep.edu.pl\/przedszkole\/wp-content\/uploads\/2024\/06\/da1cf975-b069-44ff-bcff-f8890e30e2d2.jpg 1496w\" sizes=\"auto, (max-width: 766px) 100vw, 766px\" \/><\/figure>\n<\/figure>\n\n\n\n<figure class=\"wp-block-gallery has-nested-images columns-default is-cropped wp-block-gallery-2 is-layout-flex wp-block-gallery-is-layout-flex\">\n<figure class=\"wp-block-image size-large\"><img loading=\"lazy\" decoding=\"async\" width=\"1024\" height=\"766\" data-id=\"10467\" src=\"https:\/\/przylep.edu.pl\/przedszkole\/wp-content\/uploads\/2024\/06\/d3336481-fae3-4ed3-bd9a-9f0628b0e603-1024x766.jpg\" alt=\"\" class=\"wp-image-10467\" srcset=\"https:\/\/przylep.edu.pl\/przedszkole\/wp-content\/uploads\/2024\/06\/d3336481-fae3-4ed3-bd9a-9f0628b0e603-1024x766.jpg 1024w, https:\/\/przylep.edu.pl\/przedszkole\/wp-content\/uploads\/2024\/06\/d3336481-fae3-4ed3-bd9a-9f0628b0e603-300x224.jpg 300w, https:\/\/przylep.edu.pl\/przedszkole\/wp-content\/uploads\/2024\/06\/d3336481-fae3-4ed3-bd9a-9f0628b0e603-768x574.jpg 768w, https:\/\/przylep.edu.pl\/przedszkole\/wp-content\/uploads\/2024\/06\/d3336481-fae3-4ed3-bd9a-9f0628b0e603-1536x1149.jpg 1536w, https:\/\/przylep.edu.pl\/przedszkole\/wp-content\/uploads\/2024\/06\/d3336481-fae3-4ed3-bd9a-9f0628b0e603-600x450.jpg 600w, https:\/\/przylep.edu.pl\/przedszkole\/wp-content\/uploads\/2024\/06\/d3336481-fae3-4ed3-bd9a-9f0628b0e603.jpg 2000w\" sizes=\"auto, (max-width: 1024px) 100vw, 1024px\" \/><\/figure>\n<\/figure>\n","protected":false},"excerpt":{"rendered":"<p>Ksi\u0105\u017cki ucz\u0105, bawi\u0105 i pozwalaj\u0105 prze\u017cywa\u0107 wiele emocji. W magiczny \u015bwiat bajek dzieci z grupy niebieskiej przenios\u0142y si\u0119 dzi\u0119ki projektowi edukacyjnemu &#8222;Bajkowa wyprawa&#8221;. Dzieci doskonali\u0142y umiej\u0119tno\u015b\u0107 s\u0142uchania, wykonywania zada\u0144 w skupieniu oraz rozwija\u0142 swoj\u0105 wyobra\u017anie. Wykonywa\u0142y tw\u00f3rcze zadania np. buduj\u0105c wie\u017c\u0119 Roszpunki, czy zaplataj\u0105c jej makaronowy warkocz. Wiele rado\u015bci sprawi\u0142o odkrywanie historii bajkowych bohater\u00f3w na [&hellip;]<\/p>\n","protected":false},"author":2,"featured_media":10468,"comment_status":"closed","ping_status":"open","sticky":false,"template":"","format":"standard","meta":{"footnotes":""},"categories":[45,41,40],"tags":[],"class_list":["post-10464","post","type-post","status-publish","format-standard","has-post-thumbnail","hentry","category-aktualnosci","category-galerie","category-strona-glowna"],"_links":{"self":[{"href":"https:\/\/przylep.edu.pl\/przedszkole\/wp-json\/wp\/v2\/posts\/10464","targetHints":{"allow":["GET"]}}],"collection":[{"href":"https:\/\/przylep.edu.pl\/przedszkole\/wp-json\/wp\/v2\/posts"}],"about":[{"href":"https:\/\/przylep.edu.pl\/przedszkole\/wp-json\/wp\/v2\/types\/post"}],"author":[{"embeddable":true,"href":"https:\/\/przylep.edu.pl\/przedszkole\/wp-json\/wp\/v2\/users\/2"}],"replies":[{"embeddable":true,"href":"https:\/\/przylep.edu.pl\/przedszkole\/wp-json\/wp\/v2\/comments?post=10464"}],"version-history":[{"count":1,"href":"https:\/\/przylep.edu.pl\/przedszkole\/wp-json\/wp\/v2\/posts\/10464\/revisions"}],"predecessor-version":[{"id":10469,"href":"https:\/\/przylep.edu.pl\/przedszkole\/wp-json\/wp\/v2\/posts\/10464\/revisions\/10469"}],"wp:featuredmedia":[{"embeddable":true,"href":"https:\/\/przylep.edu.pl\/przedszkole\/wp-json\/wp\/v2\/media\/10468"}],"wp:attachment":[{"href":"https:\/\/przylep.edu.pl\/przedszkole\/wp-json\/wp\/v2\/media?parent=10464"}],"wp:term":[{"taxonomy":"category","embeddable":true,"href":"https:\/\/przylep.edu.pl\/przedszkole\/wp-json\/wp\/v2\/categories?post=10464"},{"taxonomy":"post_tag","embeddable":true,"href":"https:\/\/przylep.edu.pl\/przedszkole\/wp-json\/wp\/v2\/tags?post=10464"}],"curies":[{"name":"wp","href":"https:\/\/api.w.org\/{rel}","templated":true}]}}