{"id":10455,"date":"2024-06-16T13:19:34","date_gmt":"2024-06-16T11:19:34","guid":{"rendered":"https:\/\/przylep.edu.pl\/przedszkole\/?p=10455"},"modified":"2024-06-16T13:19:36","modified_gmt":"2024-06-16T11:19:36","slug":"misia-adwokatka-z-wizyta-w-przedszkolu","status":"publish","type":"post","link":"https:\/\/przylep.edu.pl\/przedszkole\/2024\/06\/16\/misia-adwokatka-z-wizyta-w-przedszkolu\/","title":{"rendered":"Misia Adwokatka z wizyt\u0105 w przedszkolu"},"content":{"rendered":"\n<p>11 czerwca nasi przedszkolacy do\u0142\u0105czy\u0142y do akcji \u201eBajeczni Adwokaci&#8221;, kt\u00f3ra ma na celu promowanie zawodu adwokata. Podczas spotkania zosta\u0142a przeczytana bajka pt. \u201eMisia Adwokatka, czyli guma do \u017cucia w mrowisku, wysypisko pod hotelikiem i kradzie\u017c jeziora\u201d. Opowiada ona o pracy adwokata i o tym, jak wygl\u0105da rozprawa s\u0105dowa. Wa\u017cny by\u0142 tak\u017ce w\u0105tek ekologiczny, wskazuj\u0105cy na potrzeb\u0119 ochrony przyrody. \u00a0 Ma spotkaniu dzieci mog\u0142y przymierzy\u0107 str\u00f3j adwokata &#8211; tog\u0119. Na koniec spotkania ka\u017cdy uczestnik dosta\u0142 zak\u0142adk\u0119 do ksi\u0105\u017cki oraz kolorowank\u0119.<\/p>\n\n\n\n<figure class=\"wp-block-image size-full\"><img loading=\"lazy\" decoding=\"async\" width=\"960\" height=\"720\" src=\"https:\/\/przylep.edu.pl\/przedszkole\/wp-content\/uploads\/2024\/06\/447883992_1192451508415074_5397067897708582769_n.jpg\" alt=\"\" class=\"wp-image-10456\" srcset=\"https:\/\/przylep.edu.pl\/przedszkole\/wp-content\/uploads\/2024\/06\/447883992_1192451508415074_5397067897708582769_n.jpg 960w, https:\/\/przylep.edu.pl\/przedszkole\/wp-content\/uploads\/2024\/06\/447883992_1192451508415074_5397067897708582769_n-300x225.jpg 300w, https:\/\/przylep.edu.pl\/przedszkole\/wp-content\/uploads\/2024\/06\/447883992_1192451508415074_5397067897708582769_n-768x576.jpg 768w, https:\/\/przylep.edu.pl\/przedszkole\/wp-content\/uploads\/2024\/06\/447883992_1192451508415074_5397067897708582769_n-600x450.jpg 600w\" sizes=\"auto, (max-width: 960px) 100vw, 960px\" \/><\/figure>\n\n\n\n<figure class=\"wp-block-gallery has-nested-images columns-default is-cropped wp-block-gallery-1 is-layout-flex wp-block-gallery-is-layout-flex\">\n<figure class=\"wp-block-image size-large\"><img loading=\"lazy\" decoding=\"async\" width=\"1024\" height=\"768\" data-id=\"10457\" src=\"https:\/\/przylep.edu.pl\/przedszkole\/wp-content\/uploads\/2024\/06\/pobierz-1-1-1024x768.jpg\" alt=\"\" class=\"wp-image-10457\" srcset=\"https:\/\/przylep.edu.pl\/przedszkole\/wp-content\/uploads\/2024\/06\/pobierz-1-1-1024x768.jpg 1024w, https:\/\/przylep.edu.pl\/przedszkole\/wp-content\/uploads\/2024\/06\/pobierz-1-1-300x225.jpg 300w, https:\/\/przylep.edu.pl\/przedszkole\/wp-content\/uploads\/2024\/06\/pobierz-1-1-768x576.jpg 768w, https:\/\/przylep.edu.pl\/przedszkole\/wp-content\/uploads\/2024\/06\/pobierz-1-1-1536x1152.jpg 1536w, https:\/\/przylep.edu.pl\/przedszkole\/wp-content\/uploads\/2024\/06\/pobierz-1-1-600x450.jpg 600w, https:\/\/przylep.edu.pl\/przedszkole\/wp-content\/uploads\/2024\/06\/pobierz-1-1.jpg 2048w\" sizes=\"auto, (max-width: 1024px) 100vw, 1024px\" \/><\/figure>\n<\/figure>\n\n\n\n<figure class=\"wp-block-gallery has-nested-images columns-default is-cropped wp-block-gallery-2 is-layout-flex wp-block-gallery-is-layout-flex\">\n<figure class=\"wp-block-image size-large\"><img loading=\"lazy\" decoding=\"async\" width=\"766\" height=\"1024\" data-id=\"10458\" src=\"https:\/\/przylep.edu.pl\/przedszkole\/wp-content\/uploads\/2024\/06\/446068736_7690867867686708_1847106306336245326_n-766x1024.jpg\" alt=\"\" class=\"wp-image-10458\" srcset=\"https:\/\/przylep.edu.pl\/przedszkole\/wp-content\/uploads\/2024\/06\/446068736_7690867867686708_1847106306336245326_n-766x1024.jpg 766w, https:\/\/przylep.edu.pl\/przedszkole\/wp-content\/uploads\/2024\/06\/446068736_7690867867686708_1847106306336245326_n-224x300.jpg 224w, https:\/\/przylep.edu.pl\/przedszkole\/wp-content\/uploads\/2024\/06\/446068736_7690867867686708_1847106306336245326_n-768x1027.jpg 768w, https:\/\/przylep.edu.pl\/przedszkole\/wp-content\/uploads\/2024\/06\/446068736_7690867867686708_1847106306336245326_n-1149x1536.jpg 1149w, https:\/\/przylep.edu.pl\/przedszkole\/wp-content\/uploads\/2024\/06\/446068736_7690867867686708_1847106306336245326_n.jpg 1496w\" sizes=\"auto, (max-width: 766px) 100vw, 766px\" \/><\/figure>\n\n\n\n<figure class=\"wp-block-image size-large\"><img loading=\"lazy\" decoding=\"async\" width=\"768\" height=\"1024\" data-id=\"10459\" src=\"https:\/\/przylep.edu.pl\/przedszkole\/wp-content\/uploads\/2024\/06\/pobierz-2-1-768x1024.jpg\" alt=\"\" class=\"wp-image-10459\" srcset=\"https:\/\/przylep.edu.pl\/przedszkole\/wp-content\/uploads\/2024\/06\/pobierz-2-1-768x1024.jpg 768w, https:\/\/przylep.edu.pl\/przedszkole\/wp-content\/uploads\/2024\/06\/pobierz-2-1-225x300.jpg 225w, https:\/\/przylep.edu.pl\/przedszkole\/wp-content\/uploads\/2024\/06\/pobierz-2-1-1152x1536.jpg 1152w, https:\/\/przylep.edu.pl\/przedszkole\/wp-content\/uploads\/2024\/06\/pobierz-2-1.jpg 1536w\" sizes=\"auto, (max-width: 768px) 100vw, 768px\" \/><\/figure>\n<\/figure>\n\n\n\n<figure class=\"wp-block-gallery has-nested-images columns-default is-cropped wp-block-gallery-3 is-layout-flex wp-block-gallery-is-layout-flex\">\n<figure class=\"wp-block-image size-large\"><img loading=\"lazy\" decoding=\"async\" width=\"1024\" height=\"768\" data-id=\"10460\" src=\"https:\/\/przylep.edu.pl\/przedszkole\/wp-content\/uploads\/2024\/06\/pobierz-3-1-1024x768.jpg\" alt=\"\" class=\"wp-image-10460\" srcset=\"https:\/\/przylep.edu.pl\/przedszkole\/wp-content\/uploads\/2024\/06\/pobierz-3-1-1024x768.jpg 1024w, https:\/\/przylep.edu.pl\/przedszkole\/wp-content\/uploads\/2024\/06\/pobierz-3-1-300x225.jpg 300w, https:\/\/przylep.edu.pl\/przedszkole\/wp-content\/uploads\/2024\/06\/pobierz-3-1-768x576.jpg 768w, https:\/\/przylep.edu.pl\/przedszkole\/wp-content\/uploads\/2024\/06\/pobierz-3-1-1536x1152.jpg 1536w, https:\/\/przylep.edu.pl\/przedszkole\/wp-content\/uploads\/2024\/06\/pobierz-3-1-600x450.jpg 600w, https:\/\/przylep.edu.pl\/przedszkole\/wp-content\/uploads\/2024\/06\/pobierz-3-1.jpg 2048w\" sizes=\"auto, (max-width: 1024px) 100vw, 1024px\" \/><\/figure>\n<\/figure>\n","protected":false},"excerpt":{"rendered":"<p>11 czerwca nasi przedszkolacy do\u0142\u0105czy\u0142y do akcji \u201eBajeczni Adwokaci&#8221;, kt\u00f3ra ma na celu promowanie zawodu adwokata. Podczas spotkania zosta\u0142a przeczytana bajka pt. \u201eMisia Adwokatka, czyli guma do \u017cucia w mrowisku, wysypisko pod hotelikiem i kradzie\u017c jeziora\u201d. Opowiada ona o pracy adwokata i o tym, jak wygl\u0105da rozprawa s\u0105dowa. Wa\u017cny by\u0142 tak\u017ce w\u0105tek ekologiczny, wskazuj\u0105cy na [&hellip;]<\/p>\n","protected":false},"author":2,"featured_media":10461,"comment_status":"closed","ping_status":"open","sticky":false,"template":"","format":"standard","meta":{"footnotes":""},"categories":[45,41,40],"tags":[],"class_list":["post-10455","post","type-post","status-publish","format-standard","has-post-thumbnail","hentry","category-aktualnosci","category-galerie","category-strona-glowna"],"_links":{"self":[{"href":"https:\/\/przylep.edu.pl\/przedszkole\/wp-json\/wp\/v2\/posts\/10455","targetHints":{"allow":["GET"]}}],"collection":[{"href":"https:\/\/przylep.edu.pl\/przedszkole\/wp-json\/wp\/v2\/posts"}],"about":[{"href":"https:\/\/przylep.edu.pl\/przedszkole\/wp-json\/wp\/v2\/types\/post"}],"author":[{"embeddable":true,"href":"https:\/\/przylep.edu.pl\/przedszkole\/wp-json\/wp\/v2\/users\/2"}],"replies":[{"embeddable":true,"href":"https:\/\/przylep.edu.pl\/przedszkole\/wp-json\/wp\/v2\/comments?post=10455"}],"version-history":[{"count":1,"href":"https:\/\/przylep.edu.pl\/przedszkole\/wp-json\/wp\/v2\/posts\/10455\/revisions"}],"predecessor-version":[{"id":10462,"href":"https:\/\/przylep.edu.pl\/przedszkole\/wp-json\/wp\/v2\/posts\/10455\/revisions\/10462"}],"wp:featuredmedia":[{"embeddable":true,"href":"https:\/\/przylep.edu.pl\/przedszkole\/wp-json\/wp\/v2\/media\/10461"}],"wp:attachment":[{"href":"https:\/\/przylep.edu.pl\/przedszkole\/wp-json\/wp\/v2\/media?parent=10455"}],"wp:term":[{"taxonomy":"category","embeddable":true,"href":"https:\/\/przylep.edu.pl\/przedszkole\/wp-json\/wp\/v2\/categories?post=10455"},{"taxonomy":"post_tag","embeddable":true,"href":"https:\/\/przylep.edu.pl\/przedszkole\/wp-json\/wp\/v2\/tags?post=10455"}],"curies":[{"name":"wp","href":"https:\/\/api.w.org\/{rel}","templated":true}]}}